{"id":68941,"date":"2024-09-29T00:00:00","date_gmt":"2024-09-29T04:00:00","guid":{"rendered":"https:\/\/eldiarioantillano.com\/uno\/?p=68941"},"modified":"2024-09-28T23:27:03","modified_gmt":"2024-09-29T03:27:03","slug":"el-1j4-en-cibao-central","status":"publish","type":"post","link":"https:\/\/eldiarioantillano.com\/uno\/2024\/09\/29\/el-1j4-en-cibao-central\/","title":{"rendered":"El 1J4 en Cibao Central"},"content":{"rendered":"\n<p>ART\u00cdCULO INVITADO<\/p>\n\n\n\n<p>Por Amaurys P\u00e9rez Vargas<\/p>\n\n\n\n<p>En esta entrega presentamos los Comit\u00e9s del 1j4 en la regi\u00f3n del Cibao Central, conformada por las provincias de Monse\u00f1or Nouel, La Vega y Santiago. En esta \u00faltima, solo nos concentramos en la estructura provincial y la de los poblados situados en su periferia. Comit\u00e9 Municipal de Bonao, Monse\u00f1or Noel: Aniana Vargas, presidente; Zoilo Batista Canturrencia, Bienvenido Aquino Pimentel, Mayobanex Vargas, Luisa Sang de la Rosa (China), Juan Jos\u00e9 Javier, Marcelino Vargas J\u00e1quez (chino). Comit\u00e9 Provincial La Vega: Ram\u00f3n A. Rodr\u00edguez (Rodrigote), presidente; Dr. Juan B. Mart\u00ednez, vicepresidente; Jos\u00e9 Peralta Michel, secretario general; Antonio Mirabal, encargado de tesorer\u00eda; Mario Fern\u00e1ndez Mu\u00f1oz, encargado de organizaci\u00f3n; Ing. Ram\u00f3n Jim\u00e9nez (Negrito), Milagros Concepci\u00f3n, Maggy Espaillat, Arturo Romero Mesa y Antonio concepci\u00f3n (Chich\u00ed), vocales. Se\u00f1orita Magaly Rodr\u00edguez y Jos\u00e9 Antonio Rodr\u00edguez, Miembros: Rafael Abreu Abreu, Fernando Salvador Fern\u00e1ndez, Ricardo Lora, Jos\u00e9 Castillo Rodr\u00edguez, Tony Vi\u00f1as y Alexis Castillo S\u00e1nchez.<\/p>\n\n\n\n<p><strong>Juventud Comit\u00e9 Provincial La Vega:<\/strong>&nbsp;Antonio Espaillat M., presidente; Rafael Franco, vicepresidente; Salvador G\u00f3mez, secretario; Augusto Mirabal, tesorero; Dominicano Hern\u00e1ndez, Ricardo Lora, Manolo Valencia, Lu\u00eds Jos\u00e9 Rivas, Rafael Valerio, Jos\u00e9 Ram\u00edrez, Alexis Castillo, Alejandro Rodr\u00edguez y Amado Jim\u00e9nez, vocales. Subcomit\u00e9 secci\u00f3n Arenoso: Luis Aquiles Rodr\u00edguez, presidente; Mar\u00eda Idalia Abreu, vicepresidente; Genio Rodr\u00edguez, secretario general; Estela Guzm\u00e1n Rodr\u00edguez, tesorera. Vocales: Justino Hern\u00e1ndez, Marta Margarita Valdez, Pedro Lorenzo Almo Cabrera, Dante Aligiere Perez, Marcos Rafael Torr Santos. Mauro Oscar Rodr\u00edguez, Dinery Joselita Torres, Juli\u00e1n Apolinar de Rosa, Juan Ernesto Ovalles R., Polonia Vargas, Ramon A. Morales y Arismendi Santana. Jos\u00e9 Peralta secretario.<\/p>\n\n\n\n<p><strong>Comit\u00e9 Municipal Jarabacoa:&nbsp;<\/strong>M\u00e1ximo Vargas, presidente; \u00c1ngel H. So\u00f1\u00e9, secretario general; Benjam\u00edn Levy Garrido, subsecretario general; Jos\u00e9 A. Ram\u00edrez V., de Finanzas; Fernando frez V., subsecretario de finanzas; Rogelio Antonio Genao, secretario de capacitaci\u00f3n; Carmen Mar\u00eda Vi\u00f1a C., subsecretario capacitaci\u00f3n; Franklin Jos\u00e9 Ortiz. secretario de asuntos juveniles; Rafael Ant. Abreu subsecretario de asuntos juveniles; Janee. Veloz, secretario de asuntos laborales; Freddy S\u00e1nchez, subsecretario de asuntos laborales. Dora Guti\u00e9rrez, secretaria de asuntos femeninos; Jos\u00e9 Osiris Genao, secretario de organizaci\u00f3n; Jos\u00e9 Ren\u00e9 Abreu, subsecretario de organizaci\u00f3n. Subcomit\u00e9 Las Yerbas: Bienvenido Tejada Rodr\u00edguez, presidente. Subcomit\u00e9 Secci\u00f3n R\u00edo Verde: Mario Fern\u00e1ndez, delegado.<\/p>\n\n\n\n<p><strong>Comit\u00e9 Provincial de Santiago:<\/strong>&nbsp;Dr. Jos\u00e9 Miguel Diaz Pichardo, presidente; Ing. Rub\u00e9n D\u00edaz Moreno, vicepresidente; Pedro E. Lafontaine, secretario general; Industrial Carlos Aurelio Grisanty Garc\u00eda, tesorero. Vocales: Ing. Jos\u00e9 Luis Manzano Bonilla, Gertrudis Pati\u00f1o de Llenas, Dr. Jos\u00e9 Tallaj, Carmela Pardy de Gonz\u00e1lez, Milton Franco Llenas, Carlos Conrado Bogaert Dom\u00ednguez, Emilia Garc\u00eda Duran(viuda), Rub\u00e9n Alfonso Marte, Estela Guzm\u00e1n Victoria Vda., Miguel Mauricio Luna Estrella. Tambi\u00e9n aparecen Jos\u00e9 Guerra Noel, do\u00f1a Mar\u00eda Grisanty de Alfonso, las se\u00f1oritas Lourdes Grisanty Garc\u00eda, Petruzca Smester, y el compa\u00f1ero Roberto Gonz\u00e1lez F.<\/p>\n\n\n\n<p><strong>Comit\u00e9 Provincial Asociaci\u00f3n Femenina:<\/strong>&nbsp;Carmela Pardi de Gonz\u00e1lez, presidenta; Ana Antonia Castro de Man nano, y Yolanda Grullon de Morel, vicepresidentas; Gertrudis Pati\u00f1o de Llenas, y Colombina, secretarias; Maria Grisanti de Alfonso, tesorera; y Octavia D\u00edaz viuda Alm\u00e1nzar, subtesorera. Se eligi\u00f3 tambi\u00e9n a la se\u00f1ora Lula Ega de Yapur, comisionada de asistencia social; Yanet G. de Ram\u00edrez, comisionada de asuntos pol\u00edtico-sociales; Anadina Cordero, comisionada de relaciones p\u00fablicas; Vidalia de Bogart, comisionada de econom\u00eda y recaudaci\u00f3n fondos; Blanca de Valerio y Carmen Santos, encargadas de subcomit\u00e9s; Rosario Almonte, encargada de equipo de oficinas; Julia M. de Fern\u00e1ndez, encargada de anuncios y suscripciones de peri\u00f3dicos; y Alsacia Pichardo de Franco, encargada de afiliaciones.<\/p>\n\n\n\n<p><strong>Comit\u00e9 de Licey al Medio:<\/strong>&nbsp;Lorenzo Alba, Antonio Ferreira, secretario; estudiantes Pablo Socorro Flores y Antonia Mart\u00ednez Cruz, Vocales. Subcomit\u00e9 Femenino de Licey: Ana G\u00f3mez, presidente; Mar\u00eda Tomasina Poncio, vicepresidente; Bernardita Alba, secretaria; Yolanda de Alba, tesorera; vocales: Consuelo Taveras, Mar\u00eda del Carmen Pichardo, Eduvigis Alba, Rosa Erminia. Altagracia Alba, Bienvenida Alba, Dulce Bret\u00f3n, C\u00e1ndida Alba, Mar\u00eda Oriachi, Carmen Solano y Juanita Oriachi.<\/p>\n\n\n\n<p><strong>Asociaci\u00f3n de Damas Subcomit\u00e9 # 2 de Licey:<\/strong>&nbsp;Nidia Peralta de Candelier, vicepresidenta; Ana Sol\u00eds de L\u00f3pez, tesorera; Vocales Ana Bencosme de Cabrera y Altagracia Cabrera de Reinoso.<\/p>\n\n\n\n<p><strong>Subcomit\u00e9 de Gurabo:&nbsp;<\/strong>Edmundo D\u00edaz, presidente; Evelio Hern\u00e1ndez, vicepresidente; Rub\u00e9n S\u00e1nchez, secretario; Danilo Hern\u00e1ndez, secretario de propaganda, y V\u00edctor M\u00e9ndez, Boanerges M\u00f3rales, Julio de Jes\u00fas Ure\u00f1a, Cipri\u00e1n Rafael Cruz, Jos\u00e9 A. Cruz, Sim\u00f3n Gerardo Polanco, Miguel A. Dom\u00ednguez, Ceferino Polanco, Manuel Enrique Cruz, y Luis Ferm\u00edn S\u00e1nchez, vocales.<\/p>\n\n\n\n<p><strong>Subcomit\u00e9 en el sector Avenida, Duarte (Nivaje):<\/strong>&nbsp;Luis A. B\u00e1ez, presidente; Pablo Almonte, vicepresidente; Rafael Arias, secretario; y Fernando Esteban N\u00fa\u00f1ez, tesorero. Vocales: Felipe A. Franco, Rafael A. Tav\u00e1rez, Andr\u00e9s Fern\u00e1ndez, Julio E. Fern\u00e1ndez, Afilio Gil Rojas, Odalis A. \u00c1lvarez, Alsacio E. B\u00e1ez, Francisco Javier Bojos, Ponciano Morillo y Lamberte. R. Rodr\u00edguez.<\/p>\n\n\n\n<p><strong>Subcomit\u00e9 Villa Gonz\u00e1lez:&nbsp;<\/strong>Pedro Ram\u00f3n Ferm\u00edn, presidente; Argentino Berroa, vicepresidente; Jos\u00e9 Mar\u00eda Guill\u00e9n, secretario; Eufrasio Almonte, tesorero, y Rafael Guill\u00e9n, Manuel Mar\u00eda Ure\u00f1a, Luis Alberto Mera, Vidal Guill\u00e9n, Rafael D\u2019Mesa, Leocadio Pe\u00f1a, Jos\u00e9 Aquino Almonte, Marcos D\u00edaz, C\u00e9sar. Ferm\u00edn y Pedro Jos\u00e9 Boitel, vocales. Subcomit\u00e9 femenino Villa Gonz\u00e1lez: Argentina G\u00f3mez de Silverio, presidenta; Jacinta Silverio, vicepresidenta; Norma V\u00e9lez, tesorera; Ramonita Guill\u00e9n, secretaria, y Julia G\u00f3mez, Hilda V\u00e9lez, Josefina Silverio, Gladys de D\u00edaz, Elena de D\u00edaz, Juliana D\u2019-Mesa, Dulce Mar\u00eda Guill\u00e9n, Belkis de Almonte, Carmen de Guill\u00e9n e Hilda de Berroa, vocales.<\/p>\n\n\n\n<p><strong>Subcomit\u00e9 secci\u00f3n Palmarejo, Villa Gonz\u00e1lez:<\/strong>&nbsp;Tulio Toribio Ferm\u00edn, presidente; Vinicio L. Almonte, vicepresidente; Ernesto Infante, secretario; Alfonso D\u00edaz, tesorero, y Jos\u00e9 Antonio Reyes, Carlos Juan Rosa, Leonardo Gor\u00eds, Enrique Llarch, Julio L. Silverio, Alfonso Mar\u00eda Reyes, Ulises E. Guill\u00e9n, Fabio A. L\u00f3pez, Ger\u00f3nimo Ventura, Juan Hiraldo, Juan Mar\u00eda Sosa, Rafael Antonio Hiraldo, Arqu\u00edmedes Sosa, Jos\u00e9 Abraham Sosa, Julio. M. N\u00fa\u00f1ez, Jos\u00e9 Abelardo Sosa, Daniel Mart\u00ednez, Parmenio R. Mart\u00ednez, Sergio P\u00e9rez, Francisco Ventura G., F\u00e9lix Sosa, Jos\u00e9 R. Almonte, Daniel \u00c1lvarez, Alfonso Roberto Reyes y Pedro R. Almonte, vocales.<\/p>\n\n\n\n<p><strong>Subcomit\u00e9 \u201cTerritorio libre de Dajab\u00f3n\u201d de Tamboril:<\/strong>&nbsp;Rodolfo Rodr\u00edguez, presidente; Jos\u00e9 Portes, vicepresidente; Anastasio Jim\u00e9nez, secretario; Arismendi Espinal, secretario de propaganda; Argelia Espinal, tesorera y Grisolio Santana, Carmen L. Espinal, Tom\u00e1s Reyes, Evaticina Rodr\u00edguez, Antonio Rodr\u00edguez, Bernarda Polanco, Andr\u00e9s Rosario (Persio), Grisolina Veras y Danilo Rosario, vocales.<\/p>\n\n\n\n<p>Reproducido de Hoy.com.do<\/p>\n","protected":false},"excerpt":{"rendered":"<p>ART\u00cdCULO INVITADO Por Amaurys P\u00e9rez Vargas En esta entrega presentamos los Comit\u00e9s del 1j4 en&hellip;<\/p>\n","protected":false},"author":2,"featured_media":68932,"comment_status":"open","ping_status":"open","sticky":false,"template":"","format":"standard","meta":{"footnotes":""},"categories":[66,55],"tags":[],"class_list":["post-68941","post","type-post","status-publish","format-standard","has-post-thumbnail","hentry","category-articulo-invitado","category-nacionales"],"_links":{"self":[{"href":"https:\/\/eldiarioantillano.com\/uno\/wp-json\/wp\/v2\/posts\/68941","targetHints":{"allow":["GET"]}}],"collection":[{"href":"https:\/\/eldiarioantillano.com\/uno\/wp-json\/wp\/v2\/posts"}],"about":[{"href":"https:\/\/eldiarioantillano.com\/uno\/wp-json\/wp\/v2\/types\/post"}],"author":[{"embeddable":true,"href":"https:\/\/eldiarioantillano.com\/uno\/wp-json\/wp\/v2\/users\/2"}],"replies":[{"embeddable":true,"href":"https:\/\/eldiarioantillano.com\/uno\/wp-json\/wp\/v2\/comments?post=68941"}],"version-history":[{"count":1,"href":"https:\/\/eldiarioantillano.com\/uno\/wp-json\/wp\/v2\/posts\/68941\/revisions"}],"predecessor-version":[{"id":68942,"href":"https:\/\/eldiarioantillano.com\/uno\/wp-json\/wp\/v2\/posts\/68941\/revisions\/68942"}],"wp:featuredmedia":[{"embeddable":true,"href":"https:\/\/eldiarioantillano.com\/uno\/wp-json\/wp\/v2\/media\/68932"}],"wp:attachment":[{"href":"https:\/\/eldiarioantillano.com\/uno\/wp-json\/wp\/v2\/media?parent=68941"}],"wp:term":[{"taxonomy":"category","embeddable":true,"href":"https:\/\/eldiarioantillano.com\/uno\/wp-json\/wp\/v2\/categories?post=68941"},{"taxonomy":"post_tag","embeddable":true,"href":"https:\/\/eldiarioantillano.com\/uno\/wp-json\/wp\/v2\/tags?post=68941"}],"curies":[{"name":"wp","href":"https:\/\/api.w.org\/{rel}","templated":true}]}}