{"id":68926,"date":"2024-09-28T00:55:03","date_gmt":"2024-09-28T04:55:03","guid":{"rendered":"https:\/\/eldiarioantillano.com\/uno\/?p=68926"},"modified":"2024-09-28T01:09:25","modified_gmt":"2024-09-28T05:09:25","slug":"jugando-con-candela","status":"publish","type":"post","link":"https:\/\/eldiarioantillano.com\/uno\/2024\/09\/28\/jugando-con-candela\/","title":{"rendered":"Jugando con candela"},"content":{"rendered":"\n<p>Por N\u00c9STOR EST\u00c9VEZ<\/p>\n\n\n\n<p>Mientras se est\u00e1 jugando con candela todo parece muy divertido. Pero cuando surgen las dificultades entonces la diversi\u00f3n puede convertirse en todo lo contrario.<\/p>\n\n\n\n<p>De hecho, el propio saber popular cuenta con muchas advertencias a quienes juegan con fuego. Entre esas advertencias, las hay con clara alusi\u00f3n al fuego; pero tambi\u00e9n las hay en lenguaje figurado, con aplicaci\u00f3n para una amplia diversidad de actividades humanas.<\/p>\n\n\n\n<p>Y aunque existan muchos mecanismos de distracci\u00f3n, desde hace mucho tiempo se viene jugando con fuego en relaci\u00f3n con la paz. El Secretario General de Naciones Unidas acaba de expresar que \u201cel estado de nuestro mundo es insostenible\u201d. Y eso se debe a un tr\u00edo, referido por Ant\u00f3nio Guterres, que funciona a modo de alianza para el mal: impunidad, desigualdad e incertidumbre.<\/p>\n\n\n\n<p>Como se habr\u00e1 de recordar, gente que intent\u00f3 imponerse por la fuerza puso al mundo en grave peligro. Como modo de contener a esa gente se acogi\u00f3 la idea de la unidad. Eso se convirti\u00f3 en germen para que surgiera la Organizaci\u00f3n de las Naciones Unidas, como expresi\u00f3n de un orden mundial basado en la paz y en la igualdad soberana de los Estados.<\/p>\n\n\n\n<p>Ya sabemos que su seno ha servido para escuchar a Ch\u00e1vez diciendo \u201caqu\u00ed estuvo el diablo\u201d, para ver a Bukele tom\u00e1ndose una \u201cselfie\u201d, para ver a Nikita Khrushchev blandiendo un zapato desde el podio, entre otras manifestaciones singulares.<\/p>\n\n\n\n<p>Pero tambi\u00e9n hemos de saber que solo en la medida en que logremos entendernos por medios civilizados ser\u00e1 posible mantener la imprescindible seguridad que se necesita para el avance, a menos que se siga apelando al \u201cteatro\u201d y apostando a que otros \u201cpaguen los platos rotos\u201d.<\/p>\n\n\n\n<p>El denominado \u201cPacto para el Futuro\u201d adoptado por los 193 Estados miembros de la ONU incluye llamados a la acci\u00f3n ante desaf\u00edos como el mantenimiento de la paz, el cambio clim\u00e1tico y las potenciales amenazas de la inteligencia artificial (IA).<\/p>\n\n\n\n<p>La aspiraci\u00f3n es que realmente se logre recorrer \u201cel trecho entre el dicho y el hecho\u201d. Pero a juzgar por la experiencia con los \u201cObjetivos del Milenio\u201d y hasta con los vigentes \u201cODS\u201d, una cosa ha sido el discurso verbal y escrito, y otra ha sido el de las acciones.<\/p>\n\n\n\n<p>Definici\u00f3n clara de objetivos y prioridades no ha faltado. Y entonces, \u00bfhabr\u00e1 faltado priorizaci\u00f3n con real inclusi\u00f3n? A la hora de pasar balance, \u00bfhemos medido la integraci\u00f3n de los gobiernos en sus distintos niveles (nacional, regional y local), el sector privado, organizaciones no gubernamentales (ONG), la academia y la sociedad civil?<\/p>\n\n\n\n<p>Como se ha explicado muchas veces, el enfoque participativo no solo mejora la calidad de las pol\u00edticas, sino que tambi\u00e9n fortalece la legitimidad democr\u00e1tica del proceso. Seg\u00fan Hajer y Wagenaar (2003), la gobernanza colaborativa facilita la integraci\u00f3n de diferentes perspectivas, lo que enriquece el dise\u00f1o de las pol\u00edticas y aumenta las posibilidades de \u00e9xito en su implementaci\u00f3n.<\/p>\n\n\n\n<p>En tiempos de tantas pr\u00e1cticas mesi\u00e1nicas, quiz\u00e1s convenga recordar que es la colaboraci\u00f3n con actores locales lo que permite adaptar las pol\u00edticas a las realidades concretas de las comunidades, y eso reduce el riesgo de fallos en su aplicaci\u00f3n.<\/p>\n\n\n\n<p>Est\u00e1 explicado desde el siglo pasado, pero \u201cno hay peor sordo que quien no quiere escuchar\u201d ni \u201cpeor ciego que quien no quiere ver\u201d. La falta de comunicaci\u00f3n y cooperaci\u00f3n entre ministerios y otras dependencias gubernamentales suele generar duplicidad de esfuerzos, desperdicio de recursos y pol\u00edticas contradictorias. Pero ciertos egos, las denominadas \u201cislas de poder\u201d y hasta aquello de que \u201ccada quien aplica su librito\u201d tiran por la borda much\u00edsimas iniciativas.<\/p>\n\n\n\n<p>Finalmente, al momento de comunicar desde el Estado, \u00bfnos empe\u00f1amos en \u201cque el jefe quede bien\u201d o en dar a conocer las pol\u00edticas de manera que otros sectores puedan involucrarse? Ojal\u00e1 se logre entender las ventajas de que las personas comprendan qu\u00e9 implican las pol\u00edticas, c\u00f3mo les afectar\u00e1n y c\u00f3mo pueden participar en su implementaci\u00f3n. La falta de una comunicaci\u00f3n clara suele generar desconfianza, resistencia e incluso el fracaso de muchas pol\u00edticas bien dise\u00f1adas.<\/p>\n\n\n\n<p>Los mal llamados l\u00edderes, \u00bfno entender\u00e1n eso? \u00bfContinuar\u00e1n apelando al entretenimiento? \u00bfSeguir\u00e1n confiando en que otros \u201cpaguen los platos rotos\u201d? \u00bfPretender\u00e1n seguir \u201cjugando con candela\u201d? Conf\u00edo en que todav\u00eda estemos a tiempo.<\/p>\n","protected":false},"excerpt":{"rendered":"<p>Por N\u00c9STOR EST\u00c9VEZ Mientras se est\u00e1 jugando con candela todo parece muy divertido. Pero cuando&hellip;<\/p>\n","protected":false},"author":2,"featured_media":66757,"comment_status":"open","ping_status":"open","sticky":false,"template":"","format":"standard","meta":{"footnotes":""},"categories":[55,143,51],"tags":[],"class_list":["post-68926","post","type-post","status-publish","format-standard","has-post-thumbnail","hentry","category-nacionales","category-nestor-estevez","category-opinion"],"_links":{"self":[{"href":"https:\/\/eldiarioantillano.com\/uno\/wp-json\/wp\/v2\/posts\/68926","targetHints":{"allow":["GET"]}}],"collection":[{"href":"https:\/\/eldiarioantillano.com\/uno\/wp-json\/wp\/v2\/posts"}],"about":[{"href":"https:\/\/eldiarioantillano.com\/uno\/wp-json\/wp\/v2\/types\/post"}],"author":[{"embeddable":true,"href":"https:\/\/eldiarioantillano.com\/uno\/wp-json\/wp\/v2\/users\/2"}],"replies":[{"embeddable":true,"href":"https:\/\/eldiarioantillano.com\/uno\/wp-json\/wp\/v2\/comments?post=68926"}],"version-history":[{"count":1,"href":"https:\/\/eldiarioantillano.com\/uno\/wp-json\/wp\/v2\/posts\/68926\/revisions"}],"predecessor-version":[{"id":68927,"href":"https:\/\/eldiarioantillano.com\/uno\/wp-json\/wp\/v2\/posts\/68926\/revisions\/68927"}],"wp:featuredmedia":[{"embeddable":true,"href":"https:\/\/eldiarioantillano.com\/uno\/wp-json\/wp\/v2\/media\/66757"}],"wp:attachment":[{"href":"https:\/\/eldiarioantillano.com\/uno\/wp-json\/wp\/v2\/media?parent=68926"}],"wp:term":[{"taxonomy":"category","embeddable":true,"href":"https:\/\/eldiarioantillano.com\/uno\/wp-json\/wp\/v2\/categories?post=68926"},{"taxonomy":"post_tag","embeddable":true,"href":"https:\/\/eldiarioantillano.com\/uno\/wp-json\/wp\/v2\/tags?post=68926"}],"curies":[{"name":"wp","href":"https:\/\/api.w.org\/{rel}","templated":true}]}}