{"id":68873,"date":"2024-09-25T00:00:00","date_gmt":"2024-09-25T04:00:00","guid":{"rendered":"https:\/\/eldiarioantillano.com\/uno\/?p=68873"},"modified":"2024-09-24T14:02:58","modified_gmt":"2024-09-24T18:02:58","slug":"depresion-y-alcohol","status":"publish","type":"post","link":"https:\/\/eldiarioantillano.com\/uno\/2024\/09\/25\/depresion-y-alcohol\/","title":{"rendered":"Depresi\u00f3n y alcohol"},"content":{"rendered":"\n<p>Por ANULFO MATEO PEREZ<\/p>\n\n\n\n<p>Seg\u00fan la Organizaci\u00f3n Mundial de la Salud (OMS) cerca de 450 millones de personas sufren trastornos mentales con una prevalencia similar en hombres y mujeres, con excepci\u00f3n de la depresi\u00f3n, que es m\u00e1s frecuente en mujeres, y el abuso de sustancias, que es m\u00e1s com\u00fan en los hombres.<\/p>\n\n\n\n<p>La ingesti\u00f3n abusiva de alcohol con frecuencia conduce al desempleo, traumas psicol\u00f3gicos a su pareja, a sus v\u00e1stagos, a conflictos legales y al divorcio, lo cual se asocia a la depresi\u00f3n cr\u00f3nica y al suicidio.<\/p>\n\n\n\n<p>Es com\u00fan que la depresi\u00f3n profunda o la fase man\u00edaca, que observamos en el trastorno bipolar, est\u00e9 estrechamente vinculada a la ingesti\u00f3n et\u00edlica, que en un alto porcentaje se presenta asociada a esta pr\u00e1ctica.<\/p>\n\n\n\n<p>Todas las formas de depresi\u00f3n deben ser tenidas en cuenta cuando se piensa en evitar las reca\u00eddas de estos pacientes adictos, su posible complicaci\u00f3n de este padecimiento, las autolesiones y la muerte.<br>El 36 % de los pacientes alcoh\u00f3licos sufren depresi\u00f3n como comorbilidad, en ocasiones inducidos por la ingesti\u00f3n alcoh\u00f3lica. El 18% de los suicidios que se cometen en el mundo se debe a la ingesti\u00f3n de alcohol.<\/p>\n\n\n\n<p>Es frecuente que el alcoh\u00f3lico se deprima y se sienta culpable por las p\u00e9rdidas afectivas, familiares, laborales, sociales, econ\u00f3micas\u2026 que su adicci\u00f3n le provoca, lo cual lo lleva a aumentar el consumo et\u00edlico.<\/p>\n\n\n\n<p>\u00bfPor qu\u00e9 sucede esta situaci\u00f3n? El paciente trata de \u201cahogar las penas\u201d con el alcohol, consiguiendo resultados opuestos, porque la embriaguez y todo lo que conlleva esta, le genera nuevas culpas y mayor depresi\u00f3n.<\/p>\n\n\n\n<p>Hay que significar que la comorbilidad de alcoholismo y depresi\u00f3n es m\u00e1s frecuente en la mujer que en el hombre, y que el paciente depresivo tiene m\u00e1s reca\u00eddas de su enfermedad que otros bebedores.<\/p>\n","protected":false},"excerpt":{"rendered":"<p>Por ANULFO MATEO PEREZ Seg\u00fan la Organizaci\u00f3n Mundial de la Salud (OMS) cerca de 450&hellip;<\/p>\n","protected":false},"author":2,"featured_media":64779,"comment_status":"open","ping_status":"open","sticky":false,"template":"","format":"standard","meta":{"footnotes":""},"categories":[54,51],"tags":[],"class_list":["post-68873","post","type-post","status-publish","format-standard","has-post-thumbnail","hentry","category-anulfo-mateo","category-opinion"],"_links":{"self":[{"href":"https:\/\/eldiarioantillano.com\/uno\/wp-json\/wp\/v2\/posts\/68873","targetHints":{"allow":["GET"]}}],"collection":[{"href":"https:\/\/eldiarioantillano.com\/uno\/wp-json\/wp\/v2\/posts"}],"about":[{"href":"https:\/\/eldiarioantillano.com\/uno\/wp-json\/wp\/v2\/types\/post"}],"author":[{"embeddable":true,"href":"https:\/\/eldiarioantillano.com\/uno\/wp-json\/wp\/v2\/users\/2"}],"replies":[{"embeddable":true,"href":"https:\/\/eldiarioantillano.com\/uno\/wp-json\/wp\/v2\/comments?post=68873"}],"version-history":[{"count":1,"href":"https:\/\/eldiarioantillano.com\/uno\/wp-json\/wp\/v2\/posts\/68873\/revisions"}],"predecessor-version":[{"id":68874,"href":"https:\/\/eldiarioantillano.com\/uno\/wp-json\/wp\/v2\/posts\/68873\/revisions\/68874"}],"wp:featuredmedia":[{"embeddable":true,"href":"https:\/\/eldiarioantillano.com\/uno\/wp-json\/wp\/v2\/media\/64779"}],"wp:attachment":[{"href":"https:\/\/eldiarioantillano.com\/uno\/wp-json\/wp\/v2\/media?parent=68873"}],"wp:term":[{"taxonomy":"category","embeddable":true,"href":"https:\/\/eldiarioantillano.com\/uno\/wp-json\/wp\/v2\/categories?post=68873"},{"taxonomy":"post_tag","embeddable":true,"href":"https:\/\/eldiarioantillano.com\/uno\/wp-json\/wp\/v2\/tags?post=68873"}],"curies":[{"name":"wp","href":"https:\/\/api.w.org\/{rel}","templated":true}]}}