{"id":68859,"date":"2024-09-24T00:01:00","date_gmt":"2024-09-24T04:01:00","guid":{"rendered":"https:\/\/eldiarioantillano.com\/uno\/?p=68859"},"modified":"2024-09-23T17:32:03","modified_gmt":"2024-09-23T21:32:03","slug":"feria-del-libro-2024-rendira-homenaje-al-escritor-mateo-morrison","status":"publish","type":"post","link":"https:\/\/eldiarioantillano.com\/uno\/2024\/09\/24\/feria-del-libro-2024-rendira-homenaje-al-escritor-mateo-morrison\/","title":{"rendered":"Feria del Libro 2024 rendir\u00e1 homenaje al escritor Mateo Morrison"},"content":{"rendered":"\n<p>Santo Domingo.\u2013 El poeta, ensayista y abogado\u00a0Mateo Morrison\u00a0ser\u00e1 el escritor homenajeado en la\u00a0Feria Internacional del Libro Santo Domingo 2024, que se celebrar\u00e1 del 7 al 17 de noviembre en la Plaza de la Cultura Juan Pablo Duarte.<\/p>\n\n\n\n<p>Con el\u00a0lema \u201cLos libros conectan\u201d, el acontecimiento literario m\u00e1s importante de la Rep\u00fablica Dominicana cuenta este a\u00f1o con\u00a0Washington Heights como comunidad invitada\u00a0y ofrecer\u00e1 un programa con\u00a0m\u00e1s de 500 actividades\u00a0para el disfrute del p\u00fablico en general.<\/p>\n\n\n\n<p>Cabe destacar que el reconocimiento a Morrison le ha sido otorgado por su\u00a0vasta y prol\u00edfica carrera en el \u00e1mbito de las letras nacionales, as\u00ed como ser el fundador de importantes agrupaciones y encuentros literarios, adem\u00e1s de su dilatada trayectoria de\u00a0m\u00e1s de cinco d\u00e9cadas\u00a0en el \u00e1rea de la\u00a0animaci\u00f3n sociocultural.<\/p>\n\n\n\n<p>La dedicatoria al autor de \u201cEl abrazo de las sombras\u201d fue anunciada por la ministra de Cultura,\u00a0Milagros Germ\u00e1n, en presencia del homenajeado, durante la\u00a0rueda de prensa\u00a0realizada para ofrecer los detalles de la feria, que tuvo lugar en el Museo Nacional de Historia y Geograf\u00eda.<\/p>\n\n\n\n<p>La funcionaria aprovech\u00f3 la ocasi\u00f3n para destacar los m\u00e9ritos de este gran intelectual, quien es, adem\u00e1s, el\u00a0primer dominicano egresado de un posgrado en Administraci\u00f3n Cultural, t\u00edtulo obtenido en el Centro Latinoamericano y del Caribe para el Desarrollo Cultural.\u00a0\u00a0<\/p>\n\n\n\n<p>Por su parte, Morrison manifest\u00f3 sentirse feliz por la distinci\u00f3n, y en unas breves palabras agradeci\u00f3 a las autoridades por hab\u00e9rsele otorgado\u00a0uno de los reconocimientos m\u00e1s importantes\u00a0con que se honra a los\u00a0cultivadores de las letras\u00a0en la Rep\u00fablica Dominicana.<\/p>\n\n\n\n<p><strong>Pabell\u00f3n en su honor en la FIL<\/strong><\/p>\n\n\n\n<p>Para exaltar la obra del autor de \u201cCultura y literatura\u201d, as\u00ed como para rendir tributo a su figura, se ha preparado un\u00a0pabell\u00f3n que portar\u00e1 su nombre, ubicado en el Museo Nacional de Historia y Geograf\u00eda, donde los asistentes podr\u00e1n conocer de cerca toda la trayectoria literaria del homenajeado.<\/p>\n\n\n\n<p>En este espacio se estar\u00e1n desarrollando, adem\u00e1s, distintas actividades culturales, como\u00a0conversatorios, visitas guiadas, talleres literarios y de pintura creativa, recitales y paneles, entre otras.<\/p>\n\n\n\n<p><strong>Sobre el autor homenajeado<\/strong><\/p>\n\n\n\n<p>Mateo Morrison es poeta, ensayista y abogado. Recibi\u00f3 la distinci\u00f3n Salom\u00e9 Ure\u00f1a de Henr\u00edquez, otorgada por la entonces Secretar\u00eda de Estado de Educaci\u00f3n, y, asimismo, fue distinguido por la C\u00e1mara de Diputados por su labor cultural.\u00a0Su obra y trayectoria han sido reconocidas en m\u00e1s de 10 ferias del libro, tanto a nivel nacional como internacional.<\/p>\n\n\n\n<p>Es miembro del Colegio Dominicano de Periodistas, de la Uni\u00f3n de Escritores Dominicanos y del Colegio de Abogados de la Rep\u00fablica Dominicana. Dirigi\u00f3 el Departamento de Cultura de la UASD por 22 a\u00f1os, donde coordin\u00f3 el Encuentro Internacional de Escritores Pablo Neruda, los Jueves de la Cultura y los Domingos Culturales, entre otros importantes eventos.<\/p>\n\n\n\n<p>Morrison cre\u00f3 y dirigi\u00f3 la revista \u201cExtensi\u00f3n\u201d de la UASD, y fund\u00f3 el Taller Literario C\u00e9sar Vallejo. Adem\u00e1s, ha sido director de Formaci\u00f3n y Cooperaci\u00f3n T\u00e9cnica del Consejo Presidencial de Cultura y presidente de esta entidad en su \u00faltima etapa.<\/p>\n\n\n\n<p>Creada la Secretar\u00eda de Estado de Cultura, fue director general de Formaci\u00f3n y Capacitaci\u00f3n, secretario ejecutivo del Consejo Nacional de Cultura, consultor cultural del secretario de Estado de Cultura y viceministro de Cultura.\u00a0 Su obra literaria ha sido traducida a\u00a0ocho idiomas, y entre sus t\u00edtulos destacan \u201cAniversario del dolor\u201d, \u201cSi la casa se llena de sombras\u201d, \u201cDif\u00edcil equilibrio\u201d y \u201cLa tempestad del silencio\u201d.<\/p>\n","protected":false},"excerpt":{"rendered":"<p>Santo Domingo.\u2013 El poeta, ensayista y abogado\u00a0Mateo Morrison\u00a0ser\u00e1 el escritor homenajeado en la\u00a0Feria Internacional del&hellip;<\/p>\n","protected":false},"author":2,"featured_media":68860,"comment_status":"open","ping_status":"open","sticky":false,"template":"","format":"standard","meta":{"footnotes":""},"categories":[63,55],"tags":[],"class_list":["post-68859","post","type-post","status-publish","format-standard","has-post-thumbnail","hentry","category-cultura","category-nacionales"],"_links":{"self":[{"href":"https:\/\/eldiarioantillano.com\/uno\/wp-json\/wp\/v2\/posts\/68859","targetHints":{"allow":["GET"]}}],"collection":[{"href":"https:\/\/eldiarioantillano.com\/uno\/wp-json\/wp\/v2\/posts"}],"about":[{"href":"https:\/\/eldiarioantillano.com\/uno\/wp-json\/wp\/v2\/types\/post"}],"author":[{"embeddable":true,"href":"https:\/\/eldiarioantillano.com\/uno\/wp-json\/wp\/v2\/users\/2"}],"replies":[{"embeddable":true,"href":"https:\/\/eldiarioantillano.com\/uno\/wp-json\/wp\/v2\/comments?post=68859"}],"version-history":[{"count":1,"href":"https:\/\/eldiarioantillano.com\/uno\/wp-json\/wp\/v2\/posts\/68859\/revisions"}],"predecessor-version":[{"id":68861,"href":"https:\/\/eldiarioantillano.com\/uno\/wp-json\/wp\/v2\/posts\/68859\/revisions\/68861"}],"wp:featuredmedia":[{"embeddable":true,"href":"https:\/\/eldiarioantillano.com\/uno\/wp-json\/wp\/v2\/media\/68860"}],"wp:attachment":[{"href":"https:\/\/eldiarioantillano.com\/uno\/wp-json\/wp\/v2\/media?parent=68859"}],"wp:term":[{"taxonomy":"category","embeddable":true,"href":"https:\/\/eldiarioantillano.com\/uno\/wp-json\/wp\/v2\/categories?post=68859"},{"taxonomy":"post_tag","embeddable":true,"href":"https:\/\/eldiarioantillano.com\/uno\/wp-json\/wp\/v2\/tags?post=68859"}],"curies":[{"name":"wp","href":"https:\/\/api.w.org\/{rel}","templated":true}]}}