{"id":68847,"date":"2024-09-23T00:00:00","date_gmt":"2024-09-23T04:00:00","guid":{"rendered":"https:\/\/eldiarioantillano.com\/uno\/?p=68847"},"modified":"2024-09-22T21:28:33","modified_gmt":"2024-09-23T01:28:33","slug":"gaza-y-la-rabina-rebelde","status":"publish","type":"post","link":"https:\/\/eldiarioantillano.com\/uno\/2024\/09\/23\/gaza-y-la-rabina-rebelde\/","title":{"rendered":"Gaza y la rabina rebelde"},"content":{"rendered":"\n<p>Por ESTHER HERN\u00c1NDEZ MEDINA<\/p>\n\n\n\n<p class=\"has-text-align-right\"><em>Es precisamente por mi amor y conexi\u00f3n con mi familia jud\u00eda\u2026 que puedo sentirme identificada<\/em><br><em> con el anhelo de tener un hogar y la angustia que expresa la comunidad palestina<\/em>. <br>Rabina Sharon Brous<\/p>\n\n\n\n<p>Nunca hab\u00eda estado en un Bar Mitzvah, la celebraci\u00f3n del paso a la vida adulta de los j\u00f3venes en la tradici\u00f3n jud\u00eda. Hace unos a\u00f1os pude ver el equivalente para las j\u00f3venes jud\u00edas, el Bat Mitzvah, cuando Maya, la hija de una pareja muy querida de amigos en Los \u00c1ngeles tuvo la suya. Pero como la ceremonia fue durante la pandemia, la mayor\u00eda de familiares y amistades la vimos en l\u00ednea mientras que la familia m\u00e1s cercana estuvo con ella en persona. Cuatro a\u00f1os m\u00e1s tarde tuve el honor de ver este ritual tan importante en vivo cuando el s\u00e1bado pasado Benj, el hermano menor de Maya, tuvo su Bar Mitzvah.<\/p>\n\n\n\n<p>La ceremonia tuvo lugar en la comunidad jud\u00eda Ikar a la que pertenecen Maya, Benj y su mam\u00e1 y su pap\u00e1 Ali y Michael. Conozco a Ali y a Michael desde que eran novios cuando Ali estudiaba junto conmigo en la Escuela Kennedy de Gobierno de Harvard hace m\u00e1s de 20 a\u00f1os. Compartimos muchos momentos de estr\u00e9s y de alegr\u00eda en Boston y despu\u00e9s de la maestr\u00eda cuando se quedaron un tiempo m\u00e1s para que Michael hiciera el mismo programa y yo empezaba mi doctorado en Providence, a una hora de Boston. Todas las personas que les conocen dicen lo mismo que les voy a decir sobre Ali y Michael: que son dos seres humanos hermosos por dentro y por fuera, generosos, alegres y solidarios. Tanto as\u00ed que cuando nos reencontramos en Los \u00c1ngeles acabando yo de mudarme a California hablamos sin parar como si el tiempo no hubiera pasado y nos hubi\u00e9ramos visto el d\u00eda anterior.<\/p>\n\n\n\n<p>Pero el tiempo s\u00ed pas\u00f3 y me regal\u00f3, adem\u00e1s de la amistad de Ali y Michael, las sonrisas y la chuler\u00eda que son Maya y Benj. Por eso me sent\u00ed tan honrada cuando la familia me invit\u00f3 a ambas ceremonias porque s\u00e9 lo importantes que son. En Boston ya hab\u00eda estado en otras ceremonias jud\u00edas, incluyendo la que hacen en honor de mi tocaya, la reina Esther, en las casas de otras amistades de la Kennedy. Esas celebraciones \u00edntimas siempre me parecieron fascinantes y hermosas y tambi\u00e9n he aprendido de Bonnie, otra amiga jud\u00eda muy querida, a quien conoc\u00ed durante los tres a\u00f1os que viv\u00ed en Nueva York y con quien me quedaba cada vez que iba de visita a la ciudad. (Ya no lo hago porque ella y su esposo Gray se mudaron a Baltimore. Si no, todav\u00eda los estar\u00eda molestando).<\/p>\n\n\n\n<p>A diferencia de las ceremonias caseras en las que estuve, el Bat y el Bar Mitzvah son celebraciones de toda la comunidad jud\u00eda. Y me encant\u00f3 poder estar en una de ellas. Me emocion\u00e9, re\u00ed y llor\u00e9 viendo a Benj recibir tanto amor de su congregaci\u00f3n durante esas dos horas y media. Decid\u00ed no intentar seguir las lecturas de la Tor\u00e1, el libro sagrado jud\u00edo que abarca los primeros cinco libros del Antiguo Testamento, porque estaba muy cansada. Y es que a\u00fan en una comunidad jud\u00eda progresista y abierta como Ikar se nota el nivel de detalle de cada paso y la historia de varios milenios que cada s\u00edmbolo tiene detr\u00e1s. Lo que hice fue concentrarme en las canciones y la m\u00fasica y en celebrar junto con los cientos de personas que est\u00e1bamos ah\u00ed la entrada de Benj en la vida adulta. De vez en cuando cerraba los ojos para dejarme llevar por la belleza de las voces cantando. Y cuando le tocaba a Benj leer de la Tor\u00e1 o dirigirse al p\u00fablico me empinaba un poco m\u00e1s (igual que en la misa en esos momentos hay que ponerse de pie) para poder verlo sonriente y feliz.<\/p>\n\n\n\n<p>En otros momentos me pon\u00eda a observar a la gente a mi alrededor tratando de disimular mi curiosidad eterna de soci\u00f3loga. Pude comprobar que, tal y como nos hab\u00edan dicho Ali y Michael, Ikar es una comunidad jud\u00eda singular. Hab\u00eda personas de todas las edades vestidas de todas las maneras: desde vestidos y sacos hasta sandalias y jeans. Pero lo que m\u00e1s me llam\u00f3 la atenci\u00f3n fue que es una comunidad vibrante y amorosa. El soci\u00f3logo Emilio Durkheim, famoso por estudiar la cohesi\u00f3n social y las religiones, habr\u00eda estado orgulloso. El sal\u00f3n conten\u00eda centenares de personas pero todo el mundo parec\u00eda conocerse. Se saludaban con abrazos desde las abuelas m\u00e1s ancianas hasta los ni\u00f1os peque\u00f1os pasando por las amigas adolescentes. Se sent\u00eda una vibra dulce que me mantuvo alegre toda la ma\u00f1ana. Aunque no oyera las palabras, entend\u00eda la energ\u00eda contagiosa con la que se regalaban.<\/p>\n\n\n\n<p>Adem\u00e1s de los momentos en los que habl\u00f3 Benj con la inteligencia y bondad que lo caracterizan, lo que m\u00e1s me conmovi\u00f3 fue el serm\u00f3n de la rabina fundadora y l\u00edder de Ikar&nbsp;<a href=\"https:\/\/ikar.org\/rabbi-sharon-brous\/\">Sharon Brous<\/a>. Brous es toda una figura p\u00fablica en Estados Unidos pero da trabajo recordarlo cuando se la ve vestida de manera sencilla y hablando tan cercana a todo el mundo. De hecho, las publicaciones Newsweek\/Daily Beast la ubican en el primer lugar del ranking de rabinos y rabinas o l\u00edderes religiosos jud\u00edos m\u00e1s influyentes de Estados Unidos. Cuando empez\u00f3 a hablar fue que record\u00e9 lo impresionada que hab\u00eda estado con su serm\u00f3n durante el Bat Mitzvah de Maya cuatro a\u00f1os antes. Tambi\u00e9n record\u00e9 una conversaci\u00f3n que tuvimos en el chat de mi promoci\u00f3n de Harvard en la que Aviva, otra amiga querida de la Kennedy, se declar\u00f3 fan de la rabina y nos comparti\u00f3 varios de sus textos incluyendo algunos de sus art\u00edculos en el New York Times.<\/p>\n\n\n\n<p>Brous es una l\u00edder religiosa famosa a nivel nacional por sus valores progresistas y por eso ha sido invitada a presidir varios servicios religiosos durante las administraciones de Obama y de Biden. Por ejemplo, reci\u00e9n el a\u00f1o pasado estuvo junto con la vicepresidenta Kamala Harris y su esposo, Doug Emhoff, la primera persona jud\u00eda en la Casa Blanca, para el tradicional encendido de las velas de Hanukkah a finales de a\u00f1o. Tanto Aviva como Emily, otra de nuestras compa\u00f1eras de clase, me contaron que Ikar es una de las sinagogas m\u00e1s progresistas no solo de Los \u00c1ngeles sino de todo Estados Unidos y es justamente por el liderazgo de la Brous. Incluso ha hablado p\u00fablicamente&nbsp;<a href=\"https:\/\/www.cnn.com\/videos\/politics\/2024\/06\/30\/gps-0630-rabbi-sharon-brous-on-jewish-identity-during-the-war.cnn\">a favor de la independencia de Palestina<\/a>&nbsp;y el cese de la guerra en Gaza, un tema tab\u00fa para muchas y muchos de sus colegas.<\/p>\n\n\n\n<p>Todo eso y m\u00e1s vi y o\u00ed en el serm\u00f3n de esta rabina rebelde. Igual que otras personas con posiciones de liderazgo en la comunidad jud\u00eda, conden\u00f3 el ataque terrorista de Hamas del 7 de octubre pasado y el asesinato del grupo de 6 rehenes cuyos cuerpos fueron encontrados la semana pasada. Pero a diferencia de otros l\u00edderes, Brous tambi\u00e9n censur\u00f3 al primer ministro israel\u00ed Benjamin Netanyahu y demand\u00f3 vehementemente su renuncia acus\u00e1ndolo de inhumano y corrupto. Varias veces durante su serm\u00f3n conden\u00f3 los asesinatos de todas las personas inocentes que han muerto desde el 7 de octubre incluyendo los miles de vidas perdidas en Palestina porque \u201cuna sola vida inocente que se pierde es una cat\u00e1strofe\u201d.<\/p>\n\n\n\n<p>La dureza de sus palabras y el volumen de su voz iban subiendo a medida que hablaba. Us\u00f3 como ejemplo una historia de la tradici\u00f3n jud\u00eda en la que dos sacerdotes compiten por la atenci\u00f3n de la muchedumbre y uno de ellos saca un cuchillo y asesina al segundo. Igual que en esa historia en la que el fanatismo del p\u00fablico cre\u00f3 la situaci\u00f3n que llev\u00f3 al asesinato, Brous dijo que estamos en una crisis en la que \u201csome are guilty but all are responsable\u201d (\u201calgunas personas son culpables pero todas son responsables\u201d). Y conden\u00f3 a los rabinos en Israel quienes, igual que el padre del sacerdote asesinado en la historia, quieren continuar como si nada hubiera pasado. Esos rabinos, a juicio de Brous, se concentran en el ritual m\u00e1s que en lo correcto y siguen sin entender la necesidad de cambio de la sociedad israel\u00ed.<\/p>\n\n\n\n<p>Como les comentaba en mi columna sobre las&nbsp;<a href=\"https:\/\/acento.com.do\/opinion\/las-protestas-estudiantiles-por-gaza-en-eeuu-9336385.html\">protestas a favor de Palestina en EEUU<\/a>, la mayor\u00eda de la comunidad jud\u00eda en el pa\u00eds (especialmente sus integrantes m\u00e1s j\u00f3venes) es social y pol\u00edticamente progresista. Pero aun as\u00ed me sorprendi\u00f3 la valent\u00eda con la que esta rabina rebelde denunci\u00f3 las terribles acciones del gobierno israel\u00ed. La&nbsp;<a href=\"https:\/\/acento.com.do\/opinion\/el-camino-de-santiago-y-la-importancia-de-celebrar-9148988.html\">importancia de celebrar<\/a>&nbsp;y cultivar la alegr\u00eda reflejadas en la belleza del Bar Mitzvah combinadas con sus palabras reavivaron mi fe en las personas de todas las religiones y sin religi\u00f3n que creen en la dignidad de todos los seres humanos sin excepciones falsas creadas por el fanatismo o el dogma. Como dice el portal de Ikar, en su conmemoraci\u00f3n del 7 de octubre van a \u201cestar de luto y recordar, llorar por y reconocer el terrible costo humano de la guerra y orar por un futuro en que todas y todos los israel\u00edes y palestinos puedan vivir en paz y dignidad\u201d. As\u00ed sea.<\/p>\n","protected":false},"excerpt":{"rendered":"<p>Las palabras de la l\u00edder religiosa jud\u00eda Sharon Brous reavivaron mi fe en las personas de todas las religiones y sin religi\u00f3n que creen en la dignidad de todos los seres humanos sin excepciones falsas creadas por el fanatismo o el dogma<\/p>\n","protected":false},"author":2,"featured_media":66217,"comment_status":"open","ping_status":"open","sticky":false,"template":"","format":"standard","meta":{"footnotes":""},"categories":[70,52,51],"tags":[],"class_list":["post-68847","post","type-post","status-publish","format-standard","has-post-thumbnail","hentry","category-esther-hernandez-medina","category-internacionales","category-opinion"],"_links":{"self":[{"href":"https:\/\/eldiarioantillano.com\/uno\/wp-json\/wp\/v2\/posts\/68847","targetHints":{"allow":["GET"]}}],"collection":[{"href":"https:\/\/eldiarioantillano.com\/uno\/wp-json\/wp\/v2\/posts"}],"about":[{"href":"https:\/\/eldiarioantillano.com\/uno\/wp-json\/wp\/v2\/types\/post"}],"author":[{"embeddable":true,"href":"https:\/\/eldiarioantillano.com\/uno\/wp-json\/wp\/v2\/users\/2"}],"replies":[{"embeddable":true,"href":"https:\/\/eldiarioantillano.com\/uno\/wp-json\/wp\/v2\/comments?post=68847"}],"version-history":[{"count":1,"href":"https:\/\/eldiarioantillano.com\/uno\/wp-json\/wp\/v2\/posts\/68847\/revisions"}],"predecessor-version":[{"id":68848,"href":"https:\/\/eldiarioantillano.com\/uno\/wp-json\/wp\/v2\/posts\/68847\/revisions\/68848"}],"wp:featuredmedia":[{"embeddable":true,"href":"https:\/\/eldiarioantillano.com\/uno\/wp-json\/wp\/v2\/media\/66217"}],"wp:attachment":[{"href":"https:\/\/eldiarioantillano.com\/uno\/wp-json\/wp\/v2\/media?parent=68847"}],"wp:term":[{"taxonomy":"category","embeddable":true,"href":"https:\/\/eldiarioantillano.com\/uno\/wp-json\/wp\/v2\/categories?post=68847"},{"taxonomy":"post_tag","embeddable":true,"href":"https:\/\/eldiarioantillano.com\/uno\/wp-json\/wp\/v2\/tags?post=68847"}],"curies":[{"name":"wp","href":"https:\/\/api.w.org\/{rel}","templated":true}]}}