{"id":68824,"date":"2024-09-22T00:00:00","date_gmt":"2024-09-22T04:00:00","guid":{"rendered":"https:\/\/eldiarioantillano.com\/uno\/?p=68824"},"modified":"2024-09-21T21:50:14","modified_gmt":"2024-09-22T01:50:14","slug":"agradecen-respaldo-de-cuba-a-causa-independentista-de-puerto-rico","status":"publish","type":"post","link":"https:\/\/eldiarioantillano.com\/uno\/2024\/09\/22\/agradecen-respaldo-de-cuba-a-causa-independentista-de-puerto-rico\/","title":{"rendered":"Agradecen respaldo de Cuba a causa independentista de Puerto Rico"},"content":{"rendered":"\n<figure class=\"wp-block-image size-large\"><img fetchpriority=\"high\" decoding=\"async\" width=\"1024\" height=\"683\" src=\"https:\/\/eldiarioantillano.com\/uno\/wp-content\/uploads\/2024\/09\/pexels-matthias-oben-2060028-3687918-1024x683.jpg\" alt=\"\" class=\"wp-image-68825\" srcset=\"https:\/\/eldiarioantillano.com\/uno\/wp-content\/uploads\/2024\/09\/pexels-matthias-oben-2060028-3687918-1024x683.jpg 1024w, https:\/\/eldiarioantillano.com\/uno\/wp-content\/uploads\/2024\/09\/pexels-matthias-oben-2060028-3687918-300x200.jpg 300w, https:\/\/eldiarioantillano.com\/uno\/wp-content\/uploads\/2024\/09\/pexels-matthias-oben-2060028-3687918-768x512.jpg 768w, https:\/\/eldiarioantillano.com\/uno\/wp-content\/uploads\/2024\/09\/pexels-matthias-oben-2060028-3687918-1536x1024.jpg 1536w, https:\/\/eldiarioantillano.com\/uno\/wp-content\/uploads\/2024\/09\/pexels-matthias-oben-2060028-3687918-2048x1365.jpg 2048w, https:\/\/eldiarioantillano.com\/uno\/wp-content\/uploads\/2024\/09\/pexels-matthias-oben-2060028-3687918-1920x1280.jpg 1920w, https:\/\/eldiarioantillano.com\/uno\/wp-content\/uploads\/2024\/09\/pexels-matthias-oben-2060028-3687918-1170x780.jpg 1170w, https:\/\/eldiarioantillano.com\/uno\/wp-content\/uploads\/2024\/09\/pexels-matthias-oben-2060028-3687918-585x390.jpg 585w, https:\/\/eldiarioantillano.com\/uno\/wp-content\/uploads\/2024\/09\/pexels-matthias-oben-2060028-3687918-263x175.jpg 263w\" sizes=\"(max-width: 1024px) 100vw, 1024px\" \/><figcaption class=\"wp-element-caption\">Por Matthias Oben \/ Pexels<\/figcaption><\/figure>\n\n\n\n<p>La Habana, 20 sep (Prensa Latina) Independentistas de Puerto Rico reiteraron hoy aqu\u00ed la voluntad de lucha del pueblo de esa naci\u00f3n por su soberan\u00eda, frente a la tutela impuesta por Estados Unidos, y agradecieron el apoyo de Cuba a su causa.<\/p>\n\n\n\n<p>Como parte de las actividades de la Jornada de Solidaridad con Puerto Rico en esta naci\u00f3n, miembros del Movimiento Independentista Nacional Hostosiano (MINH) denunciaron la situaci\u00f3n colonial de su pa\u00eds, sujeto a la autoridad del Congreso estadounidense, bajo el estatus de \u201cEstado Libre Asociado\u201d.<\/p>\n\n\n\n<p>Para David Rivera, miembro de la Direcci\u00f3n Nacional del MINH, quien preside la delegaci\u00f3n del Movimiento, la realidad puertorrique\u00f1a desmiente tal condici\u00f3n, pues Estados Unidos ejerce un control total sobre la naci\u00f3n y sus recursos.<\/p>\n\n\n\n<p>Detall\u00f3 que la potencia norte\u00f1a controla el comercio mar\u00edtimo, el espacio a\u00e9reo, mantiene bases militares en el territorio y recluta a j\u00f3venes boricuas como soldados de sus campa\u00f1as b\u00e9licas, e impone sus pol\u00edticas neoliberales con consecuencias nefastas para la mayor\u00eda de los habitantes de la isla.<\/p>\n\n\n\n<p>Por su parte, el tambi\u00e9n miembro del MINH Jorge Tantao explic\u00f3 que los independentistas puertorrique\u00f1os, agrupados tambi\u00e9n en organizaciones como Victoria Ciudadana y el Partido Independentista, fortalecen alianzas para acudir en unidad a venideros procesos electorales.<\/p>\n\n\n\n<p>En el encuentro, efectuado en la capitalina Casa de la Amistad, ambos activistas destacaron los fuertes lazos de hermandad forjados entre puertorrique\u00f1os y cubanos en la lucha com\u00fan contra el colonialismo espa\u00f1ol y el imperialismo estadounidense.<\/p>\n\n\n\n<p>Para Noem\u00ed Rabaza, vicepresidenta primera del Instituto Cubano de Amistad con los Pueblos, entidad que auspicia la jornada solidaria, Puerto Rico sigue siendo un campo de batalla en el que se libra la \u00faltima guerra emancipadora de Am\u00e9rica.<\/p>\n\n\n\n<p>La agenda de la soberan\u00eda y de la dignidad de los pueblos de nuestro continente seguir\u00e1 inconclusa mientras esa naci\u00f3n permanezca ocupada y enajenada del resto del mundo, sin poder ejercer los derechos plenos que le otorgar\u00eda su soberan\u00eda, apunt\u00f3.<\/p>\n\n\n\n<p>Como parte de sus actividades en Cuba, la delegaci\u00f3n visitante, integrada adem\u00e1s por Edwin Gonz\u00e1lez, jefe de la Misi\u00f3n de Puerto Rico en este pa\u00eds, rindi\u00f3 tributo durante la jornada al mayor general Juan Rius Rivera, militar puertorrique\u00f1o de m\u00e1s alto rango en el Ej\u00e9rcito Libertador cubano, en el centenario de su deceso.<\/p>\n\n\n\n<p>npg\/evm<\/p>\n\n\n\n<p><\/p>\n","protected":false},"excerpt":{"rendered":"<p>La Habana, 20 sep (Prensa Latina) Independentistas de Puerto Rico reiteraron hoy aqu\u00ed la voluntad&hellip;<\/p>\n","protected":false},"author":2,"featured_media":68825,"comment_status":"open","ping_status":"open","sticky":false,"template":"","format":"standard","meta":{"footnotes":""},"categories":[52,53],"tags":[],"class_list":["post-68824","post","type-post","status-publish","format-standard","has-post-thumbnail","hentry","category-internacionales","category-prensa-latina"],"_links":{"self":[{"href":"https:\/\/eldiarioantillano.com\/uno\/wp-json\/wp\/v2\/posts\/68824","targetHints":{"allow":["GET"]}}],"collection":[{"href":"https:\/\/eldiarioantillano.com\/uno\/wp-json\/wp\/v2\/posts"}],"about":[{"href":"https:\/\/eldiarioantillano.com\/uno\/wp-json\/wp\/v2\/types\/post"}],"author":[{"embeddable":true,"href":"https:\/\/eldiarioantillano.com\/uno\/wp-json\/wp\/v2\/users\/2"}],"replies":[{"embeddable":true,"href":"https:\/\/eldiarioantillano.com\/uno\/wp-json\/wp\/v2\/comments?post=68824"}],"version-history":[{"count":2,"href":"https:\/\/eldiarioantillano.com\/uno\/wp-json\/wp\/v2\/posts\/68824\/revisions"}],"predecessor-version":[{"id":68829,"href":"https:\/\/eldiarioantillano.com\/uno\/wp-json\/wp\/v2\/posts\/68824\/revisions\/68829"}],"wp:featuredmedia":[{"embeddable":true,"href":"https:\/\/eldiarioantillano.com\/uno\/wp-json\/wp\/v2\/media\/68825"}],"wp:attachment":[{"href":"https:\/\/eldiarioantillano.com\/uno\/wp-json\/wp\/v2\/media?parent=68824"}],"wp:term":[{"taxonomy":"category","embeddable":true,"href":"https:\/\/eldiarioantillano.com\/uno\/wp-json\/wp\/v2\/categories?post=68824"},{"taxonomy":"post_tag","embeddable":true,"href":"https:\/\/eldiarioantillano.com\/uno\/wp-json\/wp\/v2\/tags?post=68824"}],"curies":[{"name":"wp","href":"https:\/\/api.w.org\/{rel}","templated":true}]}}