{"id":68810,"date":"2024-09-21T20:06:47","date_gmt":"2024-09-22T00:06:47","guid":{"rendered":"https:\/\/eldiarioantillano.com\/uno\/?p=68810"},"modified":"2024-09-21T20:06:48","modified_gmt":"2024-09-22T00:06:48","slug":"alianza-lanza-10-puntos-para-una-efectiva-gobernanza-de-puerto-rico","status":"publish","type":"post","link":"https:\/\/eldiarioantillano.com\/uno\/2024\/09\/21\/alianza-lanza-10-puntos-para-una-efectiva-gobernanza-de-puerto-rico\/","title":{"rendered":"Alianza lanza 10 puntos para una efectiva gobernanza de Puerto Rico"},"content":{"rendered":"\n<p>San Juan, 18 sep (Prensa Latina) La Alianza del Partido Independentista Puertorrique\u00f1o (PIP) y el Movimiento Victoria Ciudadana (MVC) devel\u00f3 hoy 10 puntos fundamentales de su programa de gobierno para rescatar a Puerto Rico del caos en que est\u00e1 sumido.<\/p>\n\n\n\n<p>Los objetivos program\u00e1ticos comunes de ambas organizaciones contenidas en una decena de temas prioritarios servir\u00e1n de base para un futuro gobierno de la Alianza Pa\u00eds, marcando como esenciales la lucha contra la corrupci\u00f3n, la cancelaci\u00f3n de los contratos de LUMA Energy y GeneraPR para el rescate del sistema energ\u00e9tico, la salud p\u00fablica, la educaci\u00f3n, el ambiente y el desarrollo econ\u00f3mico sostenible, entre otros.<\/p>\n\n\n\n<p>La Alianza Pa\u00eds propone una estrategia para abordar los problemas urgentes de Puerto Rico mediante una nueva manera de hacer gobierno en el archipi\u00e9lago boricua, seg\u00fan estableci\u00f3 en conferencia de prensa el candidato a gobernador Juan Dalmau Ram\u00edrez, acompa\u00f1ado de Ana Irma Rivera Lassen, aspirante a la comisar\u00eda residente en Washington.<\/p>\n\n\n\n<p>\u201cEl PIP y el Movimiento Victoria Ciudadana han identificado diversos aspectos comunes en sus respectivos programas de gobierno, para responder, mediante la promoci\u00f3n y protecci\u00f3n de los derechos humanos, a las necesidades del pueblo de Puerto Rico\u201d, indic\u00f3.<\/p>\n\n\n\n<p>Dalmau Ram\u00edrez precis\u00f3 que \u201chemos recogido esas visiones comunes en cuanto a los problemas y las soluciones que reclama el pa\u00eds en unas diez propuestas con las que ambos partidos est\u00e1n comprometidos, as\u00ed como lo est\u00e1n tambi\u00e9n diversos sectores de la sociedad civil del pa\u00eds\u201d.<\/p>\n\n\n\n<p>\u201cEs preciso encaminar el gobierno por una nueva ruta de honestidad y eficacia, al servicio del pueblo\u201d, remat\u00f3 el aspirante a la gobernaci\u00f3n de Puerto Rico.<\/p>\n\n\n\n<p>Por su parte, la candidata al Congreso en Washington, Ana Irma Rivera Lass\u00e9n, sostuvo que el Programa de Gobierno de la Alianza \u201ces el comienzo de lo que tenemos planeado para los pr\u00f3ximos cuatro a\u00f1os de gobierno honesto y administraci\u00f3n sana y eficaz\u201d.<\/p>\n\n\n\n<p>\u201cNuestro punto de partida, como siempre, es la solidaridad y la inclusividad, desarrollando estas propuestas concretas que lograr\u00e1n un desarrollo econ\u00f3mico sostenible para Puerto Rico sin tener que sacrificar otros asuntos importantes como el ambiente y los derechos humanos\u201d, adujo.<\/p>\n\n\n\n<p>Este Plan de Gobierno, asegur\u00f3 Rivera Lassen, \u201cencaminar\u00e1 a Puerto Rico hacia un futuro justo y le devolver\u00e1 al pueblo, tanto aqu\u00ed como en la di\u00e1spora, la esperanza que ha perdido\u201d. Las pol\u00edticas p\u00fablicas impulsadas por la Alianza se centrar\u00e1n en la construcci\u00f3n de un gobierno que respete los derechos humanos y responda a las necesidades del pueblo.<\/p>\n\n\n\n<p>jha\/nrm<\/p>\n","protected":false},"excerpt":{"rendered":"<p>San Juan, 18 sep (Prensa Latina) La Alianza del Partido Independentista Puertorrique\u00f1o (PIP) y el&hellip;<\/p>\n","protected":false},"author":2,"featured_media":68811,"comment_status":"open","ping_status":"open","sticky":false,"template":"","format":"standard","meta":{"footnotes":""},"categories":[52,53],"tags":[],"class_list":["post-68810","post","type-post","status-publish","format-standard","has-post-thumbnail","hentry","category-internacionales","category-prensa-latina"],"_links":{"self":[{"href":"https:\/\/eldiarioantillano.com\/uno\/wp-json\/wp\/v2\/posts\/68810","targetHints":{"allow":["GET"]}}],"collection":[{"href":"https:\/\/eldiarioantillano.com\/uno\/wp-json\/wp\/v2\/posts"}],"about":[{"href":"https:\/\/eldiarioantillano.com\/uno\/wp-json\/wp\/v2\/types\/post"}],"author":[{"embeddable":true,"href":"https:\/\/eldiarioantillano.com\/uno\/wp-json\/wp\/v2\/users\/2"}],"replies":[{"embeddable":true,"href":"https:\/\/eldiarioantillano.com\/uno\/wp-json\/wp\/v2\/comments?post=68810"}],"version-history":[{"count":1,"href":"https:\/\/eldiarioantillano.com\/uno\/wp-json\/wp\/v2\/posts\/68810\/revisions"}],"predecessor-version":[{"id":68812,"href":"https:\/\/eldiarioantillano.com\/uno\/wp-json\/wp\/v2\/posts\/68810\/revisions\/68812"}],"wp:featuredmedia":[{"embeddable":true,"href":"https:\/\/eldiarioantillano.com\/uno\/wp-json\/wp\/v2\/media\/68811"}],"wp:attachment":[{"href":"https:\/\/eldiarioantillano.com\/uno\/wp-json\/wp\/v2\/media?parent=68810"}],"wp:term":[{"taxonomy":"category","embeddable":true,"href":"https:\/\/eldiarioantillano.com\/uno\/wp-json\/wp\/v2\/categories?post=68810"},{"taxonomy":"post_tag","embeddable":true,"href":"https:\/\/eldiarioantillano.com\/uno\/wp-json\/wp\/v2\/tags?post=68810"}],"curies":[{"name":"wp","href":"https:\/\/api.w.org\/{rel}","templated":true}]}}