{"id":68781,"date":"2024-09-20T00:00:00","date_gmt":"2024-09-20T04:00:00","guid":{"rendered":"https:\/\/eldiarioantillano.com\/uno\/?p=68781"},"modified":"2024-09-20T01:12:50","modified_gmt":"2024-09-20T05:12:50","slug":"a-proposito-de-la-encuesta-cultura-democratica","status":"publish","type":"post","link":"https:\/\/eldiarioantillano.com\/uno\/2024\/09\/20\/a-proposito-de-la-encuesta-cultura-democratica\/","title":{"rendered":"A prop\u00f3sito de la Encuesta Cultura Democr\u00e1tica"},"content":{"rendered":"\n<p class=\"wp-block-paragraph\">Por C\u00c9SAR P\u00c9REZ<\/p>\n\n\n\n<p class=\"wp-block-paragraph\">El pasado 27\/9 el Ministerio de Econom\u00eda Planificaci\u00f3n y Desarrollo, MPyD, present\u00f3 en la Facultad de Ciencias Econ\u00f3micas y Sociales de la UASD, los resultados de la Encuesta de Cultura Democr\u00e1tica en RD, ECD.&nbsp; De s\u00f3lida consistencia, el estudio arroj\u00f3 informaciones claves para una aproximaci\u00f3n al conocimiento de la valoraci\u00f3n que tiene la poblaci\u00f3n dominicana sobre la democracia, sus niveles de satisfacci\u00f3n que sobre esta tiene, de la confianza en las instituciones, en las singulares personas y en los candidatos seg\u00fan sus condiciones \u00e9tnicas, de g\u00e9nero o de origen. Esto \u00faltimo arroja luz o por lo menos permite plantear con cierta objetividad, la existencia o no de prejuicios de car\u00e1cter racial en la sociedad dominicana. Tambi\u00e9n arroja datos sobre las simpat\u00edas partidarias, participaci\u00f3n, tolerancia pol\u00edtica y corrupci\u00f3n.<\/p>\n\n\n\n<p class=\"wp-block-paragraph\">La poblaci\u00f3n dominicana tiene una alta valoraci\u00f3n de la democracia, 55.9, algo que en esencia se ha mantenido lo largo de varias d\u00e9cadas y que no puedes ser disociado del hecho de que somos el pa\u00eds del m\u00e1s prolongado periodo de crecimiento que por varias d\u00e9cadas ha tenido el m\u00e1s estable sistema de partido. Pero, tambi\u00e9n es sostenido incremento del n\u00famero de aquellos que declaran no importarles la orientaci\u00f3n de una determinada forma de gobierno, siempre que le resuelva sus demandas m\u00e1s urgentes. Eso podr\u00e1 estar cuestionando la calidad de ese crecimiento y por consiguiente la baja calidad de esa democracia que se valora.<\/p>\n\n\n\n<p class=\"wp-block-paragraph\">A ese prop\u00f3sito, podr\u00eda decirse que es consistente el hecho de que el 67.3% de la poblaci\u00f3n afirma que Rep\u00fablica Dominicana \u00abest\u00e1 gobernada por unos cuantos grupos de poderosos en su propio beneficio\u00bb. Esa afirmaci\u00f3n parecer\u00eda contradictoria con la alta valoraci\u00f3n sobre la democracia o explicar\u00eda la sostenida tendencia a la propensi\u00f3n a no oponerse a la instauraci\u00f3n de un gobierno de fuerza siempre y cuando \u201cresuelva\u201d. Una cr\u00edtica a la democracia. Tambi\u00e9n podr\u00eda ser otro de factor que determinan la desafecci\u00f3n pol\u00edtica que se expresa en abstencionismo registrado en los \u00faltimos torneos electorales. Eso obliga a acciones del gobierno para limitar la voracidad del sector privado en su reproducci\u00f3n de riqueza y en su incidencia en las esferas p\u00fablicas claves.<\/p>\n\n\n\n<p class=\"wp-block-paragraph\">Obliga, igualmente a una reflexi\u00f3n sobre la poca confianza de la poblaci\u00f3n en las instituciones como los Ayuntamientos (31.7%), la Procuradur\u00eda (28.5%), y los Tribunales de Justicia (27.2%). Por \u00faltimo, en el umbral del 20% se sit\u00faan las instituciones cuyo funcionamiento despierta m\u00e1s recelos entre la poblaci\u00f3n: Congreso y Senado (21.2%), la Polic\u00eda Nacional (21.0%), altos funcionarios del gobierno (20.5%) y los partidos pol\u00edticos (20.4%). Con esos bajos niveles de confianza en esas instituciones dif\u00edcilmente el pa\u00eds tenga los niveles de gobernabilidad adecuados para lograr acuerdos pol\u00edticos sostenibles para enfrentar los grandes retos del presente y de un futuro cada vez m\u00e1s incierto, adem\u00e1s para aprovechar su sostenido de crecimiento econ\u00f3mico.<\/p>\n\n\n\n<p class=\"wp-block-paragraph\">Esta circunstancia se agrava por la desconfianza de la gente en las relaciones interpersonales, registrada en el estudio. Eso constituye un h\u00e1ndicap para la realizaci\u00f3n de proyectos colectivos y en la construcci\u00f3n de conciencia c\u00edvica y ciudadana. Estar\u00eda explicando la volatilidad de algunos proyectos comunitarios y\/o pol\u00edticos. A esto se agregan los prejuicios contra la mujer, el 56.5% duda de su capacidad gerencial para cargos p\u00fablicos, el m\u00e1s alto de la regi\u00f3n, los prejuicios \u00e9tnicos, un 33.3 expresa favorecer que sea blanco el candidato a un puesto p\u00fablico y un 60% rechaza el derecho a ser elegido a una persona de ascendencia haitiana. Adem\u00e1s del rechazo a la libre opci\u00f3n sexual,<\/p>\n\n\n\n<p class=\"wp-block-paragraph\">Estas actitudes erosionan la sana convivencia social, manifiestan intolerancia hacia el derecho de grupos humanos y podr\u00edan ser factores determinantes del impedimento legal para que las mujeres sean due\u00f1as de su cuerpo y que seamos uno de los \u00fanicos dos pa\u00edses de la regi\u00f3n que penalizan toda forma de interrupci\u00f3n de embarazo. Invocamos el imperio de la ley, pero somos permisivos a la violaci\u00f3n de la ley y por momentos hemos ocupado el primer lugar en la regi\u00f3n en permisividad a la corrupci\u00f3n. Esos lastres sociales, pol\u00edticos, institucionales y para la convivencia evidencian que el desarrollo econ\u00f3mico del pa\u00eds se sostiene en pilares bastante d\u00e9biles.<\/p>\n\n\n\n<p class=\"wp-block-paragraph\">El estudio concluye que por s\u00ed solas, las instituciones no podr\u00e1n resolver las falencias del sistema porque ellas \u201cson las que reproducen el orden de desigualdad y no hay raz\u00f3n para suponer que estas vayan a cambiar espont\u00e1neamente. Por lo tanto, es la movilizaci\u00f3n social, el empoderamiento y la participaci\u00f3n organizada de la sociedad lo que puede reestructurar las relaciones de poder para estar en capacidad de demandar y exigir el cumplimiento de las leyes, establecer nuevas prioridades en el gasto p\u00fablico y tener la posibilidad de acceder a los bienes y servicios p\u00fablicos en forma equitativa\u201d. Una objetiva, pertinente y valiente conclusi\u00f3n del equipo ejecutor del estudio, realizado para orientar la pol\u00edtica basada en datos objetivos de la realidad.<\/p>\n\n\n\n<p class=\"wp-block-paragraph\">Es un cuadro desafiante, tenemos muchos de los principales indicadores de mala calidad de la democracia, pero somos de los primeros en la valoraci\u00f3n de este sistema. Parece una contradicci\u00f3n, pero est\u00e1 claro que esa valoraci\u00f3n es aleccionadora porque s\u00f3lo en el escenario de la democracia y no en el de la intolerancia y los prejuicios es que podr\u00edamos revertir la tendencia hacia el deterioro que indican los datos de la ECD.<\/p>\n","protected":false},"excerpt":{"rendered":"<p>Por C\u00c9SAR P\u00c9REZ El pasado 27\/9 el Ministerio de Econom\u00eda Planificaci\u00f3n y Desarrollo, MPyD, present\u00f3&hellip;<\/p>\n","protected":false},"author":2,"featured_media":63777,"comment_status":"open","ping_status":"open","sticky":false,"template":"","format":"standard","meta":{"footnotes":""},"categories":[71,55,51],"tags":[],"class_list":["post-68781","post","type-post","status-publish","format-standard","has-post-thumbnail","hentry","category-cesar-perez","category-nacionales","category-opinion"],"_links":{"self":[{"href":"https:\/\/eldiarioantillano.com\/uno\/wp-json\/wp\/v2\/posts\/68781","targetHints":{"allow":["GET"]}}],"collection":[{"href":"https:\/\/eldiarioantillano.com\/uno\/wp-json\/wp\/v2\/posts"}],"about":[{"href":"https:\/\/eldiarioantillano.com\/uno\/wp-json\/wp\/v2\/types\/post"}],"author":[{"embeddable":true,"href":"https:\/\/eldiarioantillano.com\/uno\/wp-json\/wp\/v2\/users\/2"}],"replies":[{"embeddable":true,"href":"https:\/\/eldiarioantillano.com\/uno\/wp-json\/wp\/v2\/comments?post=68781"}],"version-history":[{"count":1,"href":"https:\/\/eldiarioantillano.com\/uno\/wp-json\/wp\/v2\/posts\/68781\/revisions"}],"predecessor-version":[{"id":68782,"href":"https:\/\/eldiarioantillano.com\/uno\/wp-json\/wp\/v2\/posts\/68781\/revisions\/68782"}],"wp:featuredmedia":[{"embeddable":true,"href":"https:\/\/eldiarioantillano.com\/uno\/wp-json\/wp\/v2\/media\/63777"}],"wp:attachment":[{"href":"https:\/\/eldiarioantillano.com\/uno\/wp-json\/wp\/v2\/media?parent=68781"}],"wp:term":[{"taxonomy":"category","embeddable":true,"href":"https:\/\/eldiarioantillano.com\/uno\/wp-json\/wp\/v2\/categories?post=68781"},{"taxonomy":"post_tag","embeddable":true,"href":"https:\/\/eldiarioantillano.com\/uno\/wp-json\/wp\/v2\/tags?post=68781"}],"curies":[{"name":"wp","href":"https:\/\/api.w.org\/{rel}","templated":true}]}}