{"id":68775,"date":"2024-09-20T00:00:00","date_gmt":"2024-09-20T04:00:00","guid":{"rendered":"https:\/\/eldiarioantillano.com\/uno\/?p=68775"},"modified":"2024-09-19T21:25:19","modified_gmt":"2024-09-20T01:25:19","slug":"contrabandistas-dejan-a-31-haitianos-en-puertorriquena-isla-monito","status":"publish","type":"post","link":"https:\/\/eldiarioantillano.com\/uno\/2024\/09\/20\/contrabandistas-dejan-a-31-haitianos-en-puertorriquena-isla-monito\/","title":{"rendered":"Contrabandistas dejan a 31 haitianos en puertorrique\u00f1a Isla Monito"},"content":{"rendered":"\n<figure class=\"wp-block-image size-full\"><img fetchpriority=\"high\" decoding=\"async\" width=\"800\" height=\"475\" src=\"https:\/\/eldiarioantillano.com\/uno\/wp-content\/uploads\/2024\/09\/USCG_National_Security_Cutter_BERTHOLF_WMSL-750.jpeg\" alt=\"\" class=\"wp-image-68776\" srcset=\"https:\/\/eldiarioantillano.com\/uno\/wp-content\/uploads\/2024\/09\/USCG_National_Security_Cutter_BERTHOLF_WMSL-750.jpeg 800w, https:\/\/eldiarioantillano.com\/uno\/wp-content\/uploads\/2024\/09\/USCG_National_Security_Cutter_BERTHOLF_WMSL-750-300x178.jpeg 300w, https:\/\/eldiarioantillano.com\/uno\/wp-content\/uploads\/2024\/09\/USCG_National_Security_Cutter_BERTHOLF_WMSL-750-768x456.jpeg 768w, https:\/\/eldiarioantillano.com\/uno\/wp-content\/uploads\/2024\/09\/USCG_National_Security_Cutter_BERTHOLF_WMSL-750-585x347.jpeg 585w\" sizes=\"(max-width: 800px) 100vw, 800px\" \/><figcaption class=\"wp-element-caption\">Foto de archivo por Diego Ventura <\/figcaption><\/figure>\n\n\n\n<p>San Juan, 18 sep (Prensa Latina) Agentes de la Patrulla Fronteriza de Estados Unidos detuvieron a 31 haitianos abandonados el martes por contrabandistas en la puertorrique\u00f1a Isla Monito, confirmaron hoy las autoridades federales.<\/p>\n\n\n\n<p>\u201cLos contrabandistas contin\u00faan difundiendo falsedades y mostrando un total desprecio por la seguridad y el bienestar de los migrantes vulnerables que se aventuran en el Pasaje de la Mona\u201d, afirm\u00f3 el agente Desi DeLeon, jefe de la Patrulla del Sector Ramey.<\/p>\n\n\n\n<p>El funcionario advirti\u00f3 a los migrantes sobre los continuos peligros de ese tipo de viaje.<\/p>\n\n\n\n<p>En las horas de la tarde del 16 de septiembre, los guardabosques del Departamento de Recursos Naturales y Ambientales de Puerto Rico estacionados en la occidental Isla Mona informaron sobre la presencia de migrantes en la parte superior de la Isla Monito.<\/p>\n\n\n\n<p>Una aeronave de Operaciones A\u00e9reas y Mar\u00edtimas de la Oficina de Aduanas y Protecci\u00f3n Fronteriza de Estados Unidos sobrevol\u00f3 la isla y report\u00f3 que hab\u00eda m\u00e1s de 20 personas.<\/p>\n\n\n\n<p>El barco Joseph Dixon de la Guardia Costera estadounidense recuper\u00f3 este martes a 31 nacionales de Hait\u00ed \u201425 hombres, cuatro mujeres y dos menores\u2014 y los transport\u00f3 al puerto de entrada de Mayag\u00fcez, en el oeste de Puerto Rico, donde los agentes de la Patrulla Fronteriza de la Estaci\u00f3n Ramey asumieron la custodia para los procedimientos de deportaci\u00f3n.<\/p>\n\n\n\n<p>La est\u00e9ril Isla Monito est\u00e1 deshabitada y su gran altitud de la costa la hace inaccesible por mar.<\/p>\n\n\n\n<p>El Sector Ramey es uno de los veinti\u00fan sectores repartidos por los Estados Unidos y abarca las islas territoriales estadounidenses de Puerto Rico y las Islas V\u00edrgenes.<\/p>\n\n\n\n<p>Adem\u00e1s, es el \u00fanico Sector de la Patrulla Fronteriza situado fuera del territorio continental de los Estados Unidos.<\/p>\n\n\n\n<p>La zona fronteriza completa del Sector est\u00e1 formada por costa y su \u00e1rea de responsabilidad est\u00e1 formada por unas 6.000 millas cuadradas de tierra y agua, incluida la franja de doce millas de agua territorial que rodea las islas.<\/p>\n\n\n\n<p>arc\/nrm<\/p>\n","protected":false},"excerpt":{"rendered":"<p>San Juan, 18 sep (Prensa Latina) Agentes de la Patrulla Fronteriza de Estados Unidos detuvieron&hellip;<\/p>\n","protected":false},"author":2,"featured_media":68776,"comment_status":"open","ping_status":"open","sticky":false,"template":"","format":"standard","meta":{"footnotes":""},"categories":[52,53],"tags":[],"class_list":["post-68775","post","type-post","status-publish","format-standard","has-post-thumbnail","hentry","category-internacionales","category-prensa-latina"],"_links":{"self":[{"href":"https:\/\/eldiarioantillano.com\/uno\/wp-json\/wp\/v2\/posts\/68775","targetHints":{"allow":["GET"]}}],"collection":[{"href":"https:\/\/eldiarioantillano.com\/uno\/wp-json\/wp\/v2\/posts"}],"about":[{"href":"https:\/\/eldiarioantillano.com\/uno\/wp-json\/wp\/v2\/types\/post"}],"author":[{"embeddable":true,"href":"https:\/\/eldiarioantillano.com\/uno\/wp-json\/wp\/v2\/users\/2"}],"replies":[{"embeddable":true,"href":"https:\/\/eldiarioantillano.com\/uno\/wp-json\/wp\/v2\/comments?post=68775"}],"version-history":[{"count":1,"href":"https:\/\/eldiarioantillano.com\/uno\/wp-json\/wp\/v2\/posts\/68775\/revisions"}],"predecessor-version":[{"id":68777,"href":"https:\/\/eldiarioantillano.com\/uno\/wp-json\/wp\/v2\/posts\/68775\/revisions\/68777"}],"wp:featuredmedia":[{"embeddable":true,"href":"https:\/\/eldiarioantillano.com\/uno\/wp-json\/wp\/v2\/media\/68776"}],"wp:attachment":[{"href":"https:\/\/eldiarioantillano.com\/uno\/wp-json\/wp\/v2\/media?parent=68775"}],"wp:term":[{"taxonomy":"category","embeddable":true,"href":"https:\/\/eldiarioantillano.com\/uno\/wp-json\/wp\/v2\/categories?post=68775"},{"taxonomy":"post_tag","embeddable":true,"href":"https:\/\/eldiarioantillano.com\/uno\/wp-json\/wp\/v2\/tags?post=68775"}],"curies":[{"name":"wp","href":"https:\/\/api.w.org\/{rel}","templated":true}]}}