{"id":68724,"date":"2024-09-17T00:11:04","date_gmt":"2024-09-17T04:11:04","guid":{"rendered":"https:\/\/eldiarioantillano.com\/uno\/?p=68724"},"modified":"2024-09-14T00:12:55","modified_gmt":"2024-09-14T04:12:55","slug":"cultura-anuncia-celebracion-del-festival-nacional-de-teatro-rd-2024","status":"publish","type":"post","link":"https:\/\/eldiarioantillano.com\/uno\/2024\/09\/17\/cultura-anuncia-celebracion-del-festival-nacional-de-teatro-rd-2024\/","title":{"rendered":"Cultura anuncia celebraci\u00f3n del Festival Nacional de Teatro RD 2024"},"content":{"rendered":"\n<p><strong>Santo Domingo.-<\/strong>&nbsp;El Ministerio de Cultura anunci\u00f3 hoy la celebraci\u00f3n del Festival Nacional de Teatro (FENATE) 2024, el cual se desarrollar\u00e1 del 20 al 30 de octubre bajo el lema \u201cEl teatro es para todos\u201d, y estar\u00e1 dedicado a la destacada luminot\u00e9cnica y productora esc\u00e9nica Lillyanna D\u00edaz.<\/p>\n\n\n\n<p>La ministra de Cultura, Milagros Germ\u00e1n, realiz\u00f3 el anunci\u00f3 en un encuentro con la prensa que tuvo lugar en el Bar Juan Lockward del Teatro Nacional Eduardo Brito, en el cual se ofrecieron los detalles de este evento bianual.<\/p>\n\n\n\n<p>La funcionaria estuvo acompa\u00f1ada por Giovanny Cruz, viceministro de Creatividad y Formaci\u00f3n Art\u00edstica; Carlos Veit\u00eda, director del Teatro Nacional Eduardo Brito, y Mario Lebr\u00f3n, asesor cultural.<\/p>\n\n\n\n<p>Tambi\u00e9n estuvieron presentes Rosa Rodr\u00edguez, directora docente del Viceministerio de Creatividad y Formaci\u00f3n Art\u00edstica; V\u00edctor Vidal, presidente de los jurados del festival, y Lillyanna D\u00edaz, artista a quien est\u00e1 dedicado el FENATE 2024.<\/p>\n\n\n\n<p>El festival contar\u00e1 con 21 producciones teatrales, presentadas por 20 compa\u00f1\u00edas nacionales, y m\u00e1s de 350 artistas en escena. El programa abarca una amplia gama de g\u00e9neros, desde mon\u00f3logos para adultos hasta comedias, producciones infantiles y espect\u00e1culos de danza.<\/p>\n\n\n\n<p>Asimismo, se desarrollar\u00e1 una programaci\u00f3n de talleres formativos y conferencias del 12 de septiembre al 4 de octubre, dirigidos a profesionales y aficionados al teatro.<\/p>\n\n\n\n<p><a><\/a>La ministra Germ\u00e1n manifest\u00f3 que la celebraci\u00f3n de esta edici\u00f3n del FENATE se constituye en un espaldarazo al quehacer del teatro dominicano, adem\u00e1s de que responde a las iniciativas institucionales dirigidas a impulsar el desarrollo de las industrias creativas en el pa\u00eds.<\/p>\n\n\n\n<p>La titular de Cultura a\u00f1adi\u00f3 que el Gobierno del presidente Luis Abinader tiene un especial inter\u00e9s en fortalecer este sector, por lo que, desde el inicio de su gesti\u00f3n, se han articulado diversos esfuerzos para dignificar las artes esc\u00e9nicas en el pa\u00eds, siendo uno de ellos la reactivaci\u00f3n de la celebraci\u00f3n de este evento en 2022, tras haber permanecido en pausa durante tres a\u00f1os.<\/p>\n\n\n\n<p>Entre las obras invitadas, se presentar\u00e1 \u201cYouth\u201d, dirigida por Didier Ruiz, de La Compagnie des Hommes, que llega desde Francia como invitada especial del evento. Adem\u00e1s, se incluir\u00e1 en la cartelera \u201cEl Gallo\u201d, una obra de tem\u00e1tica hist\u00f3rica producida por el reconocido actor y director dominicano Francisco Arias Cruz Ariza.<\/p>\n\n\n\n<p>Las presentaciones se llevar\u00e1n a cabo en diversas salas, como la Carlos Piantini y Jos\u00e9 de Jes\u00fas Ravelo del Teatro Nacional Eduardo Brito; M\u00e1ximo Avil\u00e9s Blonda y La Dram\u00e1tica del Palacio de Bellas Artes; la sala Manuel Rueda, en la Plaza del Conservatorio, y Casa de Teatro, entre otras.<\/p>\n\n\n\n<p>Las obras oficiales del Ministerio de Cultura para FENATE 2024 incluyen una variedad de g\u00e9neros y estilos, y ser\u00e1n presentadas por prestigiosas compa\u00f1\u00edas nacionales tanto oficiales como independientes.<\/p>\n\n\n\n<p>Las boletas para asistir a las funciones estar\u00e1n disponibles al precio de RD$200, seg\u00fan inform\u00f3 el viceministro de Creatividad y Formaci\u00f3n Art\u00edstica, Giovanny Cruz.<\/p>\n\n\n\n<p>Con una programaci\u00f3n que combina tradici\u00f3n, innovaci\u00f3n y diversidad, FENATE RD 2024 promete ser una experiencia inolvidable para los amantes del teatro y las artes esc\u00e9nicas de la Rep\u00fablica Dominicana.<\/p>\n\n\n\n<p><strong>Homenaje a&nbsp;<a><\/a>Lillyanna D\u00edaz<\/strong><\/p>\n\n\n\n<p>Lillyanna Margarita D\u00edaz Moya, conocida como Lillyanna D\u00edaz, ha dedicado m\u00e1s de cinco d\u00e9cadas al teatro dominicano, desempe\u00f1\u00e1ndose en diversas \u00e1reas t\u00e9cnicas y art\u00edsticas. Ingres\u00f3 al Teatro Nacional en junio de 1973, donde, junto a Bienvenido Miranda, fund\u00f3 el departamento t\u00e9cnico de la instituci\u00f3n.<\/p>\n\n\n\n<p>A lo largo de su carrera ha trabajado con casi todos los directores teatrales m\u00e1s importantes del pa\u00eds, incluyendo a Enrique Chao, Giovanny Cruz, y Nuryn Sanlley, adem\u00e1s de dise\u00f1ar la iluminaci\u00f3n de \u00f3peras tan reconocidas como \u201cLa Traviata\u201d, \u201cMadama Butterfly\u201d y \u201cCarmen\u201d. D\u00edaz ha recibido m\u00faltiples galardones, incluidos cinco premios Casandra.<\/p>\n","protected":false},"excerpt":{"rendered":"<p>El festival contar\u00e1 con 21 producciones teatrales, presentadas por 20 compa\u00f1\u00edas, y m\u00e1s de 350 artistas en escena.<\/p>\n","protected":false},"author":2,"featured_media":67047,"comment_status":"open","ping_status":"open","sticky":false,"template":"","format":"standard","meta":{"footnotes":""},"categories":[63,55],"tags":[],"class_list":["post-68724","post","type-post","status-publish","format-standard","has-post-thumbnail","hentry","category-cultura","category-nacionales"],"_links":{"self":[{"href":"https:\/\/eldiarioantillano.com\/uno\/wp-json\/wp\/v2\/posts\/68724","targetHints":{"allow":["GET"]}}],"collection":[{"href":"https:\/\/eldiarioantillano.com\/uno\/wp-json\/wp\/v2\/posts"}],"about":[{"href":"https:\/\/eldiarioantillano.com\/uno\/wp-json\/wp\/v2\/types\/post"}],"author":[{"embeddable":true,"href":"https:\/\/eldiarioantillano.com\/uno\/wp-json\/wp\/v2\/users\/2"}],"replies":[{"embeddable":true,"href":"https:\/\/eldiarioantillano.com\/uno\/wp-json\/wp\/v2\/comments?post=68724"}],"version-history":[{"count":1,"href":"https:\/\/eldiarioantillano.com\/uno\/wp-json\/wp\/v2\/posts\/68724\/revisions"}],"predecessor-version":[{"id":68725,"href":"https:\/\/eldiarioantillano.com\/uno\/wp-json\/wp\/v2\/posts\/68724\/revisions\/68725"}],"wp:featuredmedia":[{"embeddable":true,"href":"https:\/\/eldiarioantillano.com\/uno\/wp-json\/wp\/v2\/media\/67047"}],"wp:attachment":[{"href":"https:\/\/eldiarioantillano.com\/uno\/wp-json\/wp\/v2\/media?parent=68724"}],"wp:term":[{"taxonomy":"category","embeddable":true,"href":"https:\/\/eldiarioantillano.com\/uno\/wp-json\/wp\/v2\/categories?post=68724"},{"taxonomy":"post_tag","embeddable":true,"href":"https:\/\/eldiarioantillano.com\/uno\/wp-json\/wp\/v2\/tags?post=68724"}],"curies":[{"name":"wp","href":"https:\/\/api.w.org\/{rel}","templated":true}]}}