{"id":68709,"date":"2024-09-14T00:01:00","date_gmt":"2024-09-14T04:01:00","guid":{"rendered":"https:\/\/eldiarioantillano.com\/uno\/?p=68709"},"modified":"2024-09-13T23:42:10","modified_gmt":"2024-09-14T03:42:10","slug":"el-1j4-en-region-este","status":"publish","type":"post","link":"https:\/\/eldiarioantillano.com\/uno\/2024\/09\/14\/el-1j4-en-region-este\/","title":{"rendered":"El 1J4 en Regi\u00f3n Este"},"content":{"rendered":"\n<p>ART\u00cdCULO INVITADO<\/p>\n\n\n\n<p>Por Amaurys P\u00e9rez Vargas<\/p>\n\n\n\n<p><strong>Comit\u00e9 Provincial San Pedro de Macor\u00eds:<\/strong>&nbsp;Lic. Laureano Canto Rodr\u00edguez, presidente, Gilberto S\u00e1nchez Fuster, vicepresidente; Danilo Aguil\u00f3 Hidalgo, secretario; Diego Casanovas Garrido, tesorero; Ascanio Santoni, secretario de organizaci\u00f3n. Vocales: Lic. Mart\u00ed Guzm\u00e1n, Bar\u00f3n de Soto Dipre, Miguel Pe\u00f1a Monegro, Manuel Salado, Antonio Hel\u00fa Checo, Vicente Feli\u00fa Bobea, Arturo Rosario V\u00e1squez, Dr. Lurio V\u00e1squez Montas, Mar\u00eda Luisa Brea y Normalina Aguil\u00f3 de Rodr\u00edguez. Tambi\u00e9n formaron parte las se\u00f1oritas Mar\u00eda Luisa Brea, Germania Carri\u00f3n y Rene del Risco Berm\u00fadez, entre otros.<\/p>\n\n\n\n<p><strong>Asociaci\u00f3n Femenina San Pedro de Macor\u00eds:<\/strong>&nbsp;Celeste Salado, Am\u00e9rica Berm\u00fadez, Dra. Magdalena Casasnovas Garrido, Lucilita Pe\u00f1a, Magu\u00ed Brea, Juana Guzm\u00e1n (Juana 14), Germania Carri\u00f3n, Josefina Rojas y Bethania Richiez.<\/p>\n\n\n\n<p><strong>Comit\u00e9 Provincial Juventud San Pedro de Macor\u00eds:<\/strong>&nbsp;Mauricio E. Acevedo, presidente; Jos\u00e9 Arturo Rosario; vicepresidente H\u00e9ctor Vallejo, secretario general; Pedro Pablo Pichardo C., secretario de actas; Nimio Hip\u00f3lito Scarfullery, tesorero. Vocales: Miguel Alfonso Mendoza, Jes\u00fas P. Gonz\u00e1lez, Vicente Morales, Nelson Figueroa, Rafael Nivar Urbe, Rafael Ram\u00edrez B\u00e1ez, Manuel Mart\u00ednez M\u00e9ndez, Rafael A. L\u00f3pez Michel, Andr\u00e9s Morey Guzm\u00e1n y Anie Gonz\u00e1lez Read.<\/p>\n\n\n\n<p><strong>Comit\u00e9 Municipal San Pedro de Macor\u00eds:<\/strong>&nbsp;El\u00edas Bobadilla, Doctor Miguel Feris, Dr. Julio V\u00e1zquez, Danilo Aguil\u00f3, Jacinto Rodr\u00edguez, Ren\u00e9 del risco Berm\u00fadez, secretario de publicidad y propaganda; Jos\u00e9 Reyes Jos\u00e9 roques haz ca\u00f1as Anthony Gilberto Santini, Josefina Rojas, Mar\u00eda Luisa Brea y Am\u00e9rica Berm\u00fadez del Risco.<\/p>\n\n\n\n<p><strong>Subcomit\u00e9 Pedro Santana:&nbsp;<\/strong>Dionisio de la Cruz Juan Mar\u00eda candelario y Caonabo Aponte. Subcomit\u00e9 Ingenio \u201cPorvenir\u201d: Alejandro Coradin, presidente. Subcomit\u00e9 Ingenio \u201cConsuelo\u201d: Ram\u00f3n Rissi, presidente; Jos\u00e9 A. Reyes, secretario; Juan Tellerias V., tesorero. Vocales: Manuel Nadal, Edwin Hillhouse, Ram\u00f3n V\u00e1squez, Santiago Diaz, Julio Roberto Valdez, Julio Feliz y Mat\u00edas Troncoso. Subcomit\u00e9 Ingenio \u201cQuisqueya\u201d: Marino Castillo Ort\u00edz, presidente.<\/p>\n\n\n\n<p><strong>Subcomit\u00e9 Villa Vel\u00e1squez:&nbsp;<\/strong>Ramon Rodr\u00edguez, presidente; Danilo Robles, secretario; Herminia Payano, tesorera. Vocales: Jaime Delly, Manuel Pe\u00f1a y Andr\u00e9s Morey. Subcomit\u00e9 de Miramar: Leonel Duncan, presidente.<\/p>\n\n\n\n<p><strong>Comit\u00e9s Municipio de San Jos\u00e9 de los Llanos:&nbsp;<\/strong>Fernando Rodr\u00edguez, presidente, Antonio Fr\u00edas, secretario general; Eurib\u00edades Rodr\u00edguez, secretario de organizado, secretario de finanzas; Jos\u00e9 Ram\u00f3n del secretario de publicidad y propaganda; Jos\u00e9 del Carmen, secretario de asuntos; Alforzo V\u00e1squez, secretario de asuntos laborales y Ram\u00f3n B. Santini, secretar\u00eda de la juventud.<\/p>\n\n\n\n<p><strong>Comit\u00e9 Municipal de Monte Plata:&nbsp;<\/strong>Prof. Pedro Cordones, presidente. Comit\u00e9 de Sabana Grande de Boya: Jos\u00e9 Enrique Bon\u00f3, presidente. Subcomit\u00e9 de Bayaguana: Rafael Emiliano Polanco P., presidente.<\/p>\n\n\n\n<p><strong>Comit\u00e9 Provincial de La Romana:&nbsp;<\/strong>Radham\u00e9s A. Rodr\u00edguez G\u00f3mez, Doctor Mart\u00edn S\u00e1nchez, vicepresidente, Luis Rodr\u00edguez G\u00f3mez, Fellito Rivas, Rafael Tejeda, Jos\u00e9 Padua falet, Iv\u00e1n Rodr\u00edguez Pilier, Felito Ozorio y Benito Kelly entre otros, fueron parte de la primera direcci\u00f3n del 1J4 en La Romana. Otros dirigentes provinciales. entre ellos el Dr. Jos\u00e9 Antonio Constanzo, Ramon Cotes Morales, Monchin L\u00f3pez, Carlos Jaquez (Rissi), Norberto Brea (Chichi).<\/p>\n\n\n\n<p><strong>Comit\u00e9 Municipal La Romana:<\/strong>&nbsp;Tony Logro\u00f1o, presidente; Juventud de 14 de junio de la Romana: Ramon Dihmes Pablo, vicepresidente.<\/p>\n\n\n\n<p><strong>Comit\u00e9 Provincial de El Seibo:<\/strong>&nbsp;Dr. J. Mieses Reyes, presidente; Dr. Manuel A. Nolasco G., secretario general; Ram\u00f3n A. Guzm\u00e1n, secretario propaganda; Luis Napole\u00f3n Cotes Gautreaux, secretario juventud; Pablo Goico, secretario organizaci\u00f3n; Alexis Goico, secretario finanzas; Fernando Fatule, secretarios laborales.<\/p>\n\n\n\n<p><strong>Comit\u00e9 Municipal de Miches:<\/strong>&nbsp;Marcelo de la Cruz, presidente; Danilo Alberto Larancuent, secretario general; Nicol\u00e1s Seguie, secretario organizaci\u00f3n; Mois\u00e9s Adolfo Iturbide Rodr\u00edguez secretario juventud; Germ\u00e1n Eur\u00edpides Amparo Mauricio, secretario publicaciones y propaganda; Luis Mar\u00eda Gil, secretario asuntos campesinos; Rub\u00e9n Dar\u00edo Calcagno, secretario finanzas. Vocales: H\u00e9ctor P\u00e9rez, Marcos P\u00e1ez Berroa, Rafael Hern\u00e1ndez, Felipe Peralta de la Cruz, Gil Manuel Candelario y Andr\u00e9s Le\u00f3nidas Santana.<\/p>\n\n\n\n<p><strong>Subcomit\u00e9 Pedro S\u00e1nchez:&nbsp;<\/strong>Juan Mar\u00eda Candelario, presidente; H\u00e9ctor Candelario Ram\u00edrez, secretario general; L\u00e9pido Luz\u00f3n, secretario finanzas; Edimburgo A. Rodr\u00edguez Madera, secretario organizaci\u00f3n.<br>Comit\u00e9 Municipal Sabana de la Mar: Miguel \u00c1ngel Calca\u00f1o Javier, presidente; Renato Rodr\u00edguez Demorizi, vicepresidente; Hern\u00e1n Padilla Fern\u00e1ndez, secretario; Reinaldo D. De le\u00f3n, secretario de actas; Fremy de Le\u00f3n L\u00f3pez, tesorero. Vocales: H\u00e9ctor Lirio Gal\u00e1n Conde, Luis Quezada, Adolfo Mateo Goicochea, Ram\u00f3n An\u00edbal Calca\u00f1o, Deysi Esperanza Contreras, Hetuig Mateo Goicochea, Francia Mart\u00ednez, Rudy. de Le\u00f3n L\u00f3pez y Eugenio Mauricio hijo.<\/p>\n\n\n\n<p><strong>Comit\u00e9 Municipal Sabana de la Mar:&nbsp;<\/strong>Frank de Le\u00f3n, presidente; Norlando Rodr\u00edguez, secretario; Uladislao Calcagno Pimentel, subsecretario; Gustavo Armando Bruno, secretario organizaci\u00f3n; Miguel A. Calca\u00f1o, secretario finanzas; Francisco A. Rodr\u00edguez, secretario asuntos campesinos; Eduardo Javier, secretario asuntos laborales; H\u00e9ctor Javier, secretario publicaci\u00f3n y propaganda; Eduard Demorizi Messina, secretario juventud.<\/p>\n\n\n\n<p><strong>Juventud 1J4 Sabana de la Mar:&nbsp;<\/strong>Eduard Demorizi Messina, presidente; Rudy de Le\u00f3n, secretario general; Andr\u00e9s Abad Calcagno, secretario finanzas; Manuel de Jes\u00fas Calcagno, secretario organizaci\u00f3n. Rama Femenina 1J4 Sabana de la Mar: Deisy Contreras, presidenta; Francia Mart\u00ednez, secretaria general; Clarisa Tirado secretaria finanzas; Francia Concepci\u00f3n, secretaria organizaci\u00f3n.<\/p>\n\n\n\n<p><strong>Comit\u00e9 Municipal El Valle:&nbsp;<\/strong>Manuel Fern\u00e1ndez, presidente; Gilberto Henr\u00edquez, Jos\u00e9 Eligio Bautista, Hitler Fatule Chain de las secretar\u00edas de publicidad y propaganda y organizaci\u00f3n.<\/p>\n\n\n\n<p><strong>Comit\u00e9 Municipal Hig\u00fcey:&nbsp;<\/strong>Jos\u00e9 La Paz Guerrero, presidente; An\u00eds Cali Duran Rijo, secretario general. Lorenzo Cueto, Lila Meri\u00f1o, Jos\u00e9 Botello, Dr. Freddy Rond\u00f3n \u00c1vila, Dr. Mart\u00edn Cruz, Dr. Homero Pumarol. Comit\u00e9 Municipal San Rafael del Yuma: Primitivo Espinal.<\/p>\n\n\n\n<p>Dr. Amaurys P\u00e9rez, Soci\u00f3logo e historiador Museo de la Dignidad<\/p>\n\n\n\n<p>Reproducido de hoy.com.do<\/p>\n","protected":false},"excerpt":{"rendered":"<p>ART\u00cdCULO INVITADO Por Amaurys P\u00e9rez Vargas Comit\u00e9 Provincial San Pedro de Macor\u00eds:&nbsp;Lic. Laureano Canto Rodr\u00edguez,&hellip;<\/p>\n","protected":false},"author":2,"featured_media":68710,"comment_status":"open","ping_status":"open","sticky":false,"template":"","format":"standard","meta":{"footnotes":""},"categories":[55],"tags":[],"class_list":["post-68709","post","type-post","status-publish","format-standard","has-post-thumbnail","hentry","category-nacionales"],"_links":{"self":[{"href":"https:\/\/eldiarioantillano.com\/uno\/wp-json\/wp\/v2\/posts\/68709","targetHints":{"allow":["GET"]}}],"collection":[{"href":"https:\/\/eldiarioantillano.com\/uno\/wp-json\/wp\/v2\/posts"}],"about":[{"href":"https:\/\/eldiarioantillano.com\/uno\/wp-json\/wp\/v2\/types\/post"}],"author":[{"embeddable":true,"href":"https:\/\/eldiarioantillano.com\/uno\/wp-json\/wp\/v2\/users\/2"}],"replies":[{"embeddable":true,"href":"https:\/\/eldiarioantillano.com\/uno\/wp-json\/wp\/v2\/comments?post=68709"}],"version-history":[{"count":1,"href":"https:\/\/eldiarioantillano.com\/uno\/wp-json\/wp\/v2\/posts\/68709\/revisions"}],"predecessor-version":[{"id":68711,"href":"https:\/\/eldiarioantillano.com\/uno\/wp-json\/wp\/v2\/posts\/68709\/revisions\/68711"}],"wp:featuredmedia":[{"embeddable":true,"href":"https:\/\/eldiarioantillano.com\/uno\/wp-json\/wp\/v2\/media\/68710"}],"wp:attachment":[{"href":"https:\/\/eldiarioantillano.com\/uno\/wp-json\/wp\/v2\/media?parent=68709"}],"wp:term":[{"taxonomy":"category","embeddable":true,"href":"https:\/\/eldiarioantillano.com\/uno\/wp-json\/wp\/v2\/categories?post=68709"},{"taxonomy":"post_tag","embeddable":true,"href":"https:\/\/eldiarioantillano.com\/uno\/wp-json\/wp\/v2\/tags?post=68709"}],"curies":[{"name":"wp","href":"https:\/\/api.w.org\/{rel}","templated":true}]}}