{"id":68649,"date":"2024-09-12T15:23:36","date_gmt":"2024-09-12T19:23:36","guid":{"rendered":"https:\/\/eldiarioantillano.com\/uno\/?p=68649"},"modified":"2024-09-12T15:23:37","modified_gmt":"2024-09-12T19:23:37","slug":"se-siente-terremoto-en-las-provincias-de-montecristi-y-santiago-rodriguez","status":"publish","type":"post","link":"https:\/\/eldiarioantillano.com\/uno\/2024\/09\/12\/se-siente-terremoto-en-las-provincias-de-montecristi-y-santiago-rodriguez\/","title":{"rendered":"Se siente terremoto en las provincias de Montecristi y Santiago Rodr\u00edguez"},"content":{"rendered":"\n<p>El movimiento tel\u00farico fue m\u00e1s fuerte cerca de Sabaneta, SR, y Villa V\u00e1squez, Montecristi. Tambi\u00e9n, en la zona m\u00e1s cerca de la frontera con Hait\u00ed.\u00a0<\/p>\n","protected":false},"excerpt":{"rendered":"<p>El movimiento tel\u00farico fue m\u00e1s fuerte cerca de Sabaneta, SR, y Villa V\u00e1squez, Montecristi. Tambi\u00e9n,&hellip;<\/p>\n","protected":false},"author":2,"featured_media":68650,"comment_status":"open","ping_status":"open","sticky":false,"template":"","format":"standard","meta":{"footnotes":""},"categories":[57],"tags":[],"class_list":["post-68649","post","type-post","status-publish","format-standard","has-post-thumbnail","hentry","category-montecristi"],"_links":{"self":[{"href":"https:\/\/eldiarioantillano.com\/uno\/wp-json\/wp\/v2\/posts\/68649","targetHints":{"allow":["GET"]}}],"collection":[{"href":"https:\/\/eldiarioantillano.com\/uno\/wp-json\/wp\/v2\/posts"}],"about":[{"href":"https:\/\/eldiarioantillano.com\/uno\/wp-json\/wp\/v2\/types\/post"}],"author":[{"embeddable":true,"href":"https:\/\/eldiarioantillano.com\/uno\/wp-json\/wp\/v2\/users\/2"}],"replies":[{"embeddable":true,"href":"https:\/\/eldiarioantillano.com\/uno\/wp-json\/wp\/v2\/comments?post=68649"}],"version-history":[{"count":1,"href":"https:\/\/eldiarioantillano.com\/uno\/wp-json\/wp\/v2\/posts\/68649\/revisions"}],"predecessor-version":[{"id":68651,"href":"https:\/\/eldiarioantillano.com\/uno\/wp-json\/wp\/v2\/posts\/68649\/revisions\/68651"}],"wp:featuredmedia":[{"embeddable":true,"href":"https:\/\/eldiarioantillano.com\/uno\/wp-json\/wp\/v2\/media\/68650"}],"wp:attachment":[{"href":"https:\/\/eldiarioantillano.com\/uno\/wp-json\/wp\/v2\/media?parent=68649"}],"wp:term":[{"taxonomy":"category","embeddable":true,"href":"https:\/\/eldiarioantillano.com\/uno\/wp-json\/wp\/v2\/categories?post=68649"},{"taxonomy":"post_tag","embeddable":true,"href":"https:\/\/eldiarioantillano.com\/uno\/wp-json\/wp\/v2\/tags?post=68649"}],"curies":[{"name":"wp","href":"https:\/\/api.w.org\/{rel}","templated":true}]}}