{"id":68629,"date":"2024-09-11T00:01:00","date_gmt":"2024-09-11T04:01:00","guid":{"rendered":"https:\/\/eldiarioantillano.com\/uno\/?p=68629"},"modified":"2024-09-10T21:46:30","modified_gmt":"2024-09-11T01:46:30","slug":"acuerdan-mejorar-servicios-de-salud-para-banilejos-por-reconstruccion-de-hospital","status":"publish","type":"post","link":"https:\/\/eldiarioantillano.com\/uno\/2024\/09\/11\/acuerdan-mejorar-servicios-de-salud-para-banilejos-por-reconstruccion-de-hospital\/","title":{"rendered":"Acuerdan mejorar servicios de salud para banilejos por reconstrucci\u00f3n de hospital"},"content":{"rendered":"\n<p>El senador de Peravia, Julito Fulcar;\u00a0 la gobernadora, Yadira B\u00e1ez; el director provincial del Servicio Nacional de Salud, Danilo Montero, y el director del hospital Nuestra Se\u00f1ora de Regla, Jos\u00e9 Lara, se reunieron con el director general del SNS, Mario Lara (centro), para coordinar actividades y mejorar el servicio m\u00e9dico.\u00a0<\/p>\n","protected":false},"excerpt":{"rendered":"<p>El senador de Peravia, Julito Fulcar;\u00a0 la gobernadora, Yadira B\u00e1ez; el director provincial del Servicio&hellip;<\/p>\n","protected":false},"author":2,"featured_media":68621,"comment_status":"open","ping_status":"open","sticky":false,"template":"","format":"standard","meta":{"footnotes":""},"categories":[55],"tags":[],"class_list":["post-68629","post","type-post","status-publish","format-standard","has-post-thumbnail","hentry","category-nacionales"],"_links":{"self":[{"href":"https:\/\/eldiarioantillano.com\/uno\/wp-json\/wp\/v2\/posts\/68629","targetHints":{"allow":["GET"]}}],"collection":[{"href":"https:\/\/eldiarioantillano.com\/uno\/wp-json\/wp\/v2\/posts"}],"about":[{"href":"https:\/\/eldiarioantillano.com\/uno\/wp-json\/wp\/v2\/types\/post"}],"author":[{"embeddable":true,"href":"https:\/\/eldiarioantillano.com\/uno\/wp-json\/wp\/v2\/users\/2"}],"replies":[{"embeddable":true,"href":"https:\/\/eldiarioantillano.com\/uno\/wp-json\/wp\/v2\/comments?post=68629"}],"version-history":[{"count":1,"href":"https:\/\/eldiarioantillano.com\/uno\/wp-json\/wp\/v2\/posts\/68629\/revisions"}],"predecessor-version":[{"id":68630,"href":"https:\/\/eldiarioantillano.com\/uno\/wp-json\/wp\/v2\/posts\/68629\/revisions\/68630"}],"wp:featuredmedia":[{"embeddable":true,"href":"https:\/\/eldiarioantillano.com\/uno\/wp-json\/wp\/v2\/media\/68621"}],"wp:attachment":[{"href":"https:\/\/eldiarioantillano.com\/uno\/wp-json\/wp\/v2\/media?parent=68629"}],"wp:term":[{"taxonomy":"category","embeddable":true,"href":"https:\/\/eldiarioantillano.com\/uno\/wp-json\/wp\/v2\/categories?post=68629"},{"taxonomy":"post_tag","embeddable":true,"href":"https:\/\/eldiarioantillano.com\/uno\/wp-json\/wp\/v2\/tags?post=68629"}],"curies":[{"name":"wp","href":"https:\/\/api.w.org\/{rel}","templated":true}]}}