{"id":68607,"date":"2024-09-10T00:02:00","date_gmt":"2024-09-10T04:02:00","guid":{"rendered":"https:\/\/eldiarioantillano.com\/uno\/?p=68607"},"modified":"2024-09-09T23:58:53","modified_gmt":"2024-09-10T03:58:53","slug":"a-proposito-del-filicidio","status":"publish","type":"post","link":"https:\/\/eldiarioantillano.com\/uno\/2024\/09\/10\/a-proposito-del-filicidio\/","title":{"rendered":"A prop\u00f3sito del filicidio"},"content":{"rendered":"\n<p>Por ANULFO MATEO P\u00c9REZ<\/p>\n\n\n\n<p>1 de 2<\/p>\n\n\n\n<p>Los ataques a la Ley, hechos por psiquiatras y la defensa de la protecci\u00f3n legal que hacen los abogados, oscurecen a veces los problemas del paciente mental que ha delinquido.<\/p>\n\n\n\n<p>Los rituales de la Ley en s\u00ed, pueden ser expresi\u00f3n de temores, deseos e impulsos inconscientes alejados del ideal de jurisprudencia racional.<\/p>\n\n\n\n<p>De igual modo, los juristas desconocen muchas veces de hasta qu\u00e9 punto la atribuci\u00f3n de culpa y castigo de la Ley agravan los sentimientos culposos y la tendencia auto punitiva de los pacientes mentales.<\/p>\n\n\n\n<p>Los psiquiatras se han ocupado del diagn\u00f3stico y tratamiento, por ejemplo, de los \u201cdesviados sexuales\u201d y agresivos, condici\u00f3n que sigue siendo un desaf\u00edo para estos profesionales y toda la sociedad.<\/p>\n\n\n\n<p>Sabemos que ciertos tipos de conducta criminal crean una reacci\u00f3n muy intensa entre la poblaci\u00f3n, no obstante, la ubicuidad de impulsos y fantas\u00edas de ese sujeto, demuestran que es movido por dos factores.<\/p>\n\n\n\n<p>Es decir, que en este caso es la expresi\u00f3n de algunos aspectos del funcionamiento normal, por una parte, y de un trastorno de la personalidad, por la otra, correspondiendo as\u00ed a la Psiquiatr\u00eda, como al Derecho.<\/p>\n\n\n\n<p>La experiencia cl\u00ednica ha demostrado que la estructura de la personalidad del criminal es el resultado de una organizaci\u00f3n intraps\u00edquica constante, que permite predecir su ideaci\u00f3n caracter\u00edstica y su conducta.<\/p>\n\n\n\n<p>As\u00ed, ese sujeto puede manifestar variaciones transitorias de sus emociones, ideaci\u00f3n, afectividad y conducta, si se produce alguna modificaci\u00f3n del ambiente externo en que \u00e9l puede interactuar.<\/p>\n\n\n\n<p>Es conveniente aclarar, que a no ser que se produzca una modificaci\u00f3n intraps\u00edquica significativa como consecuencia del tratamiento, es inevitable que el criminal recurra de nuevo a su conducta habitual.<\/p>\n","protected":false},"excerpt":{"rendered":"<p>Por ANULFO MATEO P\u00c9REZ 1 de 2 Los ataques a la Ley, hechos por psiquiatras&hellip;<\/p>\n","protected":false},"author":2,"featured_media":64779,"comment_status":"open","ping_status":"open","sticky":false,"template":"","format":"standard","meta":{"footnotes":""},"categories":[54,55,51],"tags":[],"class_list":["post-68607","post","type-post","status-publish","format-standard","has-post-thumbnail","hentry","category-anulfo-mateo","category-nacionales","category-opinion"],"_links":{"self":[{"href":"https:\/\/eldiarioantillano.com\/uno\/wp-json\/wp\/v2\/posts\/68607","targetHints":{"allow":["GET"]}}],"collection":[{"href":"https:\/\/eldiarioantillano.com\/uno\/wp-json\/wp\/v2\/posts"}],"about":[{"href":"https:\/\/eldiarioantillano.com\/uno\/wp-json\/wp\/v2\/types\/post"}],"author":[{"embeddable":true,"href":"https:\/\/eldiarioantillano.com\/uno\/wp-json\/wp\/v2\/users\/2"}],"replies":[{"embeddable":true,"href":"https:\/\/eldiarioantillano.com\/uno\/wp-json\/wp\/v2\/comments?post=68607"}],"version-history":[{"count":1,"href":"https:\/\/eldiarioantillano.com\/uno\/wp-json\/wp\/v2\/posts\/68607\/revisions"}],"predecessor-version":[{"id":68608,"href":"https:\/\/eldiarioantillano.com\/uno\/wp-json\/wp\/v2\/posts\/68607\/revisions\/68608"}],"wp:featuredmedia":[{"embeddable":true,"href":"https:\/\/eldiarioantillano.com\/uno\/wp-json\/wp\/v2\/media\/64779"}],"wp:attachment":[{"href":"https:\/\/eldiarioantillano.com\/uno\/wp-json\/wp\/v2\/media?parent=68607"}],"wp:term":[{"taxonomy":"category","embeddable":true,"href":"https:\/\/eldiarioantillano.com\/uno\/wp-json\/wp\/v2\/categories?post=68607"},{"taxonomy":"post_tag","embeddable":true,"href":"https:\/\/eldiarioantillano.com\/uno\/wp-json\/wp\/v2\/tags?post=68607"}],"curies":[{"name":"wp","href":"https:\/\/api.w.org\/{rel}","templated":true}]}}