{"id":68600,"date":"2024-09-10T00:01:00","date_gmt":"2024-09-10T04:01:00","guid":{"rendered":"https:\/\/eldiarioantillano.com\/uno\/?p=68600"},"modified":"2024-09-17T10:12:12","modified_gmt":"2024-09-17T14:12:12","slug":"advierten-sobre-peligro-en-semaforo-ubicado-en-c-duarte-con-av-mella","status":"publish","type":"post","link":"https:\/\/eldiarioantillano.com\/uno\/2024\/09\/10\/advierten-sobre-peligro-en-semaforo-ubicado-en-c-duarte-con-av-mella\/","title":{"rendered":"Advierten sobre peligro en sem\u00e1foro ubicado en C. Duarte con Av. Mella"},"content":{"rendered":"\n<p>La base de metal del sem\u00e1foro en la esquina de m\u00e1s tr\u00e1nsito en Montecristi se encuentra deteriorada, por lo que urge que las autoridades municipales resuelvan el problema antes de que ocurra una tragedia. (Foto: Felipe Adolfo Lemoine).\u00a0<\/p>\n","protected":false},"excerpt":{"rendered":"<p>La base de metal del sem\u00e1foro en la esquina de m\u00e1s tr\u00e1nsito en Montecristi se&hellip;<\/p>\n","protected":false},"author":2,"featured_media":68603,"comment_status":"open","ping_status":"open","sticky":false,"template":"","format":"standard","meta":{"footnotes":""},"categories":[57],"tags":[],"class_list":["post-68600","post","type-post","status-publish","format-standard","has-post-thumbnail","hentry","category-montecristi"],"_links":{"self":[{"href":"https:\/\/eldiarioantillano.com\/uno\/wp-json\/wp\/v2\/posts\/68600","targetHints":{"allow":["GET"]}}],"collection":[{"href":"https:\/\/eldiarioantillano.com\/uno\/wp-json\/wp\/v2\/posts"}],"about":[{"href":"https:\/\/eldiarioantillano.com\/uno\/wp-json\/wp\/v2\/types\/post"}],"author":[{"embeddable":true,"href":"https:\/\/eldiarioantillano.com\/uno\/wp-json\/wp\/v2\/users\/2"}],"replies":[{"embeddable":true,"href":"https:\/\/eldiarioantillano.com\/uno\/wp-json\/wp\/v2\/comments?post=68600"}],"version-history":[{"count":1,"href":"https:\/\/eldiarioantillano.com\/uno\/wp-json\/wp\/v2\/posts\/68600\/revisions"}],"predecessor-version":[{"id":68604,"href":"https:\/\/eldiarioantillano.com\/uno\/wp-json\/wp\/v2\/posts\/68600\/revisions\/68604"}],"wp:featuredmedia":[{"embeddable":true,"href":"https:\/\/eldiarioantillano.com\/uno\/wp-json\/wp\/v2\/media\/68603"}],"wp:attachment":[{"href":"https:\/\/eldiarioantillano.com\/uno\/wp-json\/wp\/v2\/media?parent=68600"}],"wp:term":[{"taxonomy":"category","embeddable":true,"href":"https:\/\/eldiarioantillano.com\/uno\/wp-json\/wp\/v2\/categories?post=68600"},{"taxonomy":"post_tag","embeddable":true,"href":"https:\/\/eldiarioantillano.com\/uno\/wp-json\/wp\/v2\/tags?post=68600"}],"curies":[{"name":"wp","href":"https:\/\/api.w.org\/{rel}","templated":true}]}}