{"id":68513,"date":"2024-09-05T00:01:00","date_gmt":"2024-09-05T04:01:00","guid":{"rendered":"https:\/\/eldiarioantillano.com\/uno\/?p=68513"},"modified":"2024-09-04T20:27:42","modified_gmt":"2024-09-05T00:27:42","slug":"maestros-discutiran-transformacion-del-aprendizaje-a-traves-de-la-tecnologia","status":"publish","type":"post","link":"https:\/\/eldiarioantillano.com\/uno\/2024\/09\/05\/maestros-discutiran-transformacion-del-aprendizaje-a-traves-de-la-tecnologia\/","title":{"rendered":"Maestros discutir\u00e1n transformaci\u00f3n del aprendizaje a trav\u00e9s de la tecnolog\u00eda"},"content":{"rendered":"\n<p>El XXV Convivio Nacional de Maestros se realizar\u00e1 en el local de Coopnama en la av. Rafael Tom\u00e1s Fern\u00e1ndez Dom\u00ednguez, antugua carr. San Isidro.\u00a0<\/p>\n","protected":false},"excerpt":{"rendered":"<p>El XXV Convivio Nacional de Maestros se realizar\u00e1 en el local de Coopnama en la&hellip;<\/p>\n","protected":false},"author":2,"featured_media":68506,"comment_status":"open","ping_status":"open","sticky":false,"template":"","format":"standard","meta":{"footnotes":""},"categories":[55],"tags":[],"class_list":["post-68513","post","type-post","status-publish","format-standard","has-post-thumbnail","hentry","category-nacionales"],"_links":{"self":[{"href":"https:\/\/eldiarioantillano.com\/uno\/wp-json\/wp\/v2\/posts\/68513","targetHints":{"allow":["GET"]}}],"collection":[{"href":"https:\/\/eldiarioantillano.com\/uno\/wp-json\/wp\/v2\/posts"}],"about":[{"href":"https:\/\/eldiarioantillano.com\/uno\/wp-json\/wp\/v2\/types\/post"}],"author":[{"embeddable":true,"href":"https:\/\/eldiarioantillano.com\/uno\/wp-json\/wp\/v2\/users\/2"}],"replies":[{"embeddable":true,"href":"https:\/\/eldiarioantillano.com\/uno\/wp-json\/wp\/v2\/comments?post=68513"}],"version-history":[{"count":1,"href":"https:\/\/eldiarioantillano.com\/uno\/wp-json\/wp\/v2\/posts\/68513\/revisions"}],"predecessor-version":[{"id":68514,"href":"https:\/\/eldiarioantillano.com\/uno\/wp-json\/wp\/v2\/posts\/68513\/revisions\/68514"}],"wp:featuredmedia":[{"embeddable":true,"href":"https:\/\/eldiarioantillano.com\/uno\/wp-json\/wp\/v2\/media\/68506"}],"wp:attachment":[{"href":"https:\/\/eldiarioantillano.com\/uno\/wp-json\/wp\/v2\/media?parent=68513"}],"wp:term":[{"taxonomy":"category","embeddable":true,"href":"https:\/\/eldiarioantillano.com\/uno\/wp-json\/wp\/v2\/categories?post=68513"},{"taxonomy":"post_tag","embeddable":true,"href":"https:\/\/eldiarioantillano.com\/uno\/wp-json\/wp\/v2\/tags?post=68513"}],"curies":[{"name":"wp","href":"https:\/\/api.w.org\/{rel}","templated":true}]}}