{"id":68505,"date":"2024-09-04T20:24:41","date_gmt":"2024-09-05T00:24:41","guid":{"rendered":"https:\/\/eldiarioantillano.com\/uno\/?p=68505"},"modified":"2024-09-04T20:24:44","modified_gmt":"2024-09-05T00:24:44","slug":"presidente-del-instituto-duartiano-dictara-conferencia-este-jueves-en-montecristi","status":"publish","type":"post","link":"https:\/\/eldiarioantillano.com\/uno\/2024\/09\/04\/presidente-del-instituto-duartiano-dictara-conferencia-este-jueves-en-montecristi\/","title":{"rendered":"Presidente del Instituto Duartiano dictar\u00e1 conferencia este jueves en Montecristi"},"content":{"rendered":"\n<p>\u00a0El encuentro ser\u00e1 a las 10 de la ma\u00f1ana en el Liceo Jos\u00e9 Mart\u00ed con el Dr. Wilson G\u00f3mez Ram\u00edrez.\u00a0<\/p>\n","protected":false},"excerpt":{"rendered":"<p>\u00a0El encuentro ser\u00e1 a las 10 de la ma\u00f1ana en el Liceo Jos\u00e9 Mart\u00ed con&hellip;<\/p>\n","protected":false},"author":2,"featured_media":68509,"comment_status":"open","ping_status":"open","sticky":false,"template":"","format":"standard","meta":{"footnotes":""},"categories":[57],"tags":[],"class_list":["post-68505","post","type-post","status-publish","format-standard","has-post-thumbnail","hentry","category-montecristi"],"_links":{"self":[{"href":"https:\/\/eldiarioantillano.com\/uno\/wp-json\/wp\/v2\/posts\/68505","targetHints":{"allow":["GET"]}}],"collection":[{"href":"https:\/\/eldiarioantillano.com\/uno\/wp-json\/wp\/v2\/posts"}],"about":[{"href":"https:\/\/eldiarioantillano.com\/uno\/wp-json\/wp\/v2\/types\/post"}],"author":[{"embeddable":true,"href":"https:\/\/eldiarioantillano.com\/uno\/wp-json\/wp\/v2\/users\/2"}],"replies":[{"embeddable":true,"href":"https:\/\/eldiarioantillano.com\/uno\/wp-json\/wp\/v2\/comments?post=68505"}],"version-history":[{"count":1,"href":"https:\/\/eldiarioantillano.com\/uno\/wp-json\/wp\/v2\/posts\/68505\/revisions"}],"predecessor-version":[{"id":68510,"href":"https:\/\/eldiarioantillano.com\/uno\/wp-json\/wp\/v2\/posts\/68505\/revisions\/68510"}],"wp:featuredmedia":[{"embeddable":true,"href":"https:\/\/eldiarioantillano.com\/uno\/wp-json\/wp\/v2\/media\/68509"}],"wp:attachment":[{"href":"https:\/\/eldiarioantillano.com\/uno\/wp-json\/wp\/v2\/media?parent=68505"}],"wp:term":[{"taxonomy":"category","embeddable":true,"href":"https:\/\/eldiarioantillano.com\/uno\/wp-json\/wp\/v2\/categories?post=68505"},{"taxonomy":"post_tag","embeddable":true,"href":"https:\/\/eldiarioantillano.com\/uno\/wp-json\/wp\/v2\/tags?post=68505"}],"curies":[{"name":"wp","href":"https:\/\/api.w.org\/{rel}","templated":true}]}}