{"id":68415,"date":"2024-09-02T00:01:00","date_gmt":"2024-09-02T04:01:00","guid":{"rendered":"https:\/\/eldiarioantillano.com\/uno\/?p=68415"},"modified":"2024-09-01T19:52:26","modified_gmt":"2024-09-01T23:52:26","slug":"ejercer-el-derecho-a-pensar-y-actuar-no-a-la-tercera-guerra-mundial-de-la-otan","status":"publish","type":"post","link":"https:\/\/eldiarioantillano.com\/uno\/2024\/09\/02\/ejercer-el-derecho-a-pensar-y-actuar-no-a-la-tercera-guerra-mundial-de-la-otan\/","title":{"rendered":"Ejercer el derecho a pensar y actuar: \u00a1No a la Tercera Guerra Mundial de la OTAN!"},"content":{"rendered":"\n<p>29 de agosto de 2024 (EIRNS).\u2014 Esta semana estar\u00e1n en Washington, DC, y en Bruselas, unos funcionarios del gobierno de Ucrania, para exigir el visto bueno para el uso sin restricciones de armas estadounidenses y occidentales dentro de Rusia, el sello de aprobaci\u00f3n de una invasi\u00f3n de la OTAN. Se trata de un desaf\u00edo directo y flagrante a la doctrina rusa declarada en 2020: Rusia usar\u00e1 armas nucleares, s\u00f3lo \u201ccuando la existencia misma del Estado est\u00e9 amenazada\u201d. El ministro ruso de Asuntos Exteriores, Sergu\u00e9i Lavrov, dio ayer una conferencia de prensa en Mosc\u00fa, en la que sac\u00f3 a relucir las implicaciones de esta cuesti\u00f3n.&nbsp;<\/p>\n\n\n\n<p>El viaje de los ucranianos ya est\u00e1 arreglado desde que salieron, por supuesto. Esta semana viajar\u00e1n a Washington dos altos asesores del presidente Zelenski, Andriy Yermak y el ministro de Defensa Rustem Umerov. El 29 de agosto viajar\u00e1 a Bruselas el ministro de Asuntos Exteriores de Ucrania, Dmytro Kuleba. En la reuni\u00f3n de Asuntos Exteriores se espera la presencia de los Ministros de Asuntos Exteriores de los 27 Estados miembros de la Uni\u00f3n Europea, adem\u00e1s de las naciones invitadas, entre ellas Turqu\u00eda. El tema previsto es la defensa a\u00e9rea, pero el Alto Representante de la UE para Asuntos Exteriores y Pol\u00edtica de Seguridad, Josep Borrell, ya est\u00e1 abordando la necesidad de levantar las restricciones sobre lo que Ucrania puede hacer dentro de Rusia. En un&nbsp;<a href=\"https:\/\/x.com\/JosepBorrellF\/status\/1828096414603452542\" rel=\"noreferrer noopener\" target=\"_blank\">mensaje en su cuenta de&nbsp;<\/a><em><a href=\"https:\/\/x.com\/JosepBorrellF\/status\/1828096414603452542\" rel=\"noreferrer noopener\" target=\"_blank\">X<\/a><\/em>&nbsp;del 26 de agosto, dijo que levantar tales restricciones sobre objetivos rusos \u201creforzar\u00eda la autodefensa ucraniana\u201d.&nbsp;<\/p>\n\n\n\n<p>El ministro de Asuntos Exteriores Sergu\u00e9i Lavrov, habl\u00f3 con firmeza desde Mosc\u00fa. El titular de la rese\u00f1a que public\u00f3 la agencia brit\u00e1nica&nbsp;<em>Reuters&nbsp;<\/em>da en el clavo, para variar: \u201c<a href=\"https:\/\/www.reuters.com\/world\/russia-warns-united-states-risks-world-war-three-2024-08-27\/\" rel=\"noreferrer noopener\" target=\"_blank\">Russia Warns the United States of the Risks of World War Three<\/a>\u201d (Rusia advierte a Estados Unidos del riesgo de una tercera guerra mundial). Lavrov dijo que los dirigentes occidentales est\u00e1n \u201cjugando con fuego, y son como ni\u00f1os peque\u00f1os jugando con f\u00f3sforos, algo muy peligroso para los t\u00edos y t\u00edas mayores a los que se conf\u00edan armas nucleares en uno u otro pa\u00eds occidental\u201d.&nbsp;<\/p>\n\n\n\n<p>Nos corresponde a todos nosotros, en todo el mundo, hacer sonar la alarma. Sin embargo, estamos llamados a luchar al mismo tiempo por el derecho fundamental a hacerlo, y a proponer un rumbo de seguridad para nuestras naciones y el mundo.&nbsp;<\/p>\n\n\n\n<p>En esta situaci\u00f3n de peligro creciente, el derecho de los ciudadanos de todo el mundo a ejercer no s\u00f3lo la libertad de expresi\u00f3n, la pr\u00e1ctica religiosa y la libertad humana, sino tambi\u00e9n el derecho a obtener informaci\u00f3n, buscar la verdad y de&nbsp;<em>pensa<\/em>r, es de suma importancia. Estos derechos est\u00e1n siendo cada vez m\u00e1s atacados.&nbsp;<\/p>\n\n\n\n<p>En Estados Unidos se dio el lunes 26 un importante di\u00e1logo sobre estas cuestiones, en la reuni\u00f3n nacional semanal (en l\u00ednea) organizada por los candidatos independientes de LaRouche de Nueva York, Diane Sare (Senado de Estados Unidos por el estado de Nueva York) y Jos\u00e9 Vega (15\u00ba CD del Bronx). Intervino el candidato independiente al Congreso de Estados Unidos por Ohio (7 CD), Dennis Kucinich; \u00e9l fue alcalde de Cleveland, y ya fue miembro del Congreso y dos veces candidato presidencial. Participaron otros candidatos y simpatizantes de muchos estados, entre ellos Ben Wesley, candidato en Connecticut, con el respaldo del Partido de la Independencia de ese estado.&nbsp;<\/p>\n\n\n\n<p>Tambi\u00e9n particip\u00f3 Scott Ritter, ex inspector de armamento de la ONU que est\u00e1 haciendo campa\u00f1a para que el tema central de las elecciones estadounidenses sea detener la guerra nuclear ya. Ritter est\u00e1 en primera l\u00ednea en la defensa de los derechos y responsabilidades constitucionales en Estados Unidos. En las \u00faltimas semanas, el FBI y las autoridades federales le han confiscado el pasaporte, han allanado su domicilio y se han incautado de documentos.&nbsp;<\/p>\n\n\n\n<p>En esta ocasi\u00f3n, Ritter declar\u00f3: \u201cMe est\u00e1n investigando por supuesta conducta delictiva, \u00a1porque intento detener una guerra nuclear! Porque me atrevo a desafiar el evangelio de la industria nuclear, el partido de la guerra, que dice que no s\u00f3lo necesitamos armas nucleares, \u00a1sino que debemos cambiar nuestra doctrina de empleo nuclear para facilitar el uso de esas armas nucleares! As\u00ed, la lucha para impedir una guerra nuclear es inseparable de la lucha para defender la libertad de expresi\u00f3n\u201d.&nbsp;<\/p>\n\n\n\n<p>La Coalici\u00f3n Internacional por la Paz, fundada hace 65 semanas por la dirigente del Instituto Schiller, Helga Zepp-LaRouche, es la plataforma para apoyar y difundir este esp\u00edritu de lucha y responsabilidad por la humanidad en todas partes, para detener el empuje hacia la guerra, acabar con los siglos de imperio y dar vida a un nuevo paradigma de paz y desarrollo.&nbsp;<\/p>\n\n\n\n<p>Un anticipo de lo que puede ser el mundo en esa nueva era, siempre que derrotemos la amenaza de la Tercera Guerra Mundial de la OTAN, est\u00e1 disponible en las deliberaciones previstas para la pr\u00f3xima semana en dos conferencias internacionales: El Foro Econ\u00f3mico Oriental (FEO) que se realizar\u00e1 cada a\u00f1o en Vladivostok, Rusia, del 3 al 6 de septiembre, sobre el tema: \u201cLejano Oriente 2030: Uniendo fuerzas para crear un nuevo potencial\u201d. El Foro de Cooperaci\u00f3n China-\u00c1frica (FOCCA) tendr\u00e1 lugar en Pek\u00edn, del 4 al 6 de septiembre, sobre el tema: \u201cAunar esfuerzos para avanzar en la modernizaci\u00f3n y construir una comunidad China-\u00c1frica de alto nivel con un futuro compartido\u201d.&nbsp;<\/p>\n\n\n\n<p>Participar\u00e1n representantes de la mayor\u00eda de las naciones del mundo, que representan la mayor parte de la poblaci\u00f3n mundial. Los temas van desde el nuevo complejo sider\u00fargico integrado de Zimbabue hasta la gesti\u00f3n de los fletes en el \u00c1rtico, pasando por c\u00f3mo crear orquestas juveniles en todas partes.&nbsp;<\/p>\n\n\n\n<p>El Presidente de Rusia Vladimir Putin emiti\u00f3 ayer su&nbsp;<a href=\"http:\/\/en.kremlin.ru\/events\/president\/news\/74941\" rel=\"noreferrer noopener\" target=\"_blank\">saludo de bienvenida<\/a>&nbsp;a la conferencia del FEO. Habl\u00f3 de las \u201cnuevas oportunidades de cooperaci\u00f3n productiva\u201d que se est\u00e1n creando en el marco de estructuras multilaterales como la Uni\u00f3n Econ\u00f3mica Euroasi\u00e1tica, la Organizaci\u00f3n de Cooperaci\u00f3n de Shangh\u00e1i y el BRICS. \u201cMe gustar\u00eda aprovechar esta oportunidad para reiterar que Rusia est\u00e1 abierta al di\u00e1logo con todos los socios interesados de la regi\u00f3n Asia-Pac\u00edfico y est\u00e1 decidida a interactuar vigorosamente con los dem\u00e1s para construir un sistema de relaciones internacionales m\u00e1s justo y democr\u00e1tico, basado en una aut\u00e9ntica igualdad\u201d.<\/p>\n","protected":false},"excerpt":{"rendered":"<p>29 de agosto de 2024 (EIRNS).\u2014 Esta semana estar\u00e1n en Washington, DC, y en Bruselas,&hellip;<\/p>\n","protected":false},"author":2,"featured_media":67748,"comment_status":"open","ping_status":"open","sticky":false,"template":"","format":"standard","meta":{"footnotes":""},"categories":[78,52],"tags":[],"class_list":["post-68415","post","type-post","status-publish","format-standard","has-post-thumbnail","hentry","category-eirns","category-internacionales"],"_links":{"self":[{"href":"https:\/\/eldiarioantillano.com\/uno\/wp-json\/wp\/v2\/posts\/68415","targetHints":{"allow":["GET"]}}],"collection":[{"href":"https:\/\/eldiarioantillano.com\/uno\/wp-json\/wp\/v2\/posts"}],"about":[{"href":"https:\/\/eldiarioantillano.com\/uno\/wp-json\/wp\/v2\/types\/post"}],"author":[{"embeddable":true,"href":"https:\/\/eldiarioantillano.com\/uno\/wp-json\/wp\/v2\/users\/2"}],"replies":[{"embeddable":true,"href":"https:\/\/eldiarioantillano.com\/uno\/wp-json\/wp\/v2\/comments?post=68415"}],"version-history":[{"count":1,"href":"https:\/\/eldiarioantillano.com\/uno\/wp-json\/wp\/v2\/posts\/68415\/revisions"}],"predecessor-version":[{"id":68416,"href":"https:\/\/eldiarioantillano.com\/uno\/wp-json\/wp\/v2\/posts\/68415\/revisions\/68416"}],"wp:featuredmedia":[{"embeddable":true,"href":"https:\/\/eldiarioantillano.com\/uno\/wp-json\/wp\/v2\/media\/67748"}],"wp:attachment":[{"href":"https:\/\/eldiarioantillano.com\/uno\/wp-json\/wp\/v2\/media?parent=68415"}],"wp:term":[{"taxonomy":"category","embeddable":true,"href":"https:\/\/eldiarioantillano.com\/uno\/wp-json\/wp\/v2\/categories?post=68415"},{"taxonomy":"post_tag","embeddable":true,"href":"https:\/\/eldiarioantillano.com\/uno\/wp-json\/wp\/v2\/tags?post=68415"}],"curies":[{"name":"wp","href":"https:\/\/api.w.org\/{rel}","templated":true}]}}