{"id":68412,"date":"2024-09-02T00:00:00","date_gmt":"2024-09-02T04:00:00","guid":{"rendered":"https:\/\/eldiarioantillano.com\/uno\/?p=68412"},"modified":"2024-09-01T19:50:10","modified_gmt":"2024-09-01T23:50:10","slug":"el-1j4-en-region-suroeste","status":"publish","type":"post","link":"https:\/\/eldiarioantillano.com\/uno\/2024\/09\/02\/el-1j4-en-region-suroeste\/","title":{"rendered":"El 1J4 en Regi\u00f3n Suroeste"},"content":{"rendered":"\n<p>ARTCULO INVITADO<\/p>\n\n\n\n<p>Por Amaurys P\u00e9rez Vargas<\/p>\n\n\n\n<p><strong>Comit\u00e9 Provincial de San Juan<\/strong>: Johnny Stefan, presidente; Manuel Fern\u00e1ndez, Federico Perez Garc\u00eda, Jos\u00e9 del Carmen Fleury, Jorge Lapax, Manuel S\u00e1nchez, Jos\u00e9 Heyaime, Jos\u00e9 V\u00edlchez y Sim\u00f3n Cruz, Weda Capell, Lourdes Luciano, Milagros Montas y Griselda de los Santos. An\u00edbal Paniagua Tejeda, V\u00edctor Fleury Fern\u00e1ndez, Agust\u00edn Villaman, Rafael Mar\u00eda Gil, Jos\u00e9 Vetilio Valenzuela, Andr\u00e9s Liranzo, Qu\u00edrico M\u00e9ndez Ram\u00edrez, doctor Rufino Paniagua, Emiliano Capell Horacio Navarro, Jos\u00e9 Caballero, Bienvenido Pi\u00f1a, Frank Batista, Efra\u00edn Calder\u00f3n Fern\u00e1ndez y Bain B\u00e1ez. Babi Ram\u00edrez, Jaime Capell Bello, Nelson Valenzuela Herrera, Fausto Ram\u00edrez Mesa, Claudio M\u00e9ndez Rosado, y Am\u00e9rico Capell Bello. Comit\u00e9 Municipal de San Juan: Jos\u00e9 Oscar Vi\u00f1as Bonelly, presidente.<\/p>\n\n\n\n<p><strong>Comit\u00e9 Provincial de Bahoruco<\/strong>: Jorge Rivas Ferreras, presidente; Homero V\u00e1squez Rivas, miembro. Subcomit\u00e9 de Vicente Noble: Hortensia Reyes, miembro. Comit\u00e9 Municipal de Tamayo: Dr. Francisco Reyes V\u00f3lquez, presidente; Enrique Carrasco Michel, secretario general; Juan Esteban Olivero F\u00e9liz, subsecretario general; Radham\u00e9s M\u00e9ndez V., secretario de organizaci\u00f3n; Pedro Renato Arias F., secretario de Relaciones P\u00fablicas; Augusto Montes de Oca, secretario de juventud; Miguelino Soto B\u00e1ez, secretario de Publicidad y Propaganda; Buenaventura F\u00e9lix, secretario de Asistencia Social; Ernesto Melo, secretario de Disciplina; Gisela F\u00e9liz Ram\u00edrez, secretaria de Asuntos Femeninos; Miguelina F\u00e9liz Ram\u00edrez, secretaria de Actas y Correspondencias; Argentina F\u00e9liz Ram\u00edrez, Vocal. Tambi\u00e9n se vincul\u00f3 la hermana Dorinda F\u00e9liz Ram\u00edrez.<\/p>\n\n\n\n<p>Posteriormente dicho Comit\u00e9 fue restructurado, tal como se establece: presidente Dr. Juan Francisco Reyes V\u00f3lquez, (Negro Reyes); vicepresidente Pedro Renato Arias (Renatico); secretario general, Rafael Augusto Montes de Oca (Fellito Montes de Oca); secretario de organizaci\u00f3n Garibaldi Reyes y Reyes (Gar\u00ed); Rafael Augusto Arias Fabi\u00e1n secretario de Finanzas (Filis); Gisela Feliz Ram\u00edrez secretaria de Asuntos Femeninos; Persio Augusto Oviedo Beltr\u00e9 (Persiano) secretario de Asuntos Juveniles; Juan Cris\u00f3stomo Jorge Cruz (Carburito), secretario de Asuntos Campesinos; Miguelina F\u00e9liz Ram\u00edrez, secretaria de Actas y Correspondencias. Vocales: Argentina F\u00e9liz Ram\u00edrez, Rafael Rodr\u00edguez Beltr\u00e9. Encargado del local, Baldemiro Batista (Fernando \u00abel flaco\u00bb o Fernando Mu\u00f1eco). Enrique Michel Carrasco, coordinador por ante el Comit\u00e9 Regional. Fuente: Dr. Rafael Augusto Arias Fabi\u00e1n (Filis).<\/p>\n\n\n\n<p><strong>Comit\u00e9 Municipal de Neiba:<\/strong>&nbsp;Ing. Miguel Arc\u00e1ngel V\u00e1squez Fern\u00e1ndez, presidente. Comit\u00e9 Municipal de Villa Jaragua: Jorge Rivas Ferreras, presidente; Homero V\u00e1squez Rivas, miembro. Reorganizan Comit\u00e9 Municipal de Villa Jaragua: Br. Alejandro Trinidad M\u00e9ndez, presidente; Br. Salvador Medina Sierra, secretario general: Danilo M\u00e9ndez Medina, subsecretario general; Llidio Ferreras y Ferreras, secretario de organizaci\u00f3n; subsecretario de organizaci\u00f3n Agripino Ferreras P\u00e9rez, subsecretario; Br. Rosario G\u00f3mez P\u00e9rez, secretario de capacitaci\u00f3n; Julio Ferreras D\u00edaz; Alfredo Gonz\u00e1lez S\u00e1nchez, secretario de asistencia social; Ger\u00f3nimo Trinidad hijo, subsecretario; Secundino D\u00edaz Pe\u00f1a, secretario de Publicidad y Propaganda; Antonio Cuevas Sena, subsecretario; Ulises Sena M\u00e9ndez, secretario de finanzas; Jorge Santana, subsecretario; Rafael Piro Segura hijo, secretario de Asuntos Campesinos; Isidoro Medina Perreras, subsecretario; Candelario Cueva (Grasito), subsecretario de Asunto Laborales: Braudilio Ferreras Matos, subsecretario; Bernardino P\u00e9rez Pe\u00f1a, secretario de asuntos juveniles; Artemio Ferreras P\u00e9rez, subsecretario; Emiliano Ferreras M\u00e9ndez, secretario de relaciones p\u00fablicas; Carmelo Pe\u00f1a D\u00edaz, subsecretario; Mart\u00edn. M\u00e9ndez Santana, secretario de relaciones internas; Segundo Cuevas Matos, subsecretario; Br. Raymundo Cuevas Sena y Br. Jorge Rivas Ferreras, delegados ante el comit\u00e9 central ejecutivo.<\/p>\n\n\n\n<p><strong>Comit\u00e9 Municipal Femenino Villa Jaragua<\/strong>: presidenta, Milagros Cabral de Rivas; secretaria general Nelly Rivas; subsecretario general, Amanitina Medida de M\u00e9ndez; Secretar\u00eda de Organizaci\u00f3n, Benedic\u00eda M\u00e9ndez; Secretar\u00eda de Capacitaci\u00f3n, Mar\u00eda Rivas; Secretar\u00eda de Publicidad y Propaganda, Miriam Matos Pe\u00f1a; Secretaria de Asistencia Social, Argentina Ferreras; subsecretario Bernarda P\u00e9rez de V\u00e1squez; secretaria de Finanzas, Juana Esther M\u00e9ndez de C.; subsecretaria, Maria Tenora P\u00e9rez.<\/p>\n\n\n\n<p><strong>Comit\u00e9 Juvenil del Distrito Municipal de Villa Jaragua:<\/strong>&nbsp;Juan Paulino M\u00e9ndez, presidente; Domingo Ferreras P\u00e9rez, secretario general; Pedro S\u00f3crates M\u00e9ndez, subsecretario; Andr\u00e9s Matos Sena, secretario de organizaci\u00f3n; F\u00e9lix Adri\u00e1n Segura II, secretario de finanzas; Antonio Matos Pe\u00f1a, secretario de publicidad y propaganda; Ruddy Segura Sena, secretario de asuntos laborales; Delf\u00edn P\u00e9rez Ferreras, secretario de asuntos campesinos; Bartolo Ferreras Medina, secretario de asuntos estudiantiles; Andr\u00e9s Osvaldo Cuevas P\u00e9rez, secretario de capacitaci\u00f3n.<\/p>\n\n\n\n<p><strong>Subcomit\u00e9 Barrio El Otro Lado, Villa Jaragua:<\/strong>&nbsp;Rosario G\u00f3mez Perez, presidente; Nelson Ceferino Ferreras; secretario general; Antonio Pe\u00f1a M\u00e9ndez, subsecretario general; Silverio M\u00e9ndez, secretario de organizaci\u00f3n; Concepci\u00f3n Sena Rivas, secretario de publicidad; Emiliano Sena D\u00edaz, secretario de finanzas; Delf\u00edn M\u00e9ndez Rivas, secretario de asuntos laborales; Mart\u00edn M\u00e9ndez Rivas, secretario de asuntas campesinos; y Artemio Ferreras, secretario de asuntos. juveniles.<\/p>\n\n\n\n<p><strong>Subcomit\u00e9 de La Madre, Villa Jaragua<\/strong>: Ger\u00f3nimo Trinidad, presidente; Braulio Ferreras Matos, secretario general; Marcial Medina, secretario de organizaci\u00f3n; Jos\u00e9 Medina Ferreras, secretario de Publicidad y Propaganda; Marino Ferreras, secretario de. Asuntos Campesinos; y Policarpio Medina Trinidad, secretario de Asuntos Juveniles.<\/p>\n\n\n\n<p>Subcomit\u00e9 No. 1, del Otro Lado: Clodomiro G\u00f3mez P\u00e9rez, presidente; Juan M\u00e9ndez Pe\u00f1a, secretario general; Mart\u00edn Se\u00f1a, subsecretario general; Ubiel Sena Segura, secretario de organizaci\u00f3n ; Emiliano Sena D\u00edaz, secretario de Finanzas; Tom\u00e1s Rivas, secretario de Asuntos Laborales; Mat\u00edas Santana Cuevas, secretario de asuntos campesinos; Delfin M\u00e9ndez Rivas, secretario de Capacitaci\u00f3n; Secretario de Asuntos Juveniles, Mart\u00edn Ferreras; Secretario de Asistencia Social, Francisco Santana Matos; secretario de Relaciones P\u00fablicas, Antonio Pe\u00f1a M\u00e9ndez; Silverio M\u00e9ndez Sena, secretario d\u00e9 Publicidad y propaganda; Alejandro Cuevas Matos, secretario de Relaciones Internas.<\/p>\n\n\n\n<p>Subcomit\u00e9 Juvenil, del Otro Lado: Virgilio Ferreras, presidente; Rafael M\u00e9ndez, secretario general; Rosario Ferreras, subsecretario general; Enriquillo M\u00e9ndez Cuevas, secretario de Capacitaci\u00f3n; Juan Segura M\u00e9ndez secretario de organizaci\u00f3n; Salvador M\u00e9ndez Pe\u00f1a, secretario de Finanzas; Rafael M\u00e9ndez Trinidad, secretario de Publicidad y propaganda; Bernardo M\u00e9ndez P., secretario de asuntos campesinos; Juli\u00e1n M\u00e9ndez, secretario de Asuntos Laborales; Peynero Segura Batista, secretario de Asuntos Juveniles; Rubel Trinidad M., secretario de Asuntos Estudiantiles.<\/p>\n\n\n\n<p>Subcomit\u00e9 No. 2, del sector La Madre: Valerio Santana Matos, presidente; Otilia Sena de Batista, secretario general; Manuel de los Reyes Ferreras, subsecretario general; Bartolo Matos, secretario de organizaci\u00f3n; Secretario de Finanzas, Marcial Medina; secretario de Asuntos Laborales, Ger\u00f3nimo Trinidad; Jos\u00e9 Medina Ferrera, secretario de Publicidad y Propaganda; Juan Trinidad Segura, secretario de Asuntos Campesinos; Uribe Sena Ferreras, secretario de Sapacitaci\u00f3n; Policarpo Medina Trinidad, secretario de Asuntos Juveniles.<\/p>\n\n\n\n<p><strong>Subcomit\u00e9 Rama Femenina sectores del Otro Lado y La Madre:<\/strong>&nbsp;Rosario Trinidad Ferreras, presidenta; En\u00e9rcida Medina Ferreras, secretaria general; Bienvenida Sena Segura, secretaria de Organizaci\u00f3n; M\u00e9lida Trinidad Perrera, secretar\u00eda de Finanzas; Margarita Medina secretaria de Capacitaci\u00f3n; Teresa Ferreras Segura, secretaria de Asistencia Social; On\u00e9simo Ferreras Medina, Subsecretar\u00eda; Eris Danis Matos Vas, secretaria de Asuntos Juveniles; Eulalia Virgen Matos, secretario de Asuntos Campesinos; Fausta Segura Batista, secretaria de Asuntos Estudiantiles; Tranfis Santana M\u00e9ndez, secretaria de Asuntos Laborales. Miembros: Esibia Segura San Lana, Mireya Medina Ferrera y Altagracia Medina T.<\/p>\n\n\n\n<p>Comit\u00e9 Municipal de Duverg\u00e9: Furmino P\u00e9rez, presidente; Andr\u00e9s Rocha, vicepresidente; se\u00f1orita M\u00e9ndez F\u00e9liz, miembro. Comit\u00e9 Municipal de Pedernales: Elpidio (Pillo) Montes de Oca Ram\u00edrez, Rafael (Fello) M\u00e9ndez, Dante Can\u00f3 De la Mota, Milvio Gonz\u00e1lez, Alcib\u00edades M\u00e9ndez (Bobollo) y un mec\u00e1nico de Alcoa, llamado Francisco.<\/p>\n\n\n\n<p>Reproducido de hoy.com.do<\/p>\n","protected":false},"excerpt":{"rendered":"<p>ARTCULO INVITADO Por Amaurys P\u00e9rez Vargas Comit\u00e9 Provincial de San Juan: Johnny Stefan, presidente; Manuel&hellip;<\/p>\n","protected":false},"author":2,"featured_media":68413,"comment_status":"open","ping_status":"open","sticky":false,"template":"","format":"standard","meta":{"footnotes":""},"categories":[66,55],"tags":[],"class_list":["post-68412","post","type-post","status-publish","format-standard","has-post-thumbnail","hentry","category-articulo-invitado","category-nacionales"],"_links":{"self":[{"href":"https:\/\/eldiarioantillano.com\/uno\/wp-json\/wp\/v2\/posts\/68412","targetHints":{"allow":["GET"]}}],"collection":[{"href":"https:\/\/eldiarioantillano.com\/uno\/wp-json\/wp\/v2\/posts"}],"about":[{"href":"https:\/\/eldiarioantillano.com\/uno\/wp-json\/wp\/v2\/types\/post"}],"author":[{"embeddable":true,"href":"https:\/\/eldiarioantillano.com\/uno\/wp-json\/wp\/v2\/users\/2"}],"replies":[{"embeddable":true,"href":"https:\/\/eldiarioantillano.com\/uno\/wp-json\/wp\/v2\/comments?post=68412"}],"version-history":[{"count":1,"href":"https:\/\/eldiarioantillano.com\/uno\/wp-json\/wp\/v2\/posts\/68412\/revisions"}],"predecessor-version":[{"id":68414,"href":"https:\/\/eldiarioantillano.com\/uno\/wp-json\/wp\/v2\/posts\/68412\/revisions\/68414"}],"wp:featuredmedia":[{"embeddable":true,"href":"https:\/\/eldiarioantillano.com\/uno\/wp-json\/wp\/v2\/media\/68413"}],"wp:attachment":[{"href":"https:\/\/eldiarioantillano.com\/uno\/wp-json\/wp\/v2\/media?parent=68412"}],"wp:term":[{"taxonomy":"category","embeddable":true,"href":"https:\/\/eldiarioantillano.com\/uno\/wp-json\/wp\/v2\/categories?post=68412"},{"taxonomy":"post_tag","embeddable":true,"href":"https:\/\/eldiarioantillano.com\/uno\/wp-json\/wp\/v2\/tags?post=68412"}],"curies":[{"name":"wp","href":"https:\/\/api.w.org\/{rel}","templated":true}]}}