{"id":68387,"date":"2024-08-31T00:13:21","date_gmt":"2024-08-31T04:13:21","guid":{"rendered":"https:\/\/eldiarioantillano.com\/uno\/?p=68387"},"modified":"2024-08-31T00:13:23","modified_gmt":"2024-08-31T04:13:23","slug":"manzanillo-honestidad-y-soberania","status":"publish","type":"post","link":"https:\/\/eldiarioantillano.com\/uno\/2024\/08\/31\/manzanillo-honestidad-y-soberania\/","title":{"rendered":"Manzanillo: \u00bfhonestidad y soberan\u00eda?"},"content":{"rendered":"\n<p>Por NARCISO ISA CONDE<\/p>\n\n\n\n<p>Abinader visit\u00f3 hace unas semanas el Puerto de Manzanillo para inaugurar las facilidades mar\u00edtimas y presentar los proyectos energ\u00e9ticos en desarrollo; concertados en condiciones tan onerosas, que el Estado pone recursos naturales invaluables, (una bah\u00eda, un puerto a remodelar y los terrenos de las empresas y las v\u00edas de acceso), y no posee ni una sola acci\u00f3n en las compa\u00f1\u00edas ya constituidas.<\/p>\n\n\n\n<p>En enero del 2022, el Estado dominicano, representado por la Comisi\u00f3n Nacional de Energ\u00eda (CNE), y la empresa Energ\u00eda 2000, S.A., firmaron un contrato de concesi\u00f3n definitiva para construir la planta de generaci\u00f3n el\u00e9ctrica Manzanillo Power Land, que tendr\u00e1 una capacidad de generaci\u00f3n de 420 megavatios netos (MW) a base de gas natural.<\/p>\n\n\n\n<p>Es gemela de otra planta de turbina de gas en ciclo combinado de hasta 420 MW, adjudicada al Consorcio Manzanillo Energy, compuesto por Coastal Dominicana, Manzanillo Energy y Lindsayca.<\/p>\n\n\n\n<p>La CNE la preside Edward Veras D\u00edaz y Energ\u00eda 2000 la encabeza Jaime Andr\u00e9s Santana Bonetti, actual presidente de Propagas. Manzanillo Gas &amp; Power es un consorcio integrado por Haina Investment Company (HIC), Shell Gas &amp; Power Development (Shell) y Energ\u00eda de las Am\u00e9ricas (ENERLA). La Shell es una transnacional muy conocida.<\/p>\n\n\n\n<p>El consorcio Manzanillo Gas &amp; Power est\u00e1 integrado por Haina Investment Company, Shell y ENERLA. Haina Investment Company (HIC) es una tenedora de acciones dedicada a la administraci\u00f3n de entidades propias del sector el\u00e9ctrico y de combustibles, vinculada a un poderoso grupo econ\u00f3mico, copropietario de la planta EGE-HAINA. Energ\u00eda de las Am\u00e9ricas (ENERLA) es una gestora de activos que opera en la regi\u00f3n de Am\u00e9rica Latina en el sector energ\u00e9tico.<\/p>\n\n\n\n<p>COASTAL es del Grupo Mart\u00ed, denunciado por Marcha Verde ante el Ministerio de Industria del gobierno anterior y ante la Procuradur\u00eda General de la Rep\u00fablica (PGR), como beneficiaria, junto a PROPAGAS, de operaciones de combustibles por un monto de 70 mil millones de pesos en 6 a\u00f1os. A la complicidad del gobierno de Danilo Medina se le agrega ahora la protecci\u00f3n y premiaci\u00f3n de ambas empresas por el presidente Abinader.<\/p>\n\n\n\n<p>El megaproyecto energ\u00e9tico Incluye un muelle auxiliar en la Bah\u00eda de Manzanillo (puesto en funcionamiento ya), como parte de la remodelaci\u00f3n del Puerto de Manzanillo concedida al Comando Sur del Pent\u00e1gono y a la USAID (al servicio del Departamento de Estado y la CIA de EEUU). \u00bfTransparencia y soberan\u00eda?<\/p>\n","protected":false},"excerpt":{"rendered":"<p>Por NARCISO ISA CONDE Abinader visit\u00f3 hace unas semanas el Puerto de Manzanillo para inaugurar&hellip;<\/p>\n","protected":false},"author":2,"featured_media":64149,"comment_status":"open","ping_status":"open","sticky":false,"template":"","format":"standard","meta":{"footnotes":""},"categories":[55,77,51],"tags":[],"class_list":["post-68387","post","type-post","status-publish","format-standard","has-post-thumbnail","hentry","category-nacionales","category-narciso-isa-conde","category-opinion"],"_links":{"self":[{"href":"https:\/\/eldiarioantillano.com\/uno\/wp-json\/wp\/v2\/posts\/68387","targetHints":{"allow":["GET"]}}],"collection":[{"href":"https:\/\/eldiarioantillano.com\/uno\/wp-json\/wp\/v2\/posts"}],"about":[{"href":"https:\/\/eldiarioantillano.com\/uno\/wp-json\/wp\/v2\/types\/post"}],"author":[{"embeddable":true,"href":"https:\/\/eldiarioantillano.com\/uno\/wp-json\/wp\/v2\/users\/2"}],"replies":[{"embeddable":true,"href":"https:\/\/eldiarioantillano.com\/uno\/wp-json\/wp\/v2\/comments?post=68387"}],"version-history":[{"count":1,"href":"https:\/\/eldiarioantillano.com\/uno\/wp-json\/wp\/v2\/posts\/68387\/revisions"}],"predecessor-version":[{"id":68388,"href":"https:\/\/eldiarioantillano.com\/uno\/wp-json\/wp\/v2\/posts\/68387\/revisions\/68388"}],"wp:featuredmedia":[{"embeddable":true,"href":"https:\/\/eldiarioantillano.com\/uno\/wp-json\/wp\/v2\/media\/64149"}],"wp:attachment":[{"href":"https:\/\/eldiarioantillano.com\/uno\/wp-json\/wp\/v2\/media?parent=68387"}],"wp:term":[{"taxonomy":"category","embeddable":true,"href":"https:\/\/eldiarioantillano.com\/uno\/wp-json\/wp\/v2\/categories?post=68387"},{"taxonomy":"post_tag","embeddable":true,"href":"https:\/\/eldiarioantillano.com\/uno\/wp-json\/wp\/v2\/tags?post=68387"}],"curies":[{"name":"wp","href":"https:\/\/api.w.org\/{rel}","templated":true}]}}