{"id":68286,"date":"2024-08-25T00:11:05","date_gmt":"2024-08-25T04:11:05","guid":{"rendered":"https:\/\/eldiarioantillano.com\/uno\/?p=68286"},"modified":"2024-08-25T00:11:07","modified_gmt":"2024-08-25T04:11:07","slug":"familia-de-marcia-facundo-invita-a-un-acto-en-su-memoria-en-casa-de-teatro","status":"publish","type":"post","link":"https:\/\/eldiarioantillano.com\/uno\/2024\/08\/25\/familia-de-marcia-facundo-invita-a-un-acto-en-su-memoria-en-casa-de-teatro\/","title":{"rendered":"Familia de Marcia Facundo invita a un acto en su memoria en Casa de Teatro"},"content":{"rendered":"\n<p class=\"wp-block-paragraph\">\u00a0La veterana comunicadora Marcia Facundo ser\u00e1 recordada en un acto a realizarse el 28 de este mes. Marcia trabaj\u00f3 en varios medios nacionales y tambi\u00e9n en el Miami Herald.\u00a0<\/p>\n","protected":false},"excerpt":{"rendered":"<p>\u00a0La veterana comunicadora Marcia Facundo ser\u00e1 recordada en un acto a realizarse el 28 de&hellip;<\/p>\n","protected":false},"author":2,"featured_media":68287,"comment_status":"open","ping_status":"open","sticky":false,"template":"","format":"standard","meta":{"footnotes":""},"categories":[55],"tags":[],"class_list":["post-68286","post","type-post","status-publish","format-standard","has-post-thumbnail","hentry","category-nacionales"],"_links":{"self":[{"href":"https:\/\/eldiarioantillano.com\/uno\/wp-json\/wp\/v2\/posts\/68286","targetHints":{"allow":["GET"]}}],"collection":[{"href":"https:\/\/eldiarioantillano.com\/uno\/wp-json\/wp\/v2\/posts"}],"about":[{"href":"https:\/\/eldiarioantillano.com\/uno\/wp-json\/wp\/v2\/types\/post"}],"author":[{"embeddable":true,"href":"https:\/\/eldiarioantillano.com\/uno\/wp-json\/wp\/v2\/users\/2"}],"replies":[{"embeddable":true,"href":"https:\/\/eldiarioantillano.com\/uno\/wp-json\/wp\/v2\/comments?post=68286"}],"version-history":[{"count":1,"href":"https:\/\/eldiarioantillano.com\/uno\/wp-json\/wp\/v2\/posts\/68286\/revisions"}],"predecessor-version":[{"id":68288,"href":"https:\/\/eldiarioantillano.com\/uno\/wp-json\/wp\/v2\/posts\/68286\/revisions\/68288"}],"wp:featuredmedia":[{"embeddable":true,"href":"https:\/\/eldiarioantillano.com\/uno\/wp-json\/wp\/v2\/media\/68287"}],"wp:attachment":[{"href":"https:\/\/eldiarioantillano.com\/uno\/wp-json\/wp\/v2\/media?parent=68286"}],"wp:term":[{"taxonomy":"category","embeddable":true,"href":"https:\/\/eldiarioantillano.com\/uno\/wp-json\/wp\/v2\/categories?post=68286"},{"taxonomy":"post_tag","embeddable":true,"href":"https:\/\/eldiarioantillano.com\/uno\/wp-json\/wp\/v2\/tags?post=68286"}],"curies":[{"name":"wp","href":"https:\/\/api.w.org\/{rel}","templated":true}]}}