{"id":68282,"date":"2024-08-25T00:01:00","date_gmt":"2024-08-25T04:01:00","guid":{"rendered":"https:\/\/eldiarioantillano.com\/uno\/?p=68282"},"modified":"2024-08-24T19:31:16","modified_gmt":"2024-08-24T23:31:16","slug":"profesionales-de-montecristi-analizan-restauracion-de-la-villa-dona-emilia","status":"publish","type":"post","link":"https:\/\/eldiarioantillano.com\/uno\/2024\/08\/25\/profesionales-de-montecristi-analizan-restauracion-de-la-villa-dona-emilia\/","title":{"rendered":"Profesionales de Montecristi analizan restauraci\u00f3n de la villa Do\u00f1a Emilia"},"content":{"rendered":"\n<p>Varios profesionales de Montecristi se reunieron el pasado jueves en el hotel Don Gaspar para intercambiar ideas sobre la reconstrucci\u00f3n del monumento del siglo XIX conocido como villa Do\u00f1a Emilia. Entre otros estuvieron los ingenieros Evelio Cabrera, Tabar\u00e9 Pe\u00f1a, Arismendi Rivas; el comunicador Felipe Lemoine y el abogado Rafaelito Acosta, quien present\u00f3 un proyecto.\u00a0<\/p>\n","protected":false},"excerpt":{"rendered":"<p>Varios profesionales de Montecristi se reunieron el pasado jueves en el hotel Don Gaspar para&hellip;<\/p>\n","protected":false},"author":2,"featured_media":68283,"comment_status":"open","ping_status":"open","sticky":false,"template":"","format":"standard","meta":{"footnotes":""},"categories":[57],"tags":[],"class_list":["post-68282","post","type-post","status-publish","format-standard","has-post-thumbnail","hentry","category-montecristi"],"_links":{"self":[{"href":"https:\/\/eldiarioantillano.com\/uno\/wp-json\/wp\/v2\/posts\/68282","targetHints":{"allow":["GET"]}}],"collection":[{"href":"https:\/\/eldiarioantillano.com\/uno\/wp-json\/wp\/v2\/posts"}],"about":[{"href":"https:\/\/eldiarioantillano.com\/uno\/wp-json\/wp\/v2\/types\/post"}],"author":[{"embeddable":true,"href":"https:\/\/eldiarioantillano.com\/uno\/wp-json\/wp\/v2\/users\/2"}],"replies":[{"embeddable":true,"href":"https:\/\/eldiarioantillano.com\/uno\/wp-json\/wp\/v2\/comments?post=68282"}],"version-history":[{"count":1,"href":"https:\/\/eldiarioantillano.com\/uno\/wp-json\/wp\/v2\/posts\/68282\/revisions"}],"predecessor-version":[{"id":68284,"href":"https:\/\/eldiarioantillano.com\/uno\/wp-json\/wp\/v2\/posts\/68282\/revisions\/68284"}],"wp:featuredmedia":[{"embeddable":true,"href":"https:\/\/eldiarioantillano.com\/uno\/wp-json\/wp\/v2\/media\/68283"}],"wp:attachment":[{"href":"https:\/\/eldiarioantillano.com\/uno\/wp-json\/wp\/v2\/media?parent=68282"}],"wp:term":[{"taxonomy":"category","embeddable":true,"href":"https:\/\/eldiarioantillano.com\/uno\/wp-json\/wp\/v2\/categories?post=68282"},{"taxonomy":"post_tag","embeddable":true,"href":"https:\/\/eldiarioantillano.com\/uno\/wp-json\/wp\/v2\/tags?post=68282"}],"curies":[{"name":"wp","href":"https:\/\/api.w.org\/{rel}","templated":true}]}}