{"id":68277,"date":"2024-08-25T00:00:00","date_gmt":"2024-08-25T04:00:00","guid":{"rendered":"https:\/\/eldiarioantillano.com\/uno\/?p=68277"},"modified":"2024-08-24T19:57:41","modified_gmt":"2024-08-24T23:57:41","slug":"mas-de-lo-mismo","status":"publish","type":"post","link":"https:\/\/eldiarioantillano.com\/uno\/2024\/08\/25\/mas-de-lo-mismo\/","title":{"rendered":"M\u00e1s de lo mismo"},"content":{"rendered":"\n<p>Por ANULFO MATEO PEREZ<\/p>\n\n\n\n<p>El predecible discurso de toma de posesi\u00f3n de Luis Abinader no ha anunciado nada que no sospechara el promedio del ciudadano dominicano, porque el ejercicio de sus \u00faltimos cuatro a\u00f1os ha sido \u201cm\u00e1s de lo mismo\u201d, bajo la obligada subordinaci\u00f3n de la pol\u00edtica exterior de Estados Unidos.<\/p>\n\n\n\n<p>Debemos recordar que los intentos en 1962 por enrumbar el pa\u00eds hacia una democracia liberal, con la elecci\u00f3n de Juan Bosch y la adopci\u00f3n de una Constituci\u00f3n de igual contenido, naufrag\u00f3 ante el poder olig\u00e1rquico-imperialista.<\/p>\n\n\n\n<p>El golpe de Estado contra Bosch por los representantes del status quo, que antes hab\u00edan derrocado la tiran\u00eda trujillista, estructuraron su poder sobre la base de los remanentes del viejo r\u00e9gimen unipersonal.<\/p>\n\n\n\n<p>La respuesta pol\u00edtico-militar de las fuerzas liberales y revolucionarias contra el gobierno de facto de Donald Reid Cabral, irrumpi\u00f3 el 24 de abril de 1965 por el retorno de Bosch a la Presidencia de la Rep\u00fablica.<\/p>\n\n\n\n<p>D\u00edas despu\u00e9s, el 28 de abril, con la Operaci\u00f3n Power Pack, con 42 mil marines y la 82\u00aa Divisi\u00f3n Aerotransportada del Ej\u00e9rcito, los EE. UU. imped\u00edan por la fuerza que se estableciera esta vez un gobierno democr\u00e1tico popular.<\/p>\n\n\n\n<p>Las cr\u00edticas contra Venezuela por el presidente Abinader se insertan en esa realidad, en que no puede romper con la pol\u00edtica del imperio bajo la consigna de la doctrina Monroe: \u201cAm\u00e9rica para los americanos\u201d.<\/p>\n\n\n\n<p>As\u00ed, la lucha entre el conservadurismo-status quo y las fuerzas partidarias de los cambios estructurales de la sociedad, han encontrado el valladar del poder imperial y una burgues\u00eda parasitaria.<\/p>\n\n\n\n<p>Los sustentadores de este injusto sistema de dominaci\u00f3n se empe\u00f1an en ser los sepultureros de la mentada \u201cdemocracia representativa\u201d en crisis, rechazada por una gran abstenci\u00f3n en las pasadas elecciones.<\/p>\n","protected":false},"excerpt":{"rendered":"<p>Por ANULFO MATEO PEREZ El predecible discurso de toma de posesi\u00f3n de Luis Abinader no&hellip;<\/p>\n","protected":false},"author":2,"featured_media":64779,"comment_status":"open","ping_status":"open","sticky":false,"template":"","format":"standard","meta":{"footnotes":""},"categories":[54,55,51],"tags":[],"class_list":["post-68277","post","type-post","status-publish","format-standard","has-post-thumbnail","hentry","category-anulfo-mateo","category-nacionales","category-opinion"],"_links":{"self":[{"href":"https:\/\/eldiarioantillano.com\/uno\/wp-json\/wp\/v2\/posts\/68277","targetHints":{"allow":["GET"]}}],"collection":[{"href":"https:\/\/eldiarioantillano.com\/uno\/wp-json\/wp\/v2\/posts"}],"about":[{"href":"https:\/\/eldiarioantillano.com\/uno\/wp-json\/wp\/v2\/types\/post"}],"author":[{"embeddable":true,"href":"https:\/\/eldiarioantillano.com\/uno\/wp-json\/wp\/v2\/users\/2"}],"replies":[{"embeddable":true,"href":"https:\/\/eldiarioantillano.com\/uno\/wp-json\/wp\/v2\/comments?post=68277"}],"version-history":[{"count":1,"href":"https:\/\/eldiarioantillano.com\/uno\/wp-json\/wp\/v2\/posts\/68277\/revisions"}],"predecessor-version":[{"id":68278,"href":"https:\/\/eldiarioantillano.com\/uno\/wp-json\/wp\/v2\/posts\/68277\/revisions\/68278"}],"wp:featuredmedia":[{"embeddable":true,"href":"https:\/\/eldiarioantillano.com\/uno\/wp-json\/wp\/v2\/media\/64779"}],"wp:attachment":[{"href":"https:\/\/eldiarioantillano.com\/uno\/wp-json\/wp\/v2\/media?parent=68277"}],"wp:term":[{"taxonomy":"category","embeddable":true,"href":"https:\/\/eldiarioantillano.com\/uno\/wp-json\/wp\/v2\/categories?post=68277"},{"taxonomy":"post_tag","embeddable":true,"href":"https:\/\/eldiarioantillano.com\/uno\/wp-json\/wp\/v2\/tags?post=68277"}],"curies":[{"name":"wp","href":"https:\/\/api.w.org\/{rel}","templated":true}]}}