{"id":68274,"date":"2024-08-24T00:01:00","date_gmt":"2024-08-24T04:01:00","guid":{"rendered":"https:\/\/eldiarioantillano.com\/uno\/?p=68274"},"modified":"2024-08-23T20:53:30","modified_gmt":"2024-08-24T00:53:30","slug":"aumenta-crisis-en-puerto-rico-con-240-mil-abonados-sin-electricidad","status":"publish","type":"post","link":"https:\/\/eldiarioantillano.com\/uno\/2024\/08\/24\/aumenta-crisis-en-puerto-rico-con-240-mil-abonados-sin-electricidad\/","title":{"rendered":"Aumenta crisis en Puerto Rico con 240 mil abonados sin electricidad"},"content":{"rendered":"\n<figure class=\"wp-block-image size-large\"><img fetchpriority=\"high\" decoding=\"async\" width=\"1024\" height=\"683\" src=\"https:\/\/eldiarioantillano.com\/uno\/wp-content\/uploads\/2024\/08\/pexels-bdela20-12846158-1024x683.jpg\" alt=\"\" class=\"wp-image-68275\" srcset=\"https:\/\/eldiarioantillano.com\/uno\/wp-content\/uploads\/2024\/08\/pexels-bdela20-12846158-1024x683.jpg 1024w, https:\/\/eldiarioantillano.com\/uno\/wp-content\/uploads\/2024\/08\/pexels-bdela20-12846158-300x200.jpg 300w, https:\/\/eldiarioantillano.com\/uno\/wp-content\/uploads\/2024\/08\/pexels-bdela20-12846158-768x512.jpg 768w, https:\/\/eldiarioantillano.com\/uno\/wp-content\/uploads\/2024\/08\/pexels-bdela20-12846158-1536x1024.jpg 1536w, https:\/\/eldiarioantillano.com\/uno\/wp-content\/uploads\/2024\/08\/pexels-bdela20-12846158-2048x1365.jpg 2048w, https:\/\/eldiarioantillano.com\/uno\/wp-content\/uploads\/2024\/08\/pexels-bdela20-12846158-1920x1280.jpg 1920w, https:\/\/eldiarioantillano.com\/uno\/wp-content\/uploads\/2024\/08\/pexels-bdela20-12846158-1170x780.jpg 1170w, https:\/\/eldiarioantillano.com\/uno\/wp-content\/uploads\/2024\/08\/pexels-bdela20-12846158-585x390.jpg 585w, https:\/\/eldiarioantillano.com\/uno\/wp-content\/uploads\/2024\/08\/pexels-bdela20-12846158-263x175.jpg 263w\" sizes=\"(max-width: 1024px) 100vw, 1024px\" \/><figcaption class=\"wp-element-caption\">(Cr\u00e9dito: Benjamin De La Rosa).<\/figcaption><\/figure>\n\n\n\n<p>Esta vez la mayor responsabilidad recae en la privatizadora GeneraPR, responsable de la generaci\u00f3n, afectada por una aver\u00eda en la Central Costa Sur, seg\u00fan confirmaron ambas empresas, que controlan la Autoridad de Energ\u00eda El\u00e9ctrica (AEE), en proceso de liquidaci\u00f3n tan pronto se logre un acuerdo con sus acreedores en el tribunal de quiebras federal.<\/p>\n\n\n\n<p>La insuficiencia energ\u00e9tica desde horas de la ma\u00f1ana es consecuencia de que la unidad 6 de Costa Sur, en Guayanilla, est\u00e1 fuera de servicio, confirm\u00f3 Iv\u00e1n B\u00e1ez, portavoz de GeneraPR.<\/p>\n\n\n\n<p>Los llamados \u201crelevos de carga\u201d, como denominan ambos consorcios privatizadores los apagones que afectan al pa\u00eds y que se han agudizados en los \u00faltimos ocho d\u00edas tras el paso distante de la tormenta Ernesto, se extienden por horas y hasta d\u00edas.<\/p>\n\n\n\n<p>A las 21:00, hora local, de este jueves, 246 mil 435 abonados de LUMA Energy estaban a oscuras, concentrados mayormente en las regiones de San Juan, Bayam\u00f3n y Caguas.<\/p>\n\n\n\n<p>\u201cInformamos que la unidad 6 de la Central Costa Sur sufri\u00f3 una falla por p\u00e9rdida de vac\u00edo la cual sac\u00f3 la unidad de servicio, (lo cual) es crucial en el proceso de condensaci\u00f3n del vapor que ha pasado por las turbinas\u201d, dijo GeneraPR, en su cuenta X, antigua Twitter.<\/p>\n\n\n\n<p>La empresa explic\u00f3 que este vac\u00edo es necesario para maximizar la eficiencia del sistema, ya que facilita la conversi\u00f3n del vapor en agua, que luego puede ser recirculada y reutilizada en el proceso de generaci\u00f3n de electricidad.<\/p>\n\n\n\n<p>Cada vez se torna mayor la indignaci\u00f3n de la poblaci\u00f3n con la crisis a que la tiene sometida el proceso de privatizaci\u00f3n de la AEE, llevada a la quiebra por administraciones de los partidos Popular Democr\u00e1tico (PPD) y Nuevo Progresista (PNP).<\/p>\n\n\n\n<p>rgh\/nrm<\/p>\n","protected":false},"excerpt":{"rendered":"<p>Esta vez la mayor responsabilidad recae en la privatizadora GeneraPR, responsable de la generaci\u00f3n, afectada&hellip;<\/p>\n","protected":false},"author":2,"featured_media":68275,"comment_status":"open","ping_status":"open","sticky":false,"template":"","format":"standard","meta":{"footnotes":""},"categories":[52,53],"tags":[],"class_list":["post-68274","post","type-post","status-publish","format-standard","has-post-thumbnail","hentry","category-internacionales","category-prensa-latina"],"_links":{"self":[{"href":"https:\/\/eldiarioantillano.com\/uno\/wp-json\/wp\/v2\/posts\/68274","targetHints":{"allow":["GET"]}}],"collection":[{"href":"https:\/\/eldiarioantillano.com\/uno\/wp-json\/wp\/v2\/posts"}],"about":[{"href":"https:\/\/eldiarioantillano.com\/uno\/wp-json\/wp\/v2\/types\/post"}],"author":[{"embeddable":true,"href":"https:\/\/eldiarioantillano.com\/uno\/wp-json\/wp\/v2\/users\/2"}],"replies":[{"embeddable":true,"href":"https:\/\/eldiarioantillano.com\/uno\/wp-json\/wp\/v2\/comments?post=68274"}],"version-history":[{"count":1,"href":"https:\/\/eldiarioantillano.com\/uno\/wp-json\/wp\/v2\/posts\/68274\/revisions"}],"predecessor-version":[{"id":68276,"href":"https:\/\/eldiarioantillano.com\/uno\/wp-json\/wp\/v2\/posts\/68274\/revisions\/68276"}],"wp:featuredmedia":[{"embeddable":true,"href":"https:\/\/eldiarioantillano.com\/uno\/wp-json\/wp\/v2\/media\/68275"}],"wp:attachment":[{"href":"https:\/\/eldiarioantillano.com\/uno\/wp-json\/wp\/v2\/media?parent=68274"}],"wp:term":[{"taxonomy":"category","embeddable":true,"href":"https:\/\/eldiarioantillano.com\/uno\/wp-json\/wp\/v2\/categories?post=68274"},{"taxonomy":"post_tag","embeddable":true,"href":"https:\/\/eldiarioantillano.com\/uno\/wp-json\/wp\/v2\/tags?post=68274"}],"curies":[{"name":"wp","href":"https:\/\/api.w.org\/{rel}","templated":true}]}}