{"id":68150,"date":"2024-08-18T00:01:00","date_gmt":"2024-08-18T04:01:00","guid":{"rendered":"https:\/\/eldiarioantillano.com\/uno\/?p=68150"},"modified":"2024-08-17T21:30:27","modified_gmt":"2024-08-18T01:30:27","slug":"dominicanos-refrendan-solidaridad-con-cuba-en-encuentro-amistoso","status":"publish","type":"post","link":"https:\/\/eldiarioantillano.com\/uno\/2024\/08\/18\/dominicanos-refrendan-solidaridad-con-cuba-en-encuentro-amistoso\/","title":{"rendered":"Dominicanos refrendan solidaridad con Cuba en encuentro amistoso"},"content":{"rendered":"\n<figure class=\"wp-block-image size-full\"><img fetchpriority=\"high\" decoding=\"async\" width=\"900\" height=\"720\" src=\"https:\/\/eldiarioantillano.com\/uno\/wp-content\/uploads\/2024\/08\/Acto-dominicocubano-fotos-cortesia-de-Luis-Alberto-Colarte2.jpg\" alt=\"\" class=\"wp-image-68151\" srcset=\"https:\/\/eldiarioantillano.com\/uno\/wp-content\/uploads\/2024\/08\/Acto-dominicocubano-fotos-cortesia-de-Luis-Alberto-Colarte2.jpg 900w, https:\/\/eldiarioantillano.com\/uno\/wp-content\/uploads\/2024\/08\/Acto-dominicocubano-fotos-cortesia-de-Luis-Alberto-Colarte2-300x240.jpg 300w, https:\/\/eldiarioantillano.com\/uno\/wp-content\/uploads\/2024\/08\/Acto-dominicocubano-fotos-cortesia-de-Luis-Alberto-Colarte2-768x614.jpg 768w, https:\/\/eldiarioantillano.com\/uno\/wp-content\/uploads\/2024\/08\/Acto-dominicocubano-fotos-cortesia-de-Luis-Alberto-Colarte2-585x468.jpg 585w\" sizes=\"(max-width: 900px) 100vw, 900px\" \/><\/figure>\n\n\n\n<p>Fonseca encabez\u00f3 la delegaci\u00f3n oficial de Cuba a la investidura la v\u00edspera del reelecto presidente Luis Abinader.<\/p>\n\n\n\n<p>Conformaron la comitiva, adem\u00e1s, Ydael P\u00e9rez, ministro de la Agricultura, Rafael Daus\u00e1, Director General de M\u00e9xico, Centroam\u00e9rica y el Caribe de la Canciller\u00eda, y el embajador de la isla en la Rep\u00fablica Dominicana, \u00c1ngel Arzuaga.<\/p>\n\n\n\n<p>En pantallas situadas en el amplio sal\u00f3n de la Cooperativa Nacional de Maestros \u2014sede del intercambio\u2014 se pod\u00eda leer: \u201cEl pueblo dominicano exige \u00a1No al Bloqueo a Cuba!, \u201cQue saquen a Cuba de la lista de pa\u00edses patrocinadores del terrorismo\u201d.<\/p>\n\n\n\n<p>Fue ese el reclamo permanente de los amigos de Cuba reunidos este s\u00e1bado para refrendar los ideales de fraternidad y solidaridad entre los dos pa\u00edses, tal y como expres\u00f3 Santiago Portes, presidente de la referida Cooperativa.<\/p>\n\n\n\n<p>En la ocasi\u00f3n, Tapia Fonseca se refiri\u00f3 a la compleja situaci\u00f3n econ\u00f3mica que vive Cuba, agravada por el bloqueo de Estados Unidos y su inclusi\u00f3n en la unilateral lista de la Casa Blanca de pa\u00edses supuestamente patrocinadores del terrorismo.<\/p>\n\n\n\n<p>Manifest\u00f3 que esa pol\u00edtica hostil de Washington posee consecuencias negativas para la econom\u00eda cubana al obstaculizar las posibilidades del pa\u00eds de acceder a alimentos, medicinas, combustible, equipos m\u00e9dicos y otros bienes b\u00e1sicos.<\/p>\n\n\n\n<p>El dirigente pol\u00edtico ponder\u00f3 la capacidad de resistencia del pueblo, alert\u00f3 sobre las campa\u00f1as de descr\u00e9dito contra su pa\u00eds en las redes sociales y puntualiz\u00f3 la importancia de la solidaridad internacional.<\/p>\n\n\n\n<p>Asegur\u00f3 que en medio del escenario complejo que vive la naci\u00f3n caribe\u00f1a existe la voluntad del Gobierno, el Partido y el pueblo cubanos de seguir resistiendo, con el apoyo de los pueblos amigos.<\/p>\n\n\n\n<figure class=\"wp-block-image size-full\"><img decoding=\"async\" width=\"900\" height=\"720\" src=\"https:\/\/eldiarioantillano.com\/uno\/wp-content\/uploads\/2024\/08\/Acto-dominicocubano-fotos-cortesia-de-Luis-Alberto-Colarte.jpg\" alt=\"\" class=\"wp-image-68152\" srcset=\"https:\/\/eldiarioantillano.com\/uno\/wp-content\/uploads\/2024\/08\/Acto-dominicocubano-fotos-cortesia-de-Luis-Alberto-Colarte.jpg 900w, https:\/\/eldiarioantillano.com\/uno\/wp-content\/uploads\/2024\/08\/Acto-dominicocubano-fotos-cortesia-de-Luis-Alberto-Colarte-300x240.jpg 300w, https:\/\/eldiarioantillano.com\/uno\/wp-content\/uploads\/2024\/08\/Acto-dominicocubano-fotos-cortesia-de-Luis-Alberto-Colarte-768x614.jpg 768w, https:\/\/eldiarioantillano.com\/uno\/wp-content\/uploads\/2024\/08\/Acto-dominicocubano-fotos-cortesia-de-Luis-Alberto-Colarte-585x468.jpg 585w\" sizes=\"(max-width: 900px) 100vw, 900px\" \/><figcaption class=\"wp-element-caption\">Fotos cortes\u00eda de Luis Alberto Colarte<\/figcaption><\/figure>\n\n\n\n<p>Al respecto, destac\u00f3 que la victoria de Cuba por 31 ocasiones consecutivas en la Asamblea General de las Naciones Unidas (AGNU), donde por abrumadora mayor\u00eda los pa\u00edses apoyan la Resoluci\u00f3n presentada por La Habana contra el bloqueo, se traduce en un triunfo de la solidaridad mundial hacia la mayor de las Antillas.<\/p>\n\n\n\n<p>M\u00e1s adelante, Roberto Payano, Coordinador de la Brigada, dijo que Cuba es un pa\u00eds de Ciencia y cuando le permitan producir en paz, sin agresiones externas, lo har\u00e1 para la sostenibilidad de su pueblo y el mundo porque es ejemplo de solidaridad.<\/p>\n\n\n\n<p>De su lado, el embajador \u00c1ngel Arzuaga agradeci\u00f3 el respaldo del pueblo dominicano y afirm\u00f3 que la unidad antiimperialista es la t\u00e1ctica y estrategia de la victoria.<\/p>\n\n\n\n<p>En la ocasi\u00f3n se proyect\u00f3 un video dedicado al aniversario 98 del natalicio de Fidel Castro (13 de agosto) realizado por el periodista cubano Wilmer Rodr\u00edguez, quien en junio pasado present\u00f3 aqu\u00ed su libro \u201cLa suerte de sobrevivir\u201d, junto a su protagonista, el Comandante del Ej\u00e9rcito Rebelde Delio G\u00f3mez Ochoa.<\/p>\n\n\n\n<p>El cubano G\u00f3mez Ochoa es el \u00fanico sobreviviente de las expediciones del 14 y el 20 de junio de 1959, acci\u00f3n patri\u00f3tica para liberar a la Rep\u00fablica Dominicana de la dictadura trujillista.<\/p>\n\n\n\n<p>Los presentes tambi\u00e9n se sumaron a la campa\u00f1a internacional de un mill\u00f3n de firmas para exigir a Estados Unidos excluir a Cuba de la lista de patrocinadores del terrorismo, ante la pr\u00f3xima votaci\u00f3n contra el bloqueo en la Asamblea General de Naciones Unidas en el mes de noviembre.<\/p>\n\n\n\n<p>En el sal\u00f3n de la Cooperativa Nacional de Maestros se dieron cita miembros de la Brigada dominicana de Solidaridad con Cuba, la familia de su fundador en 1990, el revolucionario Iv\u00e1n Rodr\u00edguez, el dirigente de la izquierda dominicana, Narciso Isa Conde, y el jurista y escritor Ram\u00f3n Antonio Veras, entre otros amigos.<\/p>\n\n\n\n<p>Asimismo, representantes de partidos y agrupaciones como Fuerza de la Revoluci\u00f3n, Partido Comunista del Trabajo, Justicia Social, Alianza por la Democracia, Fundaci\u00f3n M\u00e1ximo G\u00f3mez, Polo Patri\u00f3tico, la Confederaci\u00f3n Nacional de Mujeres del Campo y la Universidad Aut\u00f3noma de Santo Domingo, entre otras.<\/p>\n\n\n\n<p>jcm\/mpv<\/p>\n\n\n\n<p>#<a href=\"https:\/\/www.prensa-latina.cu\/etiqueta\/cuba\/\">cuba<\/a>\u00a0#<a href=\"https:\/\/www.prensa-latina.cu\/etiqueta\/solidaridad\/\">solidaridad<\/a>\u00a0#<a href=\"https:\/\/www.prensa-latina.cu\/etiqueta\/tapia-fonseca\/\">Tapia Fonseca<\/a> Fotos: Cortes\u00eda de Luis Alberto Colarte<\/p>\n","protected":false},"excerpt":{"rendered":"<p>Fonseca encabez\u00f3 la delegaci\u00f3n oficial de Cuba a la investidura la v\u00edspera del reelecto presidente&hellip;<\/p>\n","protected":false},"author":2,"featured_media":68151,"comment_status":"open","ping_status":"open","sticky":false,"template":"","format":"standard","meta":{"footnotes":""},"categories":[55,53],"tags":[],"class_list":["post-68150","post","type-post","status-publish","format-standard","has-post-thumbnail","hentry","category-nacionales","category-prensa-latina"],"_links":{"self":[{"href":"https:\/\/eldiarioantillano.com\/uno\/wp-json\/wp\/v2\/posts\/68150","targetHints":{"allow":["GET"]}}],"collection":[{"href":"https:\/\/eldiarioantillano.com\/uno\/wp-json\/wp\/v2\/posts"}],"about":[{"href":"https:\/\/eldiarioantillano.com\/uno\/wp-json\/wp\/v2\/types\/post"}],"author":[{"embeddable":true,"href":"https:\/\/eldiarioantillano.com\/uno\/wp-json\/wp\/v2\/users\/2"}],"replies":[{"embeddable":true,"href":"https:\/\/eldiarioantillano.com\/uno\/wp-json\/wp\/v2\/comments?post=68150"}],"version-history":[{"count":1,"href":"https:\/\/eldiarioantillano.com\/uno\/wp-json\/wp\/v2\/posts\/68150\/revisions"}],"predecessor-version":[{"id":68153,"href":"https:\/\/eldiarioantillano.com\/uno\/wp-json\/wp\/v2\/posts\/68150\/revisions\/68153"}],"wp:featuredmedia":[{"embeddable":true,"href":"https:\/\/eldiarioantillano.com\/uno\/wp-json\/wp\/v2\/media\/68151"}],"wp:attachment":[{"href":"https:\/\/eldiarioantillano.com\/uno\/wp-json\/wp\/v2\/media?parent=68150"}],"wp:term":[{"taxonomy":"category","embeddable":true,"href":"https:\/\/eldiarioantillano.com\/uno\/wp-json\/wp\/v2\/categories?post=68150"},{"taxonomy":"post_tag","embeddable":true,"href":"https:\/\/eldiarioantillano.com\/uno\/wp-json\/wp\/v2\/tags?post=68150"}],"curies":[{"name":"wp","href":"https:\/\/api.w.org\/{rel}","templated":true}]}}