{"id":68148,"date":"2024-08-17T00:35:36","date_gmt":"2024-08-17T04:35:36","guid":{"rendered":"https:\/\/eldiarioantillano.com\/uno\/?p=68148"},"modified":"2024-08-17T00:35:38","modified_gmt":"2024-08-17T04:35:38","slug":"el-hedor-de-este-mundo","status":"publish","type":"post","link":"https:\/\/eldiarioantillano.com\/uno\/2024\/08\/17\/el-hedor-de-este-mundo\/","title":{"rendered":"El hedor de este mundo"},"content":{"rendered":"\n<p>Por ANUFO MATEO PEREZ<\/p>\n\n\n\n<p>No basta leer \u201cEl Pr\u00edncipe\u201d de Nicol\u00e1s Maquiavelo o escudri\u00f1ar en la vida de Al Capone, para poder transmutarse en personaje aterradoramente funesto. Para ello es indispensable nacer como Joseph Fouch\u00e9, con alma de traidor, cargada de vileza, miserable intrigante, puro reptil y deplorable inmoralista.<\/p>\n\n\n\n<p>Estos singulares sujetos se repiten como si se tratara de una maldici\u00f3n, sali\u00e9ndoles extremadamente onerosos al pa\u00eds. Surgen en silencio con gran facilidad, como lo hace el hongo que germina del excremento de la caballeriza, h\u00fameda y abandonada.<\/p>\n\n\n\n<p>Con ellos crecen y se multiplican con mayor velocidad, los alcahuetes de ocasi\u00f3n; vagos sin escr\u00fapulos, que pernoctan por doquier para hacer coro a sus deleznables acciones contra el pa\u00eds.<\/p>\n\n\n\n<p>Desde el Congreso Nacional, Poder Ejecutivo y Judicial nos ha tocado padecer a esos se\u00f1ores y se\u00f1oras, donde son potencialmente m\u00e1s letales. Desde ah\u00ed hemos observado perplejos e indignados, como humillan a la naci\u00f3n.<\/p>\n\n\n\n<p>En estas dif\u00edciles circunstancias, sin ning\u00fan temor, debemos blandir como \u201carma de reglamento\u201d la \u00e9tica y la moral, aunque algunos nos consideren dinosaurios o desfasados empedernidos.<\/p>\n\n\n\n<p>Escoja usted entre el idealismo de Albert Einstein, a prop\u00f3sito de Walter Rathenau, asesinado por ultraderechistas en la Alemania de Weimar, o el esgrimido por el pensador marxista italiano Antonio Gramsci.<\/p>\n\n\n\n<p>Einstein: \u00abSer idealista cuando se vive en Babia no tiene ning\u00fan m\u00e9rito. Lo tiene, en cambio, y mucho, seguir si\u00e9ndolo cuando se ha conocido el hedor de este mundo\u00bb.<\/p>\n\n\n\n<p>Gramsci: El hombre sabe que no vive en el pa\u00eds de las maravillas, sino en uno \u00abgrande y terrible\u00bb, que conoce el hedor de este mundo dividido, de las desigualdades, y que lucha por cambiarlo a pesar del pesimismo de la inteligencia.<\/p>\n","protected":false},"excerpt":{"rendered":"<p>Por ANUFO MATEO PEREZ No basta leer \u201cEl Pr\u00edncipe\u201d de Nicol\u00e1s Maquiavelo o escudri\u00f1ar en&hellip;<\/p>\n","protected":false},"author":2,"featured_media":64779,"comment_status":"open","ping_status":"open","sticky":false,"template":"","format":"standard","meta":{"footnotes":""},"categories":[54,55,51],"tags":[],"class_list":["post-68148","post","type-post","status-publish","format-standard","has-post-thumbnail","hentry","category-anulfo-mateo","category-nacionales","category-opinion"],"_links":{"self":[{"href":"https:\/\/eldiarioantillano.com\/uno\/wp-json\/wp\/v2\/posts\/68148","targetHints":{"allow":["GET"]}}],"collection":[{"href":"https:\/\/eldiarioantillano.com\/uno\/wp-json\/wp\/v2\/posts"}],"about":[{"href":"https:\/\/eldiarioantillano.com\/uno\/wp-json\/wp\/v2\/types\/post"}],"author":[{"embeddable":true,"href":"https:\/\/eldiarioantillano.com\/uno\/wp-json\/wp\/v2\/users\/2"}],"replies":[{"embeddable":true,"href":"https:\/\/eldiarioantillano.com\/uno\/wp-json\/wp\/v2\/comments?post=68148"}],"version-history":[{"count":1,"href":"https:\/\/eldiarioantillano.com\/uno\/wp-json\/wp\/v2\/posts\/68148\/revisions"}],"predecessor-version":[{"id":68149,"href":"https:\/\/eldiarioantillano.com\/uno\/wp-json\/wp\/v2\/posts\/68148\/revisions\/68149"}],"wp:featuredmedia":[{"embeddable":true,"href":"https:\/\/eldiarioantillano.com\/uno\/wp-json\/wp\/v2\/media\/64779"}],"wp:attachment":[{"href":"https:\/\/eldiarioantillano.com\/uno\/wp-json\/wp\/v2\/media?parent=68148"}],"wp:term":[{"taxonomy":"category","embeddable":true,"href":"https:\/\/eldiarioantillano.com\/uno\/wp-json\/wp\/v2\/categories?post=68148"},{"taxonomy":"post_tag","embeddable":true,"href":"https:\/\/eldiarioantillano.com\/uno\/wp-json\/wp\/v2\/tags?post=68148"}],"curies":[{"name":"wp","href":"https:\/\/api.w.org\/{rel}","templated":true}]}}