{"id":68145,"date":"2024-08-17T00:01:00","date_gmt":"2024-08-17T04:01:00","guid":{"rendered":"https:\/\/eldiarioantillano.com\/uno\/?p=68145"},"modified":"2024-08-16T22:58:46","modified_gmt":"2024-08-17T02:58:46","slug":"unam-y-relaciones-exteriores-de-mexico-organizan-coloquio-sobre-aec","status":"publish","type":"post","link":"https:\/\/eldiarioantillano.com\/uno\/2024\/08\/17\/unam-y-relaciones-exteriores-de-mexico-organizan-coloquio-sobre-aec\/","title":{"rendered":"UNAM y Relaciones Exteriores de M\u00e9xico organizan coloquio sobre AEC"},"content":{"rendered":"\n<figure class=\"wp-block-image size-full\"><img fetchpriority=\"high\" decoding=\"async\" width=\"921\" height=\"400\" src=\"https:\/\/eldiarioantillano.com\/uno\/wp-content\/uploads\/2024\/08\/image-1.png\" alt=\"\" class=\"wp-image-68146\" srcset=\"https:\/\/eldiarioantillano.com\/uno\/wp-content\/uploads\/2024\/08\/image-1.png 921w, https:\/\/eldiarioantillano.com\/uno\/wp-content\/uploads\/2024\/08\/image-1-300x130.png 300w, https:\/\/eldiarioantillano.com\/uno\/wp-content\/uploads\/2024\/08\/image-1-768x334.png 768w, https:\/\/eldiarioantillano.com\/uno\/wp-content\/uploads\/2024\/08\/image-1-585x254.png 585w\" sizes=\"(max-width: 921px) 100vw, 921px\" \/><figcaption class=\"wp-element-caption\">Catedr\u00e1ticos de M\u00e9xico y dirigentes de la AEC participan en evento caribe\u00f1o<\/figcaption><\/figure>\n\n\n\n<p>\u00a0\u00a0\u00a0\u00a0 MEXICO, DF.- La Universidad Nacional Aut\u00f3noma de M\u00e9xico (UNAM) y la Secretar\u00eda de Relaciones Exteriores de M\u00e9xico organizaron el coloquio internacional titulado \u201cA 30 a\u00f1os de la Asociaci\u00f3n de Estados del Caribe (AEC): avances, retos y oportunidades\u201d.<\/p>\n\n\n\n<p>&nbsp;&nbsp;&nbsp; La actividad se realiz\u00f3 a trav\u00e9s de la Escuela Nacional de Estudios Superiores, unidad de M\u00e9rida; junto con la Facultad de Estudios Superiores Arag\u00f3n, la Facultad de Estudios Superiores Acatl\u00e1n, el Centro de Estudios Latinoamericanos y Caribe\u00f1os, la Facultad de Ciencias Pol\u00edticas y Sociales, el Centro de Investigaciones sobre Am\u00e9rica Latina y el Caribe, la Universidad Aut\u00f3noma de Quintana Roo, campus Chetumal; la Asociaci\u00f3n Mexicana de Estudios del Caribe, la Unidad Acad\u00e9mica de Estudios Regionales y la Universidad de Guadalajara.<\/p>\n\n\n\n<p>&nbsp;&nbsp;&nbsp;&nbsp; El coloquio tuvo lugar en la sede de la Escuela de Estudios Superiores de la UNAM en M\u00e9rida y se desarroll\u00f3 en modalidad mixta los d\u00edas 1 y 2 de agosto de 2024. El secretario general de la AEC, H.E. Rodolfo Sabonge, inaugur\u00f3 el coloquio destacando la participaci\u00f3n activa de M\u00e9xico en la AEC y explicando c\u00f3mo est\u00e1 constituida, su funcionamiento y sus \u00e1reas focales.<\/p>\n\n\n\n<p>\u00a0\u00a0\u00a0\u00a0\u00a0 Tambi\u00e9n fue responsable de la conferencia magistral titulada \u2018Pasado, Presente y Futuro de la AEC: frente a los retos y oportunidades del Gran Caribe\u2019, en la que proporcion\u00f3 un contexto sobre el entorno geopol\u00edtico y econ\u00f3mico de la \u00e9poca en que se cre\u00f3 la AEC; adem\u00e1s, elabor\u00f3 un balance de los principales logros y obst\u00e1culos enfrentados por la AEC en sus 30 a\u00f1os de existencia. Subray\u00f3 la resiliencia y capacidad de adaptaci\u00f3n de la organizaci\u00f3n.<\/p>\n\n\n\n<p>&nbsp;&nbsp;&nbsp; \u00abEl reto que tenemos est\u00e1 en trabajar unidos como regi\u00f3n de manera solidaria, consolidando una sola visi\u00f3n sobre los temas relevantes que nos aquejan\u00bb, expres\u00f3 el secretario general; refiri\u00e9ndose a los obst\u00e1culos que dificultan la integraci\u00f3n entre los pa\u00edses de la regi\u00f3n. Tambi\u00e9n abord\u00f3 la necesidad de fortalecer los enlaces a\u00e9reos y mar\u00edtimos entre los pa\u00edses del Gran Caribe, afirmando que \u00abla conectividad f\u00edsica y digital es fundamental para el comercio y turismo regional\u00bb.<\/p>\n\n\n\n<p><strong>\u00a0Acci\u00f3n contra el cambio clim\u00e1tico<\/strong><\/p>\n\n\n\n<p>&nbsp;&nbsp;&nbsp; El secretario general hizo un llamado a la acci\u00f3n frente al cambio clim\u00e1tico, destacando que, aunque el Gran Caribe contribuye poco a este fen\u00f3meno, es una de las regiones m\u00e1s afectadas. Enfatiz\u00f3 la necesidad de actuar ahora para enfrentar los fen\u00f3menos naturales que amenazan la supervivencia de nuestros pueblos.<\/p>\n\n\n\n<p>&nbsp;&nbsp; Rodolfo Sabonge finaliz\u00f3 su intervenci\u00f3n planteando la necesidad de un ejercicio de planificaci\u00f3n estrat\u00e9gica para definir la visi\u00f3n y misi\u00f3n de la AEC a mediano y largo plazo, con el fin de adaptarse a las nuevas realidades geopol\u00edticas globales. Hizo \u00e9nfasis en la importancia de repetir dicho ejercicio cada cinco a\u00f1os, utilizando medidores de desempe\u00f1o para evaluar anualmente sus alcances.<\/p>\n\n\n\n<p>&nbsp;&nbsp;&nbsp;&nbsp; El coloquio tambi\u00e9n cont\u00f3 con la participaci\u00f3n del embajador de M\u00e9xico ante Trinidad y Tobago, V\u00edctor Hugo Morales, quien expuso sobre \u2018La Asociaci\u00f3n de Estados del Caribe, entre la geopol\u00edtica del Gran Caribe y la cooperaci\u00f3n para el desarrollo\u2019; destacando los logros de la AEC y los desaf\u00edos que enfrenta para cumplir su prop\u00f3sito de contribuir al desarrollo sostenible del Gran Caribe.<\/p>\n\n\n\n<p>\u00a0\u00a0\u00a0\u00a0 \u00abEl mundo actual en el que se mueve la AEC es un escenario multipolar, fragmentado, con crisis m\u00faltiples y con pa\u00edses del sur global que se abren camino para convertirse en actores relevantes en las relaciones internacionales,\u00bb dijo el embajador Morales. <\/p>\n\n\n\n<p>\u00a0\u00a0\u00a0\u00a0 Elogi\u00f3 la visi\u00f3n de los l\u00edderes que concibieron la AEC y mencion\u00f3 logros como el convenio para la Zona de Turismo Sostenible en 2001 y el acuerdo de transporte a\u00e9reo en 2012. El embajador destac\u00f3 el significado hist\u00f3rico de esta convocatoria, ya que fue en M\u00e9rida, M\u00e9xico, hace 10 a\u00f1os que la AEC celebr\u00f3 su VI Cumbre de Jefes de Estado; reafirmando su compromiso de fortalecer la conectividad a\u00e9rea y el comercio internacional.<\/p>\n\n\n\n<p>&nbsp;&nbsp;&nbsp; El coloquio reuni\u00f3 a acad\u00e9micos, investigadores, diplom\u00e1ticos y estudiantes para reflexionar sobre el impacto y futuro de la AEC en la regi\u00f3n del Gran Caribe, contando con numerosos ponentes que aportaron distintas perspectivas sobre la situaci\u00f3n geopol\u00edtica de la Asociaci\u00f3n. Se abordaron temas cruciales como la integraci\u00f3n econ\u00f3mica y la cooperaci\u00f3n internacional entre M\u00e9xico y el Caribe, los desaf\u00edos y oportunidades actuales de la AEC, el papel geoestrat\u00e9gico de la Asociaci\u00f3n y su evoluci\u00f3n a lo largo de 30 a\u00f1os; as\u00ed como las din\u00e1micas migratorias, de medio ambiente, turismo y el papel de las peque\u00f1as y medianas empresass en el desarrollo regional.<\/p>\n\n\n\n<p>\u00a0\u00a0\u00a0 El encuentro demostr\u00f3 la importancia de la colaboraci\u00f3n multilateral para enfrentar los retos comunes y fomentar el desarrollo sostenible en el Gran Caribe.<\/p>\n\n\n\n<p>Departamento de Comunicaci\u00f3n de la AEC<\/p>\n\n\n\n<p><\/p>\n","protected":false},"excerpt":{"rendered":"<p>\u00a0\u00a0\u00a0\u00a0 MEXICO, DF.- La Universidad Nacional Aut\u00f3noma de M\u00e9xico (UNAM) y la Secretar\u00eda de Relaciones&hellip;<\/p>\n","protected":false},"author":2,"featured_media":68146,"comment_status":"open","ping_status":"open","sticky":false,"template":"","format":"standard","meta":{"footnotes":""},"categories":[52],"tags":[],"class_list":["post-68145","post","type-post","status-publish","format-standard","has-post-thumbnail","hentry","category-internacionales"],"_links":{"self":[{"href":"https:\/\/eldiarioantillano.com\/uno\/wp-json\/wp\/v2\/posts\/68145","targetHints":{"allow":["GET"]}}],"collection":[{"href":"https:\/\/eldiarioantillano.com\/uno\/wp-json\/wp\/v2\/posts"}],"about":[{"href":"https:\/\/eldiarioantillano.com\/uno\/wp-json\/wp\/v2\/types\/post"}],"author":[{"embeddable":true,"href":"https:\/\/eldiarioantillano.com\/uno\/wp-json\/wp\/v2\/users\/2"}],"replies":[{"embeddable":true,"href":"https:\/\/eldiarioantillano.com\/uno\/wp-json\/wp\/v2\/comments?post=68145"}],"version-history":[{"count":1,"href":"https:\/\/eldiarioantillano.com\/uno\/wp-json\/wp\/v2\/posts\/68145\/revisions"}],"predecessor-version":[{"id":68147,"href":"https:\/\/eldiarioantillano.com\/uno\/wp-json\/wp\/v2\/posts\/68145\/revisions\/68147"}],"wp:featuredmedia":[{"embeddable":true,"href":"https:\/\/eldiarioantillano.com\/uno\/wp-json\/wp\/v2\/media\/68146"}],"wp:attachment":[{"href":"https:\/\/eldiarioantillano.com\/uno\/wp-json\/wp\/v2\/media?parent=68145"}],"wp:term":[{"taxonomy":"category","embeddable":true,"href":"https:\/\/eldiarioantillano.com\/uno\/wp-json\/wp\/v2\/categories?post=68145"},{"taxonomy":"post_tag","embeddable":true,"href":"https:\/\/eldiarioantillano.com\/uno\/wp-json\/wp\/v2\/tags?post=68145"}],"curies":[{"name":"wp","href":"https:\/\/api.w.org\/{rel}","templated":true}]}}