{"id":68142,"date":"2024-08-17T00:01:00","date_gmt":"2024-08-17T04:01:00","guid":{"rendered":"https:\/\/eldiarioantillano.com\/uno\/?p=68142"},"modified":"2024-08-16T22:50:41","modified_gmt":"2024-08-17T02:50:41","slug":"hacer-costumbre-de-esos-momenticos","status":"publish","type":"post","link":"https:\/\/eldiarioantillano.com\/uno\/2024\/08\/17\/hacer-costumbre-de-esos-momenticos\/","title":{"rendered":"\u00a1Hacer costumbre de \u201cesos momenticos\u201d!"},"content":{"rendered":"\n<p>Por ALFONSO -FONCHI- TEJEDA<\/p>\n\n\n\n<p>Cuando la televisi\u00f3n dominicana era \u201cen blanco y negro\u201d, los humoristas eran figuras principales, entre ellos, Cuquin Victoria, quien se posesion\u00f3 por la caracterizaci\u00f3n de sus personajes, con anuncios en los que lo \u201csugerido\u201d era m\u00e1s patente que lo expresado, tal aquel de un ron, en el que dec\u00eda, con graciosa picard\u00eda, \u201csi no fuera por esos momenticos\u2026\u201d.<\/p>\n\n\n\n<p>Y, el recuerdo de esa expresi\u00f3n cobra inusitado resplandor en estos d\u00edas, con la actuaci\u00f3n de atletas dominicanos participantes en los juegos ol\u00edmpicos reci\u00e9n celebrado en Par\u00eds, Francia, en los que destacaron varios deportistas nacionales, en particular de atletismo, y, de manera sobresaliente Marileidy Paulino, primera mujer dominicana que obtiene medalla de oro en atletismo, y que instaur\u00f3 un r\u00e9cord en esa categor\u00eda.<\/p>\n\n\n\n<p>El recibimiento dado en el pa\u00eds a esos atletas, y, destaco el de Marileidy -una pobre y prieta muchacha de Don Gregorio, Peravia, condici\u00f3n y rasgo atemperados por algunos\/ as \u201cnariz parada\u201d-, desbord\u00f3 las pasiones y alegr\u00edas que para ocasiones como estas derrocha el pueblo dominicano a sus \u201ch\u00e9roes del momento\u201d, acogida dispendiosa que hizo olvidar aprehensiones matizadas por ocasionales nerviosismos ante el reto que enfrentaba la corredora.<\/p>\n\n\n\n<p>Fue a partir del segundo compromiso, el mi\u00e9rcoles 7, cuando comenz\u00f3 a tranquilizarse la afici\u00f3n, luego de que la ahora campeona de los 400 metros planos, redujo su puntaje anterior y mostr\u00f3 un mejor desempe\u00f1o en la carrera, mayor seguridad en s\u00ed misma y m\u00e1s sosiego al correr, superando por d\u00e9cimas de segundos a su m\u00e1s cercana competidora, a la que dej\u00f3 a una distancia considerable.<\/p>\n\n\n\n<p>Entre ese mi\u00e9rcoles tranquilizador y el viernes ansiado, el jueves ocurrieron dos hechos puntuales relacionados a Marileidy y la realidad deportiva: una, la denuncia desde Don Gregorio sobre las condiciones en que los j\u00f3venes practican, y la otra, revelada por un informe del Instituto Nacional de Bienestar Estudiantil, en el que anota que el 90 por ciento de los escolares est\u00e1n imposibilitados de realizar ejercicios en sus escuelas, por la falta de adecuadas instalaciones y de profesores entrenadores.<\/p>\n\n\n\n<p>Denuncia y revelaci\u00f3n las hizo La Morena Salazar en su programa El Patio, edici\u00f3n del jueves 8, y con esa predictora capacidad suya- tal el almanaque Bristol- , y su punzante s\u00e1tira, advirti\u00f3 de cu\u00e1l ser\u00eda la actitud de funcionarios y pol\u00edticos, tras el posible triunfo de la atleta, \u201cdisposici\u00f3n\u201d de algunos de ellos que comenz\u00f3 a manifestarse casi al finalizar la transmisi\u00f3n del espacio.<\/p>\n\n\n\n<p>Tal vez para asumir con mayor ah\u00ednco la responsabilidad del cargo, el director del INEFI, el organismo encargado de la educaci\u00f3n f\u00edsica escolar &#8211; esa que est\u00e1 ausente en las escuelas-, anunci\u00f3 instalar pantallas gigantes para que en el sector Domingo Savio, de la capital, disfrutaran la carrera en la que particip\u00f3 Marileidy el viernes, evento que paraliz\u00f3 al pa\u00eds, al convocar a \u201c titirimundachi\u201d frente al televisor en casa, oficinas, hospitales, colmadones, donde quiera.<\/p>\n\n\n\n<p>Entre los espectadores, el m\u00e1s encumbrado y \u00e1gil de todos\/as, fue el presidente Luis Ablnader, que mientras transitaba en el veh\u00edculo que se desplaza, advirti\u00f3 de inmediato que la corredora hab\u00eda implantado un r\u00e9cord ol\u00edmpico, y antes de que ella recuperara el aliento, en las redes el mandatario ya estaba felicit\u00e1ndola y haciendo saber al mundo de su alegr\u00eda y la del pueblo dominicano por ese oro conquistado<\/p>\n\n\n\n<p>Evaluando el alcance de esa proeza para ella, su familia, el deporte y el pa\u00eds, Marileidy Paulino tuvo la responsabilidad y valent\u00eda de pedir a las autoridades m\u00e1s, mejor y oportuna ayuda para el deporte y los atletas, para que Rep\u00fablica Dominicana pueda seguir disfrutando de \u201cesos momenticos\u201d, con m\u00e1s frecuencia y posibilidades, y con el desbordante y lib\u00e9rrimo gozo de lo conquistado como resultado del esfuerzo propio, arropado por el colectivo.<\/p>\n","protected":false},"excerpt":{"rendered":"<p>Por ALFONSO -FONCHI- TEJEDA Cuando la televisi\u00f3n dominicana era \u201cen blanco y negro\u201d, los humoristas&hellip;<\/p>\n","protected":false},"author":2,"featured_media":64816,"comment_status":"open","ping_status":"open","sticky":false,"template":"","format":"standard","meta":{"footnotes":""},"categories":[58,51],"tags":[],"class_list":["post-68142","post","type-post","status-publish","format-standard","has-post-thumbnail","hentry","category-alfonso-fonchi-tejeda","category-opinion"],"_links":{"self":[{"href":"https:\/\/eldiarioantillano.com\/uno\/wp-json\/wp\/v2\/posts\/68142","targetHints":{"allow":["GET"]}}],"collection":[{"href":"https:\/\/eldiarioantillano.com\/uno\/wp-json\/wp\/v2\/posts"}],"about":[{"href":"https:\/\/eldiarioantillano.com\/uno\/wp-json\/wp\/v2\/types\/post"}],"author":[{"embeddable":true,"href":"https:\/\/eldiarioantillano.com\/uno\/wp-json\/wp\/v2\/users\/2"}],"replies":[{"embeddable":true,"href":"https:\/\/eldiarioantillano.com\/uno\/wp-json\/wp\/v2\/comments?post=68142"}],"version-history":[{"count":2,"href":"https:\/\/eldiarioantillano.com\/uno\/wp-json\/wp\/v2\/posts\/68142\/revisions"}],"predecessor-version":[{"id":68144,"href":"https:\/\/eldiarioantillano.com\/uno\/wp-json\/wp\/v2\/posts\/68142\/revisions\/68144"}],"wp:featuredmedia":[{"embeddable":true,"href":"https:\/\/eldiarioantillano.com\/uno\/wp-json\/wp\/v2\/media\/64816"}],"wp:attachment":[{"href":"https:\/\/eldiarioantillano.com\/uno\/wp-json\/wp\/v2\/media?parent=68142"}],"wp:term":[{"taxonomy":"category","embeddable":true,"href":"https:\/\/eldiarioantillano.com\/uno\/wp-json\/wp\/v2\/categories?post=68142"},{"taxonomy":"post_tag","embeddable":true,"href":"https:\/\/eldiarioantillano.com\/uno\/wp-json\/wp\/v2\/tags?post=68142"}],"curies":[{"name":"wp","href":"https:\/\/api.w.org\/{rel}","templated":true}]}}