{"id":68139,"date":"2024-08-17T00:36:00","date_gmt":"2024-08-17T04:36:00","guid":{"rendered":"https:\/\/eldiarioantillano.com\/uno\/?p=68139"},"modified":"2024-08-17T00:36:15","modified_gmt":"2024-08-17T04:36:15","slug":"el-1j4-en-zona-norte-y-periferia-gran-santo-domingo","status":"publish","type":"post","link":"https:\/\/eldiarioantillano.com\/uno\/2024\/08\/17\/el-1j4-en-zona-norte-y-periferia-gran-santo-domingo\/","title":{"rendered":"El 1J4 en zona norte y periferia Gran Santo Domingo"},"content":{"rendered":"\n<p>ART\u00cdCULO INVITADO<\/p>\n\n\n\n<p>Por Amaurys P\u00e9rez Vargas<\/p>\n\n\n\n<p>La semana pasada aportamos los datos demogr\u00e1ficos del Censo de 1960 que establecen que en el Gran Santo Domingo hab\u00eda 466,830 habitantes, v\u00e9ase un 15.32% del total nacional. En los datos publicados por la Oficina Nacional de Estad\u00edstica se consigna que, de estos, 369,980 resid\u00edan en Distrito Nacional y los restantes 96,850 en los territorios que hoy conforman la actual provincia de Santo Domingo. Esta cifra es significativa si se toma en cuenta que, para la \u00e9poca, la ciudad de Santiago de los Caballeros dispon\u00eda de 85,640 personas.<\/p>\n\n\n\n<p>Desde los tiempos coloniales, los barrios populares se han ubicado en la zona norte de la ciudad de Santo Domingo y en sus alrededores perif\u00e9ricos. Desde ese punto de vista, la importancia y el peso que tuvo la Agrupaci\u00f3n Pol\u00edtica 14 de Junio en esos sectores, tal como lo evidencian cientos de im\u00e1genes fotogr\u00e1ficas y v\u00eddeos de la \u00e9poca, desmienten una visi\u00f3n distorsionada que le asignaba poca influencia en esas clases sociales. A partir de la composici\u00f3n social de los n\u00facleos arrestados en enero de 1960 y especialmente por la estructura dirigencial que surgi\u00f3 en 1961 con Manolo Tav\u00e1rez Justo a la cabeza, se ha pretendido reducir el arraigo que tuvo el 1j4 limit\u00e1ndose solamente a las clases medias, la juventud y las zonas urbanas.<\/p>\n\n\n\n<p>Los que conocieron esa organizaci\u00f3n de masas en el per\u00edodo 1961\u20131963, como Ra\u00fal P\u00e9rez Pe\u00f1a (Bacho), se\u00f1alan el car\u00e1cter popular y nacional que tuvo. Las fotos de las manifestaciones son elocuentes del pueblo que respald\u00f3 a la organizaci\u00f3n verde y negra, en donde se aprecia la significativa presencia catorcista en Gualey, Villa Faro, Villa Consuelo, Villa Agr\u00edcolas, Villa Francisca, Villa Duarte, Miramar entre otros barrios capitalinos. Vale decir que los n\u00fameros que acompa\u00f1an los subcomit\u00e9s, tal como vimos la semana pasada con los diferentes de San Carlos 1, 2, 5 y 9, dan cuenta del nivel de organizaci\u00f3n que hab\u00eda en el territorio.<\/p>\n\n\n\n<p>A continuaci\u00f3n, veamos la composici\u00f3n de los subcomit\u00e9s en la zona Norte.&nbsp;<strong>Subcomit\u00e9 Ensanche Luper\u00f3n:<\/strong>&nbsp;Ing. Gilberto Jim\u00e9nez, presidente; Jos\u00e9 M. Peguero Moya, secretario general; Miguel A. Castillo, subsecretario General; Francisco Jim\u00e9nez R., Sec. de Finanzas; Dr. Baldemar Gerardo, secretario de Capacitaci\u00f3n; Edison Ram\u00edrez, secretario de Organizaci\u00f3n; Ing. Pedro N\u00fa\u00f1ez, secretario de Asuntos Laborales; Gustavo Sater, secretario de Relaciones P\u00fablicas; Radham\u00e9s Mej\u00eda, Secretario de Publicidad y Propaganda; Rafael Garc\u00eda, secretario de Asuntos Juveniles; Rafael Cordero y Danilo Morel, secretarios de Asistencia Social; Sonia Vargas, secretaria de Asuntos Femeninos.<\/p>\n\n\n\n<p><strong>Subcomit\u00e9 Barrio Mar\u00eda Auxiliadora<\/strong>: Rafael Vallejo, presidente; Alfredo Batista, secretario general, Salvador Charlatti, secretario de organizaci\u00f3n; Domingo Peguero, secretario de finanzas; Sucre G\u00f3mez, secretario de publicidad y propaganda; Rafael Portes, secretario de asuntos laborales; Rafael Merino Reyes, secretario de asuntos campesinos; Carlos E. Ram\u00edrez, secretario de la juventud; Jos\u00e9 A. Abreu, subsecretario de la juventud; y Leda. Santana, secretaria de asuntos femeninos.<\/p>\n\n\n\n<p><strong>Subcomit\u00e9 Barrio Morgan:&nbsp;<\/strong>Sergio Leandro D\u00edaz, presidente; Hip\u00f3lito V\u00e9lez, secretario; Rafael Pe\u00f1a, tesorero. Vocales: Meregildo Miguel, Luciano Encarnaci\u00f3n, Rafael E. Feliciano y Gonzalo F\u00e9lix. Subcomit\u00e9 Villa Francisca: Ing. Alejandro A. Padilla, presidente.; Guillermo M\u00e9ndez, vicepresidente; Dr. Daniel Ozuna Hern\u00e1ndez, secretario general; Eduardo Jos\u00e9 Ure\u00f1a, secretario de actas y Juan B. Carri\u00f3n, tesorero. Vocales: Juan Isidro Pe\u00f1a, C\u00e9sar R. Bautista, Edmundo Camilo Rosa, H\u00e9ctor Garc\u00eda Col\u00f3n, Jos\u00e9 Rafael V\u00e1squez, Vinicio Pichardo Pe\u00f1a y Manuel Taveras Pe\u00f1a.<\/p>\n\n\n\n<p><strong>Subcomit\u00e9 # 27 Gualey<\/strong>&nbsp;(Final calle Inmaculada Concepci\u00f3n): Ismael Mar\u00eda Hern\u00e1ndez, presidente; Buenaventura Garc\u00eda, vicepresidente; Luis P\u00e9rez N\u00fa\u00f1ez, secretario general; Carlos Rodr\u00edguez, Tesorero; Antonio P\u00e9rez, secretario de actas; \u00c1ngel Maria Castro, secretario de Propaganda. Vocales: Belarmino G\u00f3mez, Ram\u00f3n Garc\u00eda, Ram\u00f3n Antonio Rivera, Sergio Ariza y Juan Ram\u00f3n Villafa\u00f1a.<\/p>\n\n\n\n<p><strong>Subcomit\u00e9 del Ensanche \u00abLa Fe\u00bb:&nbsp;<\/strong>Alberto Guti\u00e9rrez, presidente; Narciso E. Santana, secretaria general; Juan Mej\u00eda, secretario organizaci\u00f3n; Fidel Guzm\u00e1n, secretario de asuntos laborales; Gerardo Marten-Ellis, secretario de asuntos juveniles; Aten\u00eda Camilo, secretaria de asuntos femeninos; Mario del Valle, secretario capacitaci\u00f3n; Rafael M. Guzm\u00e1n, secretario de finanzas; Jos\u00e9 D\u00edaz, secretario de publicidad y propaganda; Pedro Pablo Brito, secretario de relaciones.<\/p>\n\n\n\n<p><strong>Subcomit\u00e9 barrio \u00abLibertad\u00bb:&nbsp;<\/strong>Manuel Virgilio Toribio, presidente; Rafael Pimentel, secretario general; Emilio Antonio Cordero, secretario de organizaci\u00f3n; Juan Isidro Sosa, secretario de finanzas; Eloy Jim\u00e9nez, secretario de capacitaci\u00f3n; Carlos de la. Rosa, secretario de asuntos laborales; Segundo Malician, secretario de publicidad y propaganda; Leoncio, Batista, secretario de asuntos campesinos; Rafael Hamilton, secretario de asistente social; Francisca Hamilton, secretaria de asuntos femeninos.<\/p>\n\n\n\n<p><strong>Subcomit\u00e9 Barrio \u00abGal\u00e1\u00bb&nbsp;<\/strong>(km. 6, Carrt. Duarte): Cipri\u00e1n de Le\u00f3n Matas, presidente; Dionisio Mej\u00eda, secretario; Juan Matos tesorero. Vocales: Guarocuya Moquete, Jos\u00e9 Bernardo Tejada, Rafael Vargas Carri\u00f3n, Le\u00f3nidas A. Rodr\u00edguez, Bol\u00edvar Sep\u00falveda B\u00e1ez y Juan Antonio Placencia, vocales; Antonio Marte, delegado.<\/p>\n\n\n\n<p>En Santo Domingo Oriental tenemos el&nbsp;<strong>Subcomit\u00e9 de Los Minas<\/strong>&nbsp;(Calle Penetraci\u00f3n Oeste esq. Calle 7): Octavio de Jes\u00fas Estrella, presidente; C\u00e9sar A. Castillo, secretario; Luis E. Lluberes, tesorero. Vocales: Juan Ram\u00f3n Mart\u00ednez, Manuel Leger de la Cruz, Ramona Medina de Lluberes y Urbano Leger de la Cruz.<\/p>\n\n\n\n<p><strong>Subcomit\u00e9 Villa Duarte:<\/strong>&nbsp;Junio L\u00f3pez, presidente; F\u00e9lix Acevedo, secretario general; Iv\u00e1n L\u00f3pez, secretario de organizaci\u00f3n; Benjam\u00edn Ortiz, secretario de finanzas; Rafael Ramos, secretario de publicidad y propaganda.; Enmanuel Rodr\u00edguez A., secretario de asuntos laborales; Rafael Mangara, secretario de asuntos campesinos; Freddy Salad\u00edn, secretario de la juventud; y Rosa B\u00e1ez, secretario de asuntos femeninos. En otros Subcomit\u00e9s de Villa Duarte estuvieron la soci\u00f3loga y educadora Mar\u00eda Antonia de la Rosa \u201c\u00danica\u201d y Gustavo Penzo Mota, contador, tesorero del comit\u00e9 barrial del 14 de Junio que operaba en la casa de Hilda Guatreaux, tambi\u00e9n dirigente de la organizaci\u00f3n. En el&nbsp;<strong>Subcomit\u00e9 Mendoza:&nbsp;<\/strong>Miguel \u00c1ngel de los Santos, presidente; Bienvenido Rosario, vicepresidente; Reinaldo Rosario Castro, secretario general.<\/p>\n\n\n\n<p>En Santo Domingo Occidental estaba el&nbsp;<strong>Subcomit\u00e9 Los Alcarrizos<\/strong>: Eladio Santana, secretario general: V\u00edctor Cesar Bordas, delegado. Subcomit\u00e9 en kil\u00f3metro 12 de la carretera S\u00e1nchez de Haina: Joaqu\u00edn Rojas R., presidente; Tom\u00e1s Ortiz Santiago, secretario general; Guarionex W\u00e1scar Castillo, secretario de organizaci\u00f3n; Rafael Mena Cabrera, subsecretario; Pedro Rojas P., secretario de asuntos obreros; Francisco S\u00e1nchez; subsecretario; Ram\u00f3n S\u00e1nchez, secretario de asuntos juveniles; Luis S. M. Rojas, Subsecretario; Nicol\u00e1s Beltr\u00e9 R., secretario de finanzas; Felipe Sosa, Subsecretario; Manuel A. D\u00edaz, Sec. de Capacitaci\u00f3n; Fernando Sosa, subsecretario; Am\u00e9rico Soto P., Sec. de Relaciones P\u00fablicas; Juan Gabriel S. Tejeda, Subsecretario; Miguel F. Rojas, secretario de asistencia social; Elpidio Jim\u00e9nez H., subsecretario; Rodolfo Rojas, secretario de publicaciones y propaganda; Modesto Sosa, secretario de asuntos campesinos; Andr\u00e9s Sosa, subsecretario; Francisco Ellis Machuca, delegado ante el subcomit\u00e9.<\/p>\n\n\n\n<p>Reproducido de hoy.com.do<\/p>\n","protected":false},"excerpt":{"rendered":"<p>ART\u00cdCULO INVITADO Por Amaurys P\u00e9rez Vargas La semana pasada aportamos los datos demogr\u00e1ficos del Censo&hellip;<\/p>\n","protected":false},"author":2,"featured_media":68140,"comment_status":"open","ping_status":"open","sticky":false,"template":"","format":"standard","meta":{"footnotes":""},"categories":[66,55],"tags":[],"class_list":["post-68139","post","type-post","status-publish","format-standard","has-post-thumbnail","hentry","category-articulo-invitado","category-nacionales"],"_links":{"self":[{"href":"https:\/\/eldiarioantillano.com\/uno\/wp-json\/wp\/v2\/posts\/68139","targetHints":{"allow":["GET"]}}],"collection":[{"href":"https:\/\/eldiarioantillano.com\/uno\/wp-json\/wp\/v2\/posts"}],"about":[{"href":"https:\/\/eldiarioantillano.com\/uno\/wp-json\/wp\/v2\/types\/post"}],"author":[{"embeddable":true,"href":"https:\/\/eldiarioantillano.com\/uno\/wp-json\/wp\/v2\/users\/2"}],"replies":[{"embeddable":true,"href":"https:\/\/eldiarioantillano.com\/uno\/wp-json\/wp\/v2\/comments?post=68139"}],"version-history":[{"count":1,"href":"https:\/\/eldiarioantillano.com\/uno\/wp-json\/wp\/v2\/posts\/68139\/revisions"}],"predecessor-version":[{"id":68141,"href":"https:\/\/eldiarioantillano.com\/uno\/wp-json\/wp\/v2\/posts\/68139\/revisions\/68141"}],"wp:featuredmedia":[{"embeddable":true,"href":"https:\/\/eldiarioantillano.com\/uno\/wp-json\/wp\/v2\/media\/68140"}],"wp:attachment":[{"href":"https:\/\/eldiarioantillano.com\/uno\/wp-json\/wp\/v2\/media?parent=68139"}],"wp:term":[{"taxonomy":"category","embeddable":true,"href":"https:\/\/eldiarioantillano.com\/uno\/wp-json\/wp\/v2\/categories?post=68139"},{"taxonomy":"post_tag","embeddable":true,"href":"https:\/\/eldiarioantillano.com\/uno\/wp-json\/wp\/v2\/tags?post=68139"}],"curies":[{"name":"wp","href":"https:\/\/api.w.org\/{rel}","templated":true}]}}