{"id":68136,"date":"2024-08-16T00:28:12","date_gmt":"2024-08-16T04:28:12","guid":{"rendered":"https:\/\/eldiarioantillano.com\/uno\/?p=68136"},"modified":"2024-08-16T00:28:16","modified_gmt":"2024-08-16T04:28:16","slug":"haiti-en-busca-del-cambio-necesario","status":"publish","type":"post","link":"https:\/\/eldiarioantillano.com\/uno\/2024\/08\/16\/haiti-en-busca-del-cambio-necesario\/","title":{"rendered":"Hait\u00ed en busca del cambio necesario"},"content":{"rendered":"\n<p>Puerto Pr\u00edncipe, (Prensa Latina) &nbsp;El resurgir de noticias sobre democracia y elecciones evidencian que Hait\u00ed busca respirar y dar un cambio, pese a la persistencia de episodios de polic\u00edas tras bandidos, crisis econ\u00f3mica, desempleo y un sistema sanitario disfuncional.<\/p>\n\n\n\n<p>&nbsp;&nbsp; El reciente Estado de Emergencia de Seguridad decretado en 14 comarcas de dos departamentos, prueba&nbsp; que la paz sigue sin asomarse en la naci\u00f3n caribe\u00f1a, donde a\u00fan atacan, saquean y queman comisar\u00edas, secuestran personas con poder adquisitivo y los ni\u00f1os son obligados por los cabecillas de las pandillas a empu\u00f1ar fusiles autom\u00e1ticos manchando sus manos de sangre en plena edad de oro.<\/p>\n\n\n\n<p>&nbsp;&nbsp; En ese contexto, nace la esperanza de mejorar el escenario nacional, justo cuando 600 hombres de Kenia junto a la polic\u00eda&nbsp; de Hait\u00ed orquestan operaciones para neutralizar, desmantelar y&nbsp; exterminar a las bandas criminales que controlan el 80 por ciento de Puerto Pr\u00edncipe.<\/p>\n\n\n\n<p>&nbsp;&nbsp; Ahora, en un esfuerzo sin precedentes para abordar los desaf\u00edos cruciales que enfrenta el pa\u00eds, el Consejo Presidencial de Transici\u00f3n (CPT) public\u00f3 un decreto sobre el establecimiento de un mecanismo participativo excepcional denominado Conferencia Nacional.<\/p>\n\n\n\n<p>&nbsp;&nbsp; Este foro re\u00fane a actores de todos los \u00e1mbitos de la vida, asociaciones, organizaciones, movimientos y grupos de inter\u00e9s, todos facultados para debatir problemas relacionados con los intereses fundamentales de la naci\u00f3n haitiana.<\/p>\n\n\n\n<p>&nbsp;&nbsp; Aunque su tiempo de duraci\u00f3n es limitado, permitir\u00e1 a&nbsp; todos los agentes de la sociedad contribuir a la elaboraci\u00f3n de soluciones apropiadas, que sirvan como propuestas para conformar textos normativos y directrices sobre importantes proyectos.<\/p>\n\n\n\n<p>&nbsp;&nbsp; Las mismas deben conducir a la revisi\u00f3n de la Constituci\u00f3n vigente, el desarrollo de un nuevo programa social para Hait\u00ed y la renovaci\u00f3n de las relaciones entre el Estado y la sociedad.<\/p>\n\n\n\n<p>&nbsp;&nbsp; La Conferencia Nacional tiene entre sus objetivos crear una nueva Carta Magna que preserve los logros democr\u00e1ticos, y contemple las aspiraciones del pueblo haitiano, al igual que sus deberes y derechos.<\/p>\n\n\n\n<p>&nbsp;&nbsp; Estar\u00e1 entre sus directrices edificar un proyecto social para Hait\u00ed que permita constituir una naci\u00f3n socialmente justa, econ\u00f3micamente libre y pol\u00edticamente independiente.<\/p>\n\n\n\n<p>&nbsp;&nbsp; No debe escapar de su visi\u00f3n la protecci\u00f3n de los valores, las tradiciones, y sobre todo garantizar la unidad nacional,&nbsp; por lo que deber\u00e1 atacar la discriminaci\u00f3n entre el campo y la ciudad, por citar un ejemplo.<\/p>\n\n\n\n<p>&nbsp;&nbsp; El proceso de la Conferencia Nacional se basa en los principios de transparencia e inclusi\u00f3n, y todos los actores, ya sean de la sociedad civil, partidos pol\u00edticos, organizaciones o movimientos, est\u00e1n invitados a participar activamente en los debates y presentar sus propuestas.<\/p>\n\n\n\n<p>&nbsp; Este enfoque participativo tiene como objetivo crear consenso en torno a los desaf\u00edos y soluciones necesarios para el futuro de Hait\u00ed.<\/p>\n\n\n\n<p>&nbsp;&nbsp; Tambi\u00e9n en ese contexto, el primer ministro de transici\u00f3n de Hait\u00ed, Garry Conille reiter\u00f3 su compromiso de centrarse en la celebraci\u00f3n de las elecciones generales en el pa\u00eds caribe\u00f1o, donde hoy existen varios factores que complejizan ese proceso.<\/p>\n\n\n\n<p>&nbsp;&nbsp; Conille visit\u00f3 el Consejo Electoral Provisional con el fin de elaborar un plan para la realizaci\u00f3n de los pr\u00f3ximos comicios y prometi\u00f3 entregarle el equipamiento necesario para operar y ganarse la confianza de la poblaci\u00f3n.<\/p>\n\n\n\n<p>&nbsp; Pero ese ente llama a tener en cuenta el tema de la violencia y advierte que en condiciones \u00f3ptimas de seguridad, le tomar\u00eda entre 180 y 200 d\u00edas para celebrar la votaci\u00f3n en 2025.<\/p>\n\n\n\n<p>&nbsp;&nbsp; Por otro lado, una encuesta realizada por Policit\u00e9 e Internews mostr\u00f3 que el 93 por ciento de los ciudadanos desconf\u00eda del sistema electoral, el dos por ciento salud\u00f3 la organizaci\u00f3n del proceso y para el 88 por ciento esa planificaci\u00f3n es mala.<\/p>\n\n\n\n<p>&nbsp;&nbsp; La pesquisa revel\u00f3 que 29 por ciento de los encuestados desea ejercer su derecho al sufragio, el 13 est\u00e1 seguro de hacerlo y el 20 se niega a acudir a las urnas.<\/p>\n\n\n\n<p>ym\/<\/p>\n","protected":false},"excerpt":{"rendered":"<p>Puerto Pr\u00edncipe, (Prensa Latina) &nbsp;El resurgir de noticias sobre democracia y elecciones evidencian que Hait\u00ed&hellip;<\/p>\n","protected":false},"author":2,"featured_media":68137,"comment_status":"open","ping_status":"open","sticky":false,"template":"","format":"standard","meta":{"footnotes":""},"categories":[52,53],"tags":[],"class_list":["post-68136","post","type-post","status-publish","format-standard","has-post-thumbnail","hentry","category-internacionales","category-prensa-latina"],"_links":{"self":[{"href":"https:\/\/eldiarioantillano.com\/uno\/wp-json\/wp\/v2\/posts\/68136","targetHints":{"allow":["GET"]}}],"collection":[{"href":"https:\/\/eldiarioantillano.com\/uno\/wp-json\/wp\/v2\/posts"}],"about":[{"href":"https:\/\/eldiarioantillano.com\/uno\/wp-json\/wp\/v2\/types\/post"}],"author":[{"embeddable":true,"href":"https:\/\/eldiarioantillano.com\/uno\/wp-json\/wp\/v2\/users\/2"}],"replies":[{"embeddable":true,"href":"https:\/\/eldiarioantillano.com\/uno\/wp-json\/wp\/v2\/comments?post=68136"}],"version-history":[{"count":1,"href":"https:\/\/eldiarioantillano.com\/uno\/wp-json\/wp\/v2\/posts\/68136\/revisions"}],"predecessor-version":[{"id":68138,"href":"https:\/\/eldiarioantillano.com\/uno\/wp-json\/wp\/v2\/posts\/68136\/revisions\/68138"}],"wp:featuredmedia":[{"embeddable":true,"href":"https:\/\/eldiarioantillano.com\/uno\/wp-json\/wp\/v2\/media\/68137"}],"wp:attachment":[{"href":"https:\/\/eldiarioantillano.com\/uno\/wp-json\/wp\/v2\/media?parent=68136"}],"wp:term":[{"taxonomy":"category","embeddable":true,"href":"https:\/\/eldiarioantillano.com\/uno\/wp-json\/wp\/v2\/categories?post=68136"},{"taxonomy":"post_tag","embeddable":true,"href":"https:\/\/eldiarioantillano.com\/uno\/wp-json\/wp\/v2\/tags?post=68136"}],"curies":[{"name":"wp","href":"https:\/\/api.w.org\/{rel}","templated":true}]}}