{"id":68120,"date":"2024-08-15T00:03:00","date_gmt":"2024-08-15T04:03:00","guid":{"rendered":"https:\/\/eldiarioantillano.com\/uno\/?p=68120"},"modified":"2024-08-14T22:19:41","modified_gmt":"2024-08-15T02:19:41","slug":"presidente-dominicano-a-las-puertas-de-un-segundo-mandato","status":"publish","type":"post","link":"https:\/\/eldiarioantillano.com\/uno\/2024\/08\/15\/presidente-dominicano-a-las-puertas-de-un-segundo-mandato\/","title":{"rendered":"Presidente dominicano, a las puertas de un segundo mandato"},"content":{"rendered":"\n<figure class=\"wp-block-image size-large\"><img fetchpriority=\"high\" decoding=\"async\" width=\"1024\" height=\"576\" src=\"https:\/\/eldiarioantillano.com\/uno\/wp-content\/uploads\/2024\/05\/Palacio-Nacional-2-1024x576.jpg\" alt=\"\" class=\"wp-image-66930\" srcset=\"https:\/\/eldiarioantillano.com\/uno\/wp-content\/uploads\/2024\/05\/Palacio-Nacional-2-1024x576.jpg 1024w, https:\/\/eldiarioantillano.com\/uno\/wp-content\/uploads\/2024\/05\/Palacio-Nacional-2-300x169.jpg 300w, https:\/\/eldiarioantillano.com\/uno\/wp-content\/uploads\/2024\/05\/Palacio-Nacional-2-768x432.jpg 768w, https:\/\/eldiarioantillano.com\/uno\/wp-content\/uploads\/2024\/05\/Palacio-Nacional-2-1200x675.jpg 1200w, https:\/\/eldiarioantillano.com\/uno\/wp-content\/uploads\/2024\/05\/Palacio-Nacional-2-1170x658.jpg 1170w, https:\/\/eldiarioantillano.com\/uno\/wp-content\/uploads\/2024\/05\/Palacio-Nacional-2-585x329.jpg 585w, https:\/\/eldiarioantillano.com\/uno\/wp-content\/uploads\/2024\/05\/Palacio-Nacional-2.jpg 1300w\" sizes=\"(max-width: 1024px) 100vw, 1024px\" \/><figcaption class=\"wp-element-caption\">Palanio Nacional dominicano (Fuente externa).<\/figcaption><\/figure>\n\n\n\n<p>Por Mariela P\u00e9rez Valenzuela<br>Corresponsal jefe de Prensa Latina en Rep\u00fablica Dominicana<\/p>\n\n\n\n<p><strong>Santo Domingo. (Prensa Latina<\/strong>) El pr\u00f3ximo d\u00eda 16 el reelecto presidente dominicano, Luis Abinader, tomar\u00e1 posesi\u00f3n del cargo para un per\u00edodo en el que propuso relanzar el pa\u00eds en diversas \u00e1reas, mediante lo que calific\u00f3 de un gran acuerdo de unidad nacional.<\/p>\n\n\n\n<p>Abinader, 57 a\u00f1os, empresario de origen liban\u00e9s, con una definida pol\u00edtica de&nbsp;gobierno, tiene ante s\u00ed, como una de sus&nbsp; prioridades,&nbsp;elevar el nivel de vida de un 24,6 por ciento de ciudadanos pobres en \u00e1reas rurales, y un 18 por ciento en las urbanas, seg\u00fan&nbsp;datos oficiales.<\/p>\n\n\n\n<p>Aunque algunos sectores poblacionales consideran maquilladas tales cifras ofrecidas por organismos p\u00fablicos,&nbsp;&nbsp;los n\u00fameros indican que en Dominicana hay&nbsp;401 mil 283 ciudadanos en pobreza extrema, casi tres millones&nbsp; en pobreza general y siete millones 679 mil 255 no son pobres.<\/p>\n\n\n\n<p>Uno de los intereses del nuevo per\u00edodo gubernamental &nbsp;hasta 2028 es elevar la calidad de vida de la poblaci\u00f3n en su conjunto, con \u00e9nfasis en el sistema de salud, pues a\u00fan hay localidades que carecen de atenci\u00f3n m\u00e9dica adecuada.<\/p>\n\n\n\n<p><strong>REFORMA CONSTITUCIONAL<\/strong><\/p>\n\n\n\n<p>En opini\u00f3n expresada por Abinader en distintos foros pol\u00edticos y empresariales, Rep\u00fablica Dominicana deber\u00e1 enfrentar una serie de reformas, entre ellas la constitucional, si \u2013como proclama- el pa\u00eds ser\u00e1 relanzado en diversas \u00e1reas.<\/p>\n\n\n\n<p>El gobernante asegur\u00f3 que no variar\u00e1 lo concerniente a la reelecci\u00f3n, descartando que la reforma sea una artima\u00f1a para facilitar el camino a un tercer mandato continuo. \u00abNo volver\u00e9 a ser candidato, es mi palabra, es mi compromiso y ser\u00e1 parte de mi legado a Rep\u00fablica Dominicana\u00bb, dijo tras su victoria en las urnas.<\/p>\n\n\n\n<p>En la actualidad, la Constituci\u00f3n establece la reelecci\u00f3n para un segundo mandato presidencial sucesivo de cuatro a\u00f1os y para aspirar a un tercero, se debe dejar pasar un per\u00edodo de por medio.<\/p>\n\n\n\n<p>A decir del mandatario, la propuesta de reforma constitucional tiene como objetivo consolidar la independencia del Ministerio P\u00fablico, disminuir la cantidad de diputados, de 190 en la actualidad a 137, as\u00ed como &nbsp;unificar la celebraci\u00f3n de las elecciones presidenciales, congresuales y municipales a partir del a\u00f1o 2032.<\/p>\n\n\n\n<p><strong>EL OFICIALISTA PRM<\/strong><\/p>\n\n\n\n<p>El Partido Revolucionario Moderno (PRM), que lo postul\u00f3 para la reelecci\u00f3n, constituye la fuerza pol\u00edtica m\u00e1s poderosa del pa\u00eds.<\/p>\n\n\n\n<p>Al mandatario lo respalda el triunfo arrollador del PRM en las elecciones municipales de febrero pasado y las presidenciales y congresuales de mayo, &nbsp;en el que logr\u00f3&nbsp;alrededor de 120 de las 158 alcald\u00edas en pugna,&nbsp;&nbsp;29 esca\u00f1os en el Senado de un total de 32, &nbsp;y la mayor\u00eda en el Congreso Nacional (145 diputados de 190).<\/p>\n\n\n\n<p>Con ese escenario, y si prima la voluntad &nbsp;en ir resolviendo los principales problemas colectivos, Abinader podr\u00e1 llevar a cabo su prometido programa.<\/p>\n\n\n\n<p><strong>ECONOM\u00cdA<\/strong><\/p>\n\n\n\n<p>Seg\u00fan proyecciones de organismos internacionales como el Banco Mundial, la naci\u00f3n caribe\u00f1a &nbsp;podr\u00eda crecer un cinco por ciento en 2024 y ha sido, seg\u00fan esa fuente, una de las econom\u00edas m\u00e1s din\u00e1micas de la regi\u00f3n en las dos \u00faltimas d\u00e9cadas.<\/p>\n\n\n\n<p>Si bien Abinader logr\u00f3 mantener la econom\u00eda, con una expansi\u00f3n de 2,4 por ciento en 2023, sus opositores le acusan de endeudar al pa\u00eds debido a la cantidad de pr\u00e9stamos hechos a su Gobierno, en tanto perduran las desigualdades sociales.<\/p>\n\n\n\n<p>Pese al buen desempe\u00f1o econ\u00f3mico en este cuatrienio en sectores estrat\u00e9gicos como el turismo, la inversi\u00f3n extranjera directa y la recepci\u00f3n de remesas, organismos mundiales indican que el pa\u00eds no ha logrado generar empleos de calidad, persiste un deficiente sistema sanitario y un aumento de la econom\u00eda informal.<\/p>\n\n\n\n<p>Para los pr\u00f3ximos cuatro a\u00f1os, el gobierno del PRM asegur\u00f3 que continuar\u00e1 apoyando y promoviendo iniciativas en beneficio del sector industrial, con la finalidad de elevar sus niveles de productividad, competitividad y sostenibilidad, para de esta forma impulsar la creaci\u00f3n de m\u00e1s y mejores empleos.<\/p>\n\n\n\n<p>Tambi\u00e9n refiri\u00f3 que Rep\u00fablica Dominicana trabaja para favorecer la diversificaci\u00f3n de la econom\u00eda, ofreciendo seguridad jur\u00eddica y una estabilidad pol\u00edtica y econ\u00f3mica.<\/p>\n\n\n\n<p>Sin embargo, el presidente reconoci\u00f3 que \u201cel pa\u00eds necesitaba con urgencia cambios para fortalecer su institucionalidad, su competitividad y transparencia\u201d.<\/p>\n\n\n\n<p>Puntualiz\u00f3, adem\u00e1s,&nbsp;que impulsar\u00e1 cambios en el \u00e1rea fiscal y la&nbsp; Seguridad&nbsp;Social, el C\u00f3digo Laboral y al Ministerio de Interior y Polic\u00eda, entre otras novedades.<\/p>\n\n\n\n<p><strong>PRIORIDADES<\/strong><\/p>\n\n\n\n<p>El combate a la inseguridad ciudadana, junto&nbsp; al alto costo de la vida, el desempleo y la corrupci\u00f3n, constituyen prioridades del segundo mandato del PRM.<\/p>\n\n\n\n<p>En ese sentido, Abinader asegur\u00f3 que \u201cse seguir\u00e1 trabajando sin descanso para sacar del mercado los productos y a los productores que no cumplen o quieren estar al margen, como lo han hecho con el alcohol adulterado, los cigarrillos, los medicamentos y los hidrocarburos\u201d, y la clase pol\u00edtica a todos los niveles.&nbsp;<\/p>\n\n\n\n<p>Durante los pasados cuatro a\u00f1os, Quisqueya gener\u00f3 un excelente clima de confianza, lo que se traduce en un sitio atractivo para la inversi\u00f3n privada&nbsp;&nbsp;en proporciones hist\u00f3ricamente elevadas.<\/p>\n\n\n\n<p>La inversi\u00f3n extranjera directa se sit\u00faa en cuatro mil 381 millones de d\u00f3lares en 2023, lo que rompi\u00f3 el record alcanzado el a\u00f1o anterior.<\/p>\n\n\n\n<p>Con el lema \u201cJuventud: dar opciones para un ma\u00f1ana\u201d, Abinader continuar\u00e1 en su pr\u00f3ximo mandato creando \u2013dijo- nuevas oportunidades para que los j\u00f3venes puedan acceder a educaci\u00f3n de calidad y empleos formales.<\/p>\n\n\n\n<p>Un asunto de trascendencia social y a\u00fan pendiente es la lucha que tendr\u00e1 que librar el Ejecutivo contra el feminicidio, que el pasado a\u00f1o cobr\u00f3 la vida de 51 mujeres, aunque la cifra puede ser mayor ya que muchos casos no se registran como tales. Hasta junio de este a\u00f1o ya suman 24.<\/p>\n\n\n\n<p>Desde el sector feminista cuestionan que el gobierno hizo poco para impulsar el tema del aborto en el Congreso Nacional, que a\u00fan est\u00e1 pendiente y constituye un asunto trascendente para las mujeres.<\/p>\n\n\n\n<p><strong>INMIGRACI\u00d3N HAITIANA<\/strong><\/p>\n\n\n\n<p>No menos importante para la nueva administraci\u00f3n &nbsp;es el tema de la inmigraci\u00f3n, en especial la procedente de la vecina Hait\u00ed, dominada en la actualidad por bandas paramilitares que convirtieron esa naci\u00f3n en un infierno agudizado por la carencia de un gobierno constituido y una estructura socio-econ\u00f3mica.<\/p>\n\n\n\n<p>Sin embargo, nada indica que el dignatario cambiar\u00e1 su pol\u00edtica hacia el pa\u00eds fronterizo. Incluso el pasado a\u00f1o cerr\u00f3 el paso bilateral debido&nbsp; a diferencias por la construcci\u00f3n de un canal de riego por ciudadanos haitianos de manera unilateral en el r\u00edo Dajab\u00f3n, compartido por ambas naciones.<\/p>\n\n\n\n<p>Los haitianos representan el 30 por ciento &nbsp;de la fuerza de trabajo en la construcci\u00f3n, la ganader\u00eda y la agricultura en Rep\u00fablica Dominicana, donde reciben salarios inferiores a los de los nacionales.<\/p>\n\n\n\n<p>Las autoridades, sin embargo, suspendieron el a\u00f1o pasado el proceso de visado, en tanto aumentaron las deportaciones.<\/p>\n\n\n\n<p>Acorde con una pol\u00edtica similar en muchos aspectos a la de Estados Unidos \u2013demostrado en sus declaraciones p\u00fablicas respecto a temas internacionales _&nbsp;nada permite vislumbrar un cambio en ese rasgo, pues el gigantesco pa\u00eds norte\u00f1o es su principal inversionista y primer socio comercial.<\/p>\n\n\n\n<p>\/&nbsp;mpv<\/p>\n","protected":false},"excerpt":{"rendered":"<p>Por Mariela P\u00e9rez ValenzuelaCorresponsal jefe de Prensa Latina en Rep\u00fablica Dominicana Santo Domingo. (Prensa Latina)&hellip;<\/p>\n","protected":false},"author":2,"featured_media":66930,"comment_status":"open","ping_status":"open","sticky":false,"template":"","format":"standard","meta":{"footnotes":""},"categories":[55,53],"tags":[],"class_list":["post-68120","post","type-post","status-publish","format-standard","has-post-thumbnail","hentry","category-nacionales","category-prensa-latina"],"_links":{"self":[{"href":"https:\/\/eldiarioantillano.com\/uno\/wp-json\/wp\/v2\/posts\/68120","targetHints":{"allow":["GET"]}}],"collection":[{"href":"https:\/\/eldiarioantillano.com\/uno\/wp-json\/wp\/v2\/posts"}],"about":[{"href":"https:\/\/eldiarioantillano.com\/uno\/wp-json\/wp\/v2\/types\/post"}],"author":[{"embeddable":true,"href":"https:\/\/eldiarioantillano.com\/uno\/wp-json\/wp\/v2\/users\/2"}],"replies":[{"embeddable":true,"href":"https:\/\/eldiarioantillano.com\/uno\/wp-json\/wp\/v2\/comments?post=68120"}],"version-history":[{"count":1,"href":"https:\/\/eldiarioantillano.com\/uno\/wp-json\/wp\/v2\/posts\/68120\/revisions"}],"predecessor-version":[{"id":68121,"href":"https:\/\/eldiarioantillano.com\/uno\/wp-json\/wp\/v2\/posts\/68120\/revisions\/68121"}],"wp:featuredmedia":[{"embeddable":true,"href":"https:\/\/eldiarioantillano.com\/uno\/wp-json\/wp\/v2\/media\/66930"}],"wp:attachment":[{"href":"https:\/\/eldiarioantillano.com\/uno\/wp-json\/wp\/v2\/media?parent=68120"}],"wp:term":[{"taxonomy":"category","embeddable":true,"href":"https:\/\/eldiarioantillano.com\/uno\/wp-json\/wp\/v2\/categories?post=68120"},{"taxonomy":"post_tag","embeddable":true,"href":"https:\/\/eldiarioantillano.com\/uno\/wp-json\/wp\/v2\/tags?post=68120"}],"curies":[{"name":"wp","href":"https:\/\/api.w.org\/{rel}","templated":true}]}}