{"id":68077,"date":"2024-08-13T00:01:19","date_gmt":"2024-08-13T04:01:19","guid":{"rendered":"https:\/\/eldiarioantillano.com\/uno\/?p=68077"},"modified":"2024-08-13T00:21:35","modified_gmt":"2024-08-13T04:21:35","slug":"se-forma-potencial-ciclon-5-de-esta-temporada-aun-muy-lejos-de-rd","status":"publish","type":"post","link":"https:\/\/eldiarioantillano.com\/uno\/2024\/08\/13\/se-forma-potencial-ciclon-5-de-esta-temporada-aun-muy-lejos-de-rd\/","title":{"rendered":"Se forma potencial cicl\u00f3n 5 de esta temporada a\u00fan muy lejos de RD"},"content":{"rendered":"\n<h1 class=\"wp-block-heading\">INFORME DEL TIEMPO<\/h1>\n\n\n\n<p><strong>Lunes 12 de agosto de 2024 a las 6:00 p.m. V\u00e1lido hasta el mi\u00e9rcoles 14 de agosto de 2024 a las 6:00 p.m.<\/strong><\/p>\n\n\n\n<p><strong>SE FORMA LA TORMENTA TROPICAL ERNESTO\u2026SE EMITEN ALERTAS METEOROL\u00d3GICAS PARA VARIAS PROVINCIAS\u2026 AMBIENTE DE NUBES DISPERSAS CON AGUACEROS Y TRONADAS EN ALGUNAS LOCALIDADES&#8230;TEMPERATURAS CALUROSAS<\/strong><\/p>\n\n\n\n<p><strong>&nbsp;<\/strong>El potencial cicl\u00f3n tropical No.5 de esta temporada cicl\u00f3nica 2024 se convirti\u00f3 en la&nbsp;<strong>Tormenta Tropical Ernesto<\/strong>. Localizado aproximadamente a unos 430 kil\u00f3metros al este\/sureste de Antigua, Antillas Menores. Posee vientos m\u00e1ximos sostenidos de 65 kph y se mueve r\u00e1pidamente hacia el oeste\/noroeste a unos 44 kph.<\/p>\n\n\n\n<p>Una atm\u00f3sfera de escasa humedad y ligeras concentraciones del polvo Sahariano limitar\u00e1n los episodios de lluvias sobre gran parte de pa\u00eds. Sin embargo, una vaguada en niveles altos de la troposfera y los efectos de calentamiento diurno, inducir\u00e1n nublados en lo que resta de la tarde hasta primeras horas de la noche, con aguaceros fuertes localmente y tronadas aisladas sobre provincias de las regiones: noroeste, norte, la llanura oriental, as\u00ed como, la cordillera Central y la zona fronteriza. Tales como: Monte Plata, San Juan, S\u00e1nchez Ram\u00edrez, Monse\u00f1or Nouel, Monte Cristi, Dajab\u00f3n, El\u00edas Pi\u00f1a y Santiago Rodr\u00edguez.<\/p>\n\n\n\n<p>Debido a las lluvias pronosticadas para las siguientes 36 a 48 horas, se emiten &nbsp;<strong>Alertas<\/strong>&nbsp;Meteorol\u00f3gicas, ante posibles crecidas de r\u00edos arroyos y ca\u00f1adas, as\u00ed como tambi\u00e9n, deslizamiento de tierra e inundaciones urbanas:<\/p>\n\n\n\n<figure class=\"wp-block-table\"><table class=\"has-fixed-layout\"><tbody><tr><td colspan=\"5\"><strong>NIVELES DE ALERTAS Y AVISOS METEOROL\u00d3GICOS<\/strong><\/td><\/tr><tr><td colspan=\"3\"><strong>&nbsp;&nbsp;&nbsp;&nbsp;&nbsp;&nbsp;&nbsp;&nbsp;&nbsp;&nbsp;&nbsp;&nbsp;&nbsp; ALERTA METEOROLOGICA<\/strong><\/td><td><strong>AVISO<\/strong><\/td><td><strong>DESCONTINUADAS<\/strong><\/td><\/tr><tr><td><strong>La Altagracia<\/strong><\/td><td><strong>San Pedro de Macor\u00eds<\/strong><\/td><td><strong>&nbsp;<\/strong><\/td><td><strong>&nbsp;<\/strong><\/td><td>&nbsp;<\/td><\/tr><tr><td><strong>La Romana<\/strong><\/td><td><strong>Monte Plata<\/strong><\/td><td><strong>&nbsp;<\/strong><\/td><td><strong>&nbsp;<\/strong><\/td><td>&nbsp;<\/td><\/tr><tr><td><strong>El Seibo<\/strong><\/td><td><strong>Hato Mayor<\/strong><\/td><td><strong>&nbsp;<\/strong><\/td><td>&nbsp;<\/td><td>&nbsp;<\/td><\/tr><tr><td><strong>Duarte<\/strong><\/td><td><strong>Saman\u00e1<\/strong><\/td><td><strong>&nbsp;<\/strong><\/td><td>&nbsp;<\/td><td>&nbsp;<\/td><\/tr><tr><td><strong>Mar\u00eda Trinidad S\u00e1nchez<\/strong><\/td><td><strong>&nbsp;<\/strong><\/td><td><strong>&nbsp;<\/strong><\/td><td>&nbsp;<\/td><td>&nbsp;<\/td><\/tr><tr><td colspan=\"3\"><strong>TOTAL: 9<\/strong><\/td><td><strong>TOTAL: 0<\/strong><\/td><td><strong>TOTAL: 0<\/strong><\/td><\/tr><\/tbody><\/table><\/figure>\n\n\n\n<p>Para ma\u00f1ana martes, se mantendr\u00e1 la&nbsp; masa de aires de reducida&nbsp; humedad y con polvo del Sahara generando un ambiente mayormente&nbsp; soleado y de escasas lluvias sobre el territorio. Ser\u00e1 en horas de la tarde, que el aumento de la velocidad del viento y los efectos locales, provocar\u00e1n aguaceros dispersos con tronadas y r\u00e1fagas de viento, sobre provincias de las vertientes: norte, noreste, este y la cordillera Central. Especialmente hacia: La Altagracia, El Seibo, La Romana, San Pedro de Macor\u00eds, Hato Mayor, Monte Plata, Duarte, Mar\u00eda Trinidad S\u00e1nchez, Saman\u00e1 y El Gran Santo Domingo.<\/p>\n\n\n\n<p>Estamos en \u00e9poca de verano, recomendamos a la poblaci\u00f3n en general de tomar las siguientes medidas para mitigar el calor: evite la exposici\u00f3n al sol entre 11:00 a.m. a 4:00 pm por periodos prolongados, tome suficiente agua, vista ropas ligeras y de colores claros, busque lugares frescos o ventilados, ponga suma atenci\u00f3n a los&nbsp;<strong>ni\u00f1os y personas de avanzada edad,<\/strong>&nbsp;los cuales son m\u00e1s susceptibles a las altas temperaturas.<\/p>\n\n\n\n<p><strong>Distrito Nacional:<\/strong>&nbsp;Nubes dispersas con aumentos nubosos ocasionales.<\/p>\n\n\n\n<p><strong>Santo Domingo Este:<\/strong>&nbsp;Nubes aisladas con aumentos nubosos ocasionales.<\/p>\n\n\n\n<p><strong>Santo Domingo Norte:<\/strong>&nbsp;Medio nublado a nublado en ocasiones con chubascos aislados y tronadas distanciadas.&nbsp;&nbsp;<\/p>\n\n\n\n<p><strong>Santo Domingo Oeste:&nbsp;<\/strong>Medio nublado en ocasiones.<\/p>\n\n\n\n<p><strong>Temperatura m\u00ednima entre 24 \u00b0C y 26 \u00b0C y m\u00e1xima entre 32 \u00b0C y 34 \u00b0C.<\/strong><\/p>\n\n\n\n<p><strong>Resumen<\/strong><strong>:&nbsp;<\/strong><strong>se forma la tormenta tropical Ernesto\u2026se emiten alertas meteorol\u00f3gicas para varias provincias\u2026 ambiente de nubes dispersas con aguaceros y tronadas en algunas localidades&#8230;temperaturas calurosas<\/strong><strong><em>.<\/em><\/strong><\/p>\n\n\n\n<p><strong>El mi\u00e9rcoles,&nbsp;<\/strong>los efectos de la tormenta tropical Ernesto, provocar\u00e1n<strong>&nbsp;&nbsp;<\/strong>desde horas de la madrugada<strong>,&nbsp;<\/strong>aguaceros moderados a muy fuertes en ocasiones con tronadas y r\u00e1fagas de viento, sobre sectores del norte, noreste, la llanura oriental, la cordillera Central y el litoral costero Caribe\u00f1o. Estas condiciones estar\u00e1n extendi\u00e9ndose gradualmente a otras zonas del pa\u00eds.<\/p>\n\n\n\n<p><strong>Distrito Nacional:&nbsp;<\/strong>nublado con aguaceros moderados a fuertes, tormentas el\u00e9ctricas y r\u00e1fagas de viento.<\/p>\n\n\n\n<p><strong>Gran Santo Domingo:<\/strong>&nbsp;nublado con aguaceros que pueden ser moderados a fuertes, tormentas el\u00e9ctricas y r\u00e1fagas de viento.<\/p>\n\n\n\n<figure class=\"wp-block-table\"><table class=\"has-fixed-layout\"><tbody><tr><td><strong>PROVINCIAS<\/strong><\/td><td><strong>PRON\u00d3STICO POR LOCALIDADES<\/strong><\/td><td><strong>T. M\u00e1x. \u00b0C<\/strong><\/td><td><strong>T. Min. \u00b0C<\/strong><\/td><\/tr><tr><td><strong>Santiago<\/strong><\/td><td>Medio nublado a nublado con aguaceros aislados y tronadas distanciadas.<\/td><td><strong>32\/34<\/strong><\/td><td><strong>24\/26<\/strong><\/td><\/tr><tr><td><strong>Puerto&nbsp;Plata<\/strong><\/td><td>Nubes dispersas.<\/td><td><strong>32\/34<\/strong><\/td><td><strong>24\/26<\/strong><\/td><\/tr><tr><td><strong>Duarte<\/strong><\/td><td>Medio nublado en ocasiones con chubascos aislados.<\/td><td><strong>30\/32<\/strong><\/td><td><strong>22\/24<\/strong><\/td><\/tr><tr><td><strong>Constanza<\/strong><\/td><td>Nubes dispersas<\/td><td><strong>25\/28<\/strong><\/td><td><strong>15\/18<\/strong><\/td><\/tr><tr><td><strong>Peravia<\/strong><\/td><td>Nubes dispersas.<\/td><td><strong>31\/33<\/strong><\/td><td><strong>23\/25<\/strong><\/td><\/tr><tr><td><strong>San P. de Macor\u00eds<\/strong><\/td><td>Medio nublado en ocasiones.<\/td><td><strong>31\/33<\/strong><\/td><td><strong>23\/25<\/strong><\/td><\/tr><tr><td><strong>La Romana<\/strong><\/td><td>Nubes dispersas.<\/td><td><strong>31\/33<\/strong><\/td><td><strong>23\/25<\/strong><\/td><\/tr><tr><td><strong>La Vega<\/strong><\/td><td>Incrementos nubosos &nbsp;con aguaceros y tronadas aisladas.<\/td><td><strong>29\/31<\/strong><\/td><td><strong>23\/25<\/strong><\/td><\/tr><tr><td><strong>Monse\u00f1or Nouel<\/strong><\/td><td>Incrementos nubosos &nbsp;con aguaceros y&nbsp; tronadas aisladas.<\/td><td><strong>30\/32<\/strong><\/td><td><strong>24\/26<\/strong><\/td><\/tr><tr><td><strong>San Crist\u00f3bal<\/strong><\/td><td>Medio nublado a nublado con chubascos y aisladas tronadas.<\/td><td><strong>30\/32<\/strong><\/td><td><strong>23\/25<\/strong><\/td><\/tr><tr><td><strong>Saman\u00e1<\/strong><\/td><td>Nubes dispersas.<\/td><td><strong>29\/31<\/strong><\/td><td><strong>23\/25<\/strong><\/td><\/tr><tr><td><strong>Monte Cristi<\/strong><\/td><td>Nublado en ocasiones con aguaceros y tronadas aisladas.<\/td><td><strong>33\/36<\/strong><\/td><td><strong>23\/25<\/strong><\/td><\/tr><tr><td><strong>Azua<\/strong><\/td><td>Nubes dispersas.<\/td><td><strong>31\/33<\/strong><\/td><td><strong>24\/26<\/strong><\/td><\/tr><tr><td><strong>San Juan<\/strong><\/td><td>Incrementos nubosos &nbsp;con aguaceros aislados, tronadas y r\u00e1fagas de viento.<\/td><td><strong>33\/35<\/strong><\/td><td><strong>24\/26<\/strong><\/td><\/tr><tr><td><strong>Barahona<\/strong><\/td><td>Nubes dispersas.<\/td><td><strong>33\/35<\/strong><\/td><td><strong>24\/26<\/strong><\/td><\/tr><tr><td><strong>La Altagracia<\/strong><\/td><td>Nubes dispersas.<\/td><td><strong>31\/33<\/strong><\/td><td><strong>21\/23<\/strong><\/td><\/tr><\/tbody><\/table><\/figure>\n\n\n\n<p><strong>Meteor\u00f3logos: Claudio Amparo \/ Jes\u00fas Beltr\u00e9.-<\/strong><\/p>\n","protected":false},"excerpt":{"rendered":"<p>INFORME DEL TIEMPO Lunes 12 de agosto de 2024 a las 6:00 p.m. V\u00e1lido hasta&hellip;<\/p>\n","protected":false},"author":2,"featured_media":68078,"comment_status":"open","ping_status":"open","sticky":false,"template":"","format":"standard","meta":{"footnotes":""},"categories":[55],"tags":[],"class_list":["post-68077","post","type-post","status-publish","format-standard","has-post-thumbnail","hentry","category-nacionales"],"_links":{"self":[{"href":"https:\/\/eldiarioantillano.com\/uno\/wp-json\/wp\/v2\/posts\/68077","targetHints":{"allow":["GET"]}}],"collection":[{"href":"https:\/\/eldiarioantillano.com\/uno\/wp-json\/wp\/v2\/posts"}],"about":[{"href":"https:\/\/eldiarioantillano.com\/uno\/wp-json\/wp\/v2\/types\/post"}],"author":[{"embeddable":true,"href":"https:\/\/eldiarioantillano.com\/uno\/wp-json\/wp\/v2\/users\/2"}],"replies":[{"embeddable":true,"href":"https:\/\/eldiarioantillano.com\/uno\/wp-json\/wp\/v2\/comments?post=68077"}],"version-history":[{"count":1,"href":"https:\/\/eldiarioantillano.com\/uno\/wp-json\/wp\/v2\/posts\/68077\/revisions"}],"predecessor-version":[{"id":68079,"href":"https:\/\/eldiarioantillano.com\/uno\/wp-json\/wp\/v2\/posts\/68077\/revisions\/68079"}],"wp:featuredmedia":[{"embeddable":true,"href":"https:\/\/eldiarioantillano.com\/uno\/wp-json\/wp\/v2\/media\/68078"}],"wp:attachment":[{"href":"https:\/\/eldiarioantillano.com\/uno\/wp-json\/wp\/v2\/media?parent=68077"}],"wp:term":[{"taxonomy":"category","embeddable":true,"href":"https:\/\/eldiarioantillano.com\/uno\/wp-json\/wp\/v2\/categories?post=68077"},{"taxonomy":"post_tag","embeddable":true,"href":"https:\/\/eldiarioantillano.com\/uno\/wp-json\/wp\/v2\/tags?post=68077"}],"curies":[{"name":"wp","href":"https:\/\/api.w.org\/{rel}","templated":true}]}}