{"id":68068,"date":"2024-08-13T00:02:00","date_gmt":"2024-08-13T04:02:00","guid":{"rendered":"https:\/\/eldiarioantillano.com\/uno\/?p=68068"},"modified":"2024-08-12T18:30:22","modified_gmt":"2024-08-12T22:30:22","slug":"es-la-guerra-global-su-objetivo","status":"publish","type":"post","link":"https:\/\/eldiarioantillano.com\/uno\/2024\/08\/13\/es-la-guerra-global-su-objetivo\/","title":{"rendered":"\u00bfEs la guerra global su objetivo?"},"content":{"rendered":"\n<figure class=\"wp-block-embed is-type-video is-provider-youtube wp-block-embed-youtube wp-embed-aspect-16-9 wp-has-aspect-ratio\"><div class=\"wp-block-embed__wrapper\">\n<iframe title=\"World War Danger and Financial Collapse: Convene Council of Reason Now\" width=\"1170\" height=\"658\" src=\"https:\/\/www.youtube.com\/embed\/T9PqVSJIae8?feature=oembed\" frameborder=\"0\" allow=\"accelerometer; autoplay; clipboard-write; encrypted-media; gyroscope; picture-in-picture; web-share\" referrerpolicy=\"strict-origin-when-cross-origin\" allowfullscreen><\/iframe>\n<\/div><\/figure>\n\n\n\n<p>&nbsp;10 de agosto de 2024 (EIRNS) \u2014 \u00ab\u00bfEn qu\u00e9 est\u00e1n pensando?\u00bb. Se pregunta el mundo ante las acciones de Israel y de la OTAN anglo estadounidense. \u00ab\u00bfEst\u00e1n<em>&nbsp;tratando<\/em>&nbsp;de causar la Tercera Guerra Mundial?\u00bb.&nbsp;<\/p>\n\n\n\n<p>\u00a1No supongan que la respuesta es no! No se puede contar con que los fan\u00e1ticos sean razonables.&nbsp;<\/p>\n\n\n\n<p>Considere el \u00abcompromiso inquebrantable\u00bb de Estados Unidos con Israel. El presidente Joe Biden, en su reuni\u00f3n con el primer ministro de Israel Benjamin Netanyahu \u00ab<a href=\"https:\/\/www.whitehouse.gov\/briefing-room\/statements-releases\/2024\/07\/25\/readout-of-president-joe-bidens-meeting-with-prime-minister-netanyahu-of-israel\/\" rel=\"noreferrer noopener\" target=\"_blank\">reafirm\u00f3<\/a>&nbsp;el f\u00e9rreo compromiso de Estados Unidos con la seguridad de Israel contra todas las amenazas de Ir\u00e1n y sus delegados\u201d.&nbsp;<\/p>\n\n\n\n<p>Un d\u00eda antes, el secretario de \u00abDefensa\u00bb Lloyd Austin dijo: \u00abCiertamente ayudaremos a defender a Israel,\u00bb en una guerra m\u00e1s amplia. \u00abYa nos vieron hacerlo en abril. Pueden esperar vernos hacerlo de nuevo\u00bb,<a href=\"https:\/\/www.timesofisrael.com\/in-wake-of-haniyeh-killing-austin-says-us-will-help-defend-israel-if-its-attacked\/\" rel=\"noreferrer noopener\" target=\"_blank\">&nbsp;agreg\u00f3<\/a>&nbsp;en referencia a la ayuda prestada por Estados Unidos para contrarrestar la respuesta de Ir\u00e1n al bombardeo&nbsp; de una instalaci\u00f3n diplom\u00e1tica iran\u00ed en Damasco, Siria, perpetrado por Israel.&nbsp;<\/p>\n\n\n\n<p>Ahora, en Teher\u00e1n, la capital de Ir\u00e1n, Israel ha vuelto a matar, la propio negociador jefe de Ham\u00e1s para poner fin a las hostilidades en las que Israel est\u00e1 inmerso actualmente.&nbsp;<\/p>\n\n\n\n<p>\u00bfPuede entonces Israel pretender que necesita ayuda para \u00abdefenderse\u00bb de ataques supuestamente no provocados de pa\u00edses hostiles realizados sin motivo alguno?&nbsp;<\/p>\n\n\n\n<p>Aunque Estados Unidos hable de un \u00abcompromiso inquebrantable\u00bb con la defensa de Israel, en realidad no est\u00e1 prometiendo defender a Israel, sino participar en la agresi\u00f3n israel\u00ed. Eso podr\u00eda incluir ataques nucleares israel\u00edes contra Ir\u00e1n.&nbsp;<\/p>\n\n\n\n<p>Aunque algunos en Israel puedan creer que est\u00e1n ejerciendo el poder pol\u00edtico, el pueblo israel\u00ed es v\u00edctima de una pol\u00edtica m\u00e1s amplia.&nbsp;<\/p>\n\n\n\n<p>El sistema econ\u00f3micamente destructivo del transatl\u00e1ntico se derrumba bajo su propia corrupci\u00f3n y estupidez, con poco en que depender aparte de sus logros e inversiones pasadas, pero sobre todo en la coerci\u00f3n militar y de otro tipo que ejerce sobre el resto del mundo, mientras que la mayor parte del mundo mira con entusiasmo hacia el paradigma diferente representado en el crecimiento mete\u00f3rico de China, la independencia de Rusia, la neutralidad de India y las esperanzadoras posibilidades de desarrollo global. Pero en lugar de reconocer sus m\u00faltiples errores, las \u00e9lites anglo estadounidenses han llegado a odiar la raz\u00f3n y la racionalidad misma, por interponerse en el camino de sus deseos infantiles de una hegemon\u00eda ahora imposible de mantener.&nbsp;<\/p>\n\n\n\n<p>Pero no todo est\u00e1 perdido, incluso para aquellos que han sucumbido a la propaganda en pro de la guerra.&nbsp;<\/p>\n\n\n\n<p>El poder de la creatividad humana para transformar nuestra relaci\u00f3n con la naturaleza ha ampliado nuestros conocimientos, nuestras econom\u00edas y nuestro potencial cultural. Es el potencial universal que une a nuestra especie \u00fanica. Su poder iluminador desempe\u00f1a un papel crucial en el desarrollo y la fortaleza moral.&nbsp;<\/p>\n\n\n\n<p>Se necesita urgentemente un n\u00facleo de liderazgo para configurar pol\u00edticas orientadas a esos fines beneficiosos.&nbsp;<\/p>\n\n\n\n<p>En su&nbsp;<a href=\"https:\/\/www.youtube.com\/watch?v=T9PqVSJIae8\" rel=\"noreferrer noopener\" target=\"_blank\">Di\u00e1logo estrat\u00e9gico<\/a>&nbsp;semanal por internet del mi\u00e9rcoles 7 de agosto, la fundadora del Instituto Schiller, Helga Zepp-LaRouche, afirm\u00f3,&nbsp;<\/p>\n\n\n\n<p><em>Creo que estamos absolutamente al borde del apocalipsis en dos frentes. Uno es, naturalmente, Oriente Medio, y el otro es la escalada de la situaci\u00f3n en Ucrania. Creo que se requiere una movilizaci\u00f3n extraordinaria de mucha gente y de muchas fuerzas en todo el mundo para cambiar la situaci\u00f3n.<\/em><\/p>\n\n\n\n<p>Las \u00e9lites anglo estadounidenses<em>&nbsp;tratan<\/em>&nbsp;de iniciar la Tercera Guerra Mundial. \u00bfActuar\u00e1n para trazar un rumbo mejor? El viernes 9 de agosto, aniversario del bombardeo nuclear de Nagasaki en 1945, la Coalici\u00f3n Internacional por la Paz convoca a la&nbsp;<a href=\"https:\/\/es-schillerinstitute.nationbuilder.com\/reunion_ipc_9_de_agosto?utm_campaign=invitacion_cip_62&amp;utm_medium=email&amp;utm_source=schillerinstitute#reg\" rel=\"noreferrer noopener\" target=\"_blank\">\u00ab\u00bfEs \u00e9sta la \u00faltima llamada antes de la Tercera Guerra Mundial, o son los primeros pasos hacia un nuevo paradigma de paz?<\/a>\u00ab. \u00a1\u00danete!<\/p>\n","protected":false},"excerpt":{"rendered":"<p>&nbsp;10 de agosto de 2024 (EIRNS) \u2014 \u00ab\u00bfEn qu\u00e9 est\u00e1n pensando?\u00bb. Se pregunta el mundo&hellip;<\/p>\n","protected":false},"author":2,"featured_media":68070,"comment_status":"open","ping_status":"open","sticky":false,"template":"","format":"standard","meta":{"footnotes":""},"categories":[78,52],"tags":[],"class_list":["post-68068","post","type-post","status-publish","format-standard","has-post-thumbnail","hentry","category-eirns","category-internacionales"],"_links":{"self":[{"href":"https:\/\/eldiarioantillano.com\/uno\/wp-json\/wp\/v2\/posts\/68068","targetHints":{"allow":["GET"]}}],"collection":[{"href":"https:\/\/eldiarioantillano.com\/uno\/wp-json\/wp\/v2\/posts"}],"about":[{"href":"https:\/\/eldiarioantillano.com\/uno\/wp-json\/wp\/v2\/types\/post"}],"author":[{"embeddable":true,"href":"https:\/\/eldiarioantillano.com\/uno\/wp-json\/wp\/v2\/users\/2"}],"replies":[{"embeddable":true,"href":"https:\/\/eldiarioantillano.com\/uno\/wp-json\/wp\/v2\/comments?post=68068"}],"version-history":[{"count":1,"href":"https:\/\/eldiarioantillano.com\/uno\/wp-json\/wp\/v2\/posts\/68068\/revisions"}],"predecessor-version":[{"id":68071,"href":"https:\/\/eldiarioantillano.com\/uno\/wp-json\/wp\/v2\/posts\/68068\/revisions\/68071"}],"wp:featuredmedia":[{"embeddable":true,"href":"https:\/\/eldiarioantillano.com\/uno\/wp-json\/wp\/v2\/media\/68070"}],"wp:attachment":[{"href":"https:\/\/eldiarioantillano.com\/uno\/wp-json\/wp\/v2\/media?parent=68068"}],"wp:term":[{"taxonomy":"category","embeddable":true,"href":"https:\/\/eldiarioantillano.com\/uno\/wp-json\/wp\/v2\/categories?post=68068"},{"taxonomy":"post_tag","embeddable":true,"href":"https:\/\/eldiarioantillano.com\/uno\/wp-json\/wp\/v2\/tags?post=68068"}],"curies":[{"name":"wp","href":"https:\/\/api.w.org\/{rel}","templated":true}]}}