{"id":68049,"date":"2024-08-12T00:02:49","date_gmt":"2024-08-12T04:02:49","guid":{"rendered":"https:\/\/eldiarioantillano.com\/uno\/?p=68049"},"modified":"2024-08-12T00:02:50","modified_gmt":"2024-08-12T04:02:50","slug":"son-las-elites-occidentales-sordas-mudas-y-ciegas-o-simplemente-en-quiebra","status":"publish","type":"post","link":"https:\/\/eldiarioantillano.com\/uno\/2024\/08\/12\/son-las-elites-occidentales-sordas-mudas-y-ciegas-o-simplemente-en-quiebra\/","title":{"rendered":"\u00bfSon las \u00e9lites occidentales sordas, mudas y ciegas\u2026 o simplemente en quiebra?"},"content":{"rendered":"\n<p>&nbsp;9 de agosto de 2024 (EIRNS)\u2014El domingo 4 de agosto, el viceministro de Asuntos Exteriores de Rusia, Sergu\u00e9i Ryabkov \u2014uno de los diplom\u00e1ticos de mayor rango del pa\u00eds\u2014, hizo unas meditadas y serias declaraciones en una entrevista con el canal de televisi\u00f3n \u201cRossiya-1\u201d. Anunci\u00f3 que \u201cla era de las concesiones unilaterales de Mosc\u00fa [a Estados Unidos y la OTAN] ha terminado definitivamente\u201d. Tambi\u00e9n inform\u00f3 sobre planes terroristas \u201cextremadamente inquietantes\u201d contra Rusia, que aparentemente incluyen un complot del gobierno ucraniano respaldado por Estados Unidos para asesinar al presidente Putin.<\/p>\n\n\n\n<p>Pero lo m\u00e1s significativo de todo es la afirmaci\u00f3n de Ryabkov de que \u201cel problema es que ya no hay interruptores autom\u00e1ticos\u2026 Se permiten los ataques en el territorio ruso. Las garant\u00edas de los estadounidenses de que no se han tomado tales decisiones ni se ha concedido ninguna indulgencia a Kiev son in\u00fatiles\u201d.<\/p>\n\n\n\n<p>Como para demostrar que Ryabkov ten\u00eda raz\u00f3n, apenas dos d\u00edas despu\u00e9s, unos 1.000 soldados de \u00e9lite ucranianos lanzaron una importante incursi\u00f3n en la regi\u00f3n rusa de Kursk. La administraci\u00f3n Biden, la Uni\u00f3n Europea y los principales centros de estudios transatl\u00e1nticos salieron a defender la acci\u00f3n de Ucrania. La caja de Pandora de los ataques sistem\u00e1ticos terrestres y a\u00e9reos respaldados por la OTAN en territorio ruso se ha abierto.<\/p>\n\n\n\n<p>\u201cEl problema es que ya no hay disyuntores\u2026\u201d<\/p>\n\n\n\n<p>El peligro de que se desate una guerra mundial a ra\u00edz del genocidio israel\u00ed en Gaza y las provocaciones en el suroeste de Estados Unidos es casi tan grande como el que se origina en Ucrania. \u00bfDe qu\u00e9 otra manera se puede interpretar la presencia inmediata, despu\u00e9s del asesinato selectivo por parte de Israel el 31 de julio del l\u00edder de Hamas, Ismail Haniyeh, en Ir\u00e1n, del comandante del Centcom estadounidense, general Michael Kurilla, en Tel Aviv, y del secretario del Consejo de Seguridad ruso, Sergu\u00e9i Shoigu, en Teher\u00e1n?<\/p>\n\n\n\n<p>Hay dos caracter\u00edsticas adicionales de esta crisis de ruptura estrat\u00e9gica que hacen que la situaci\u00f3n sea a\u00fan m\u00e1s peligrosa.<\/p>\n\n\n\n<p>En primer lugar, en todo el mundo occidental se est\u00e1n poniendo en marcha r\u00e1pidamente la censura y la represi\u00f3n de la libertad de expresi\u00f3n y de reuni\u00f3n en tiempos de guerra, para que en cualquier rinc\u00f3n del mundo no se susurre ninguna \u201cnarrativa\u201d distinta a la oficial. Los esfuerzos por intimidar y silenciar a los cr\u00edticos abiertos, como Scott Ritter y Tulsi Gabbard; los esfuerzos similares que se est\u00e1n llevando a cabo en Alemania y otros pa\u00edses de la UE contra diversos medios de comunicaci\u00f3n; y el r\u00e1pido crecimiento de las listas negras de Molfar\/CCD nazis, financiadas por los gobiernos de Estados Unidos y el Reino Unido: todos ellos son componentes de la campa\u00f1a b\u00e9lica descrita anteriormente.<\/p>\n\n\n\n<p>En segundo lugar, el colapso del sistema financiero transatl\u00e1ntico, plagado de especulaci\u00f3n, est\u00e1 generando flujos financieros violentos, como los que provocaron el colapso de los mercados burs\u00e1tiles de todo el mundo el pasado lunes negro. Las naciones del Sur Global est\u00e1n siendo sometidas a niveles de austeridad y saqueo impuestos por el FMI que hacen imposible la existencia de gobiernos estables, abriendo as\u00ed las puertas a una ocupaci\u00f3n militar de facto liderada por la OTAN. Esto hace que la ruptura definitiva del Sur Global con el sistema especulativo denominado en d\u00f3lares sea a\u00fan m\u00e1s necesaria y posible en la pr\u00f3xima cumbre de los BRICS que se celebrar\u00e1 del 22 al 24 de octubre en Kaz\u00e1n, Rusia.<\/p>\n\n\n\n<p>El viceministro de Asuntos Exteriores, Ryabkov, ha lanzado la necesaria advertencia: \u201cQuienes s\u00f3lo se escuchan a s\u00ed mismos, sentados en Washington, en Bruselas, en Varsovia o donde sea, deber\u00edan prestar atenci\u00f3n\u201d.<\/p>\n\n\n\n<p>Mejor a\u00fan, la fundadora del Instituto Schiller, Helga Zepp-LaRouche, ha se\u00f1alado la soluci\u00f3n a esa advertencia:<\/p>\n\n\n\n<p>\u201cCreo que estamos absolutamente al borde del apocalipsis en dos frentes\u201d, afirm\u00f3 Zepp-LaRouche durante su transmisi\u00f3n semanal por Internet el 7 de agosto. \u201cUno es, naturalmente, el Medio Oriente, y el otro es la escalada de la situaci\u00f3n en Ucrania. Creo que esto requiere una movilizaci\u00f3n extraordinaria de muchas personas y muchas fuerzas en todo el mundo para cambiar la situaci\u00f3n\u2026 El Nuevo Paradigma [significa] pensar en la Humanidad Una; c\u00f3mo viviremos juntos dentro de 100 a\u00f1os; c\u00f3mo podemos superar todos los conflictos supuestamente tan importantes, y pensar realmente en lo que nos une como especie humana\u201d.<\/p>\n\n\n\n<p>Con ese fin, planee asistir a la\u00a0<a href=\"https:\/\/schillerinstitute.nationbuilder.com\/20240809_ipc_meeting\" target=\"_blank\" rel=\"noreferrer noopener\">reuni\u00f3n del 9 de agosto<\/a>\u00a0de la Coalici\u00f3n Internacional por la Paz: \u201c\u00bf\u00daltimo llamado antes de la Tercera Guerra Mundial o primeros pasos hacia un nuevo paradigma de paz?\u00bb.<\/p>\n","protected":false},"excerpt":{"rendered":"<p>&nbsp;9 de agosto de 2024 (EIRNS)\u2014El domingo 4 de agosto, el viceministro de Asuntos Exteriores&hellip;<\/p>\n","protected":false},"author":2,"featured_media":68050,"comment_status":"open","ping_status":"open","sticky":false,"template":"","format":"standard","meta":{"footnotes":""},"categories":[78,52],"tags":[],"class_list":["post-68049","post","type-post","status-publish","format-standard","has-post-thumbnail","hentry","category-eirns","category-internacionales"],"_links":{"self":[{"href":"https:\/\/eldiarioantillano.com\/uno\/wp-json\/wp\/v2\/posts\/68049","targetHints":{"allow":["GET"]}}],"collection":[{"href":"https:\/\/eldiarioantillano.com\/uno\/wp-json\/wp\/v2\/posts"}],"about":[{"href":"https:\/\/eldiarioantillano.com\/uno\/wp-json\/wp\/v2\/types\/post"}],"author":[{"embeddable":true,"href":"https:\/\/eldiarioantillano.com\/uno\/wp-json\/wp\/v2\/users\/2"}],"replies":[{"embeddable":true,"href":"https:\/\/eldiarioantillano.com\/uno\/wp-json\/wp\/v2\/comments?post=68049"}],"version-history":[{"count":1,"href":"https:\/\/eldiarioantillano.com\/uno\/wp-json\/wp\/v2\/posts\/68049\/revisions"}],"predecessor-version":[{"id":68054,"href":"https:\/\/eldiarioantillano.com\/uno\/wp-json\/wp\/v2\/posts\/68049\/revisions\/68054"}],"wp:featuredmedia":[{"embeddable":true,"href":"https:\/\/eldiarioantillano.com\/uno\/wp-json\/wp\/v2\/media\/68050"}],"wp:attachment":[{"href":"https:\/\/eldiarioantillano.com\/uno\/wp-json\/wp\/v2\/media?parent=68049"}],"wp:term":[{"taxonomy":"category","embeddable":true,"href":"https:\/\/eldiarioantillano.com\/uno\/wp-json\/wp\/v2\/categories?post=68049"},{"taxonomy":"post_tag","embeddable":true,"href":"https:\/\/eldiarioantillano.com\/uno\/wp-json\/wp\/v2\/tags?post=68049"}],"curies":[{"name":"wp","href":"https:\/\/api.w.org\/{rel}","templated":true}]}}