{"id":68042,"date":"2024-08-11T00:01:00","date_gmt":"2024-08-11T04:01:00","guid":{"rendered":"https:\/\/eldiarioantillano.com\/uno\/?p=68042"},"modified":"2024-08-10T22:20:55","modified_gmt":"2024-08-11T02:20:55","slug":"hambre-cero-la-apuesta-en-paraguay-por-una-alimentacion-equitativa","status":"publish","type":"post","link":"https:\/\/eldiarioantillano.com\/uno\/2024\/08\/11\/hambre-cero-la-apuesta-en-paraguay-por-una-alimentacion-equitativa\/","title":{"rendered":"Hambre cero, la apuesta en Paraguay por una alimentaci\u00f3n equitativa"},"content":{"rendered":"\n<p>Asunci\u00f3n, (Prensa Latina) Paraguay&nbsp; esta semana puso en vigor su programa de alimentaci\u00f3n \u201cHambre Cero en las escuelas\u201d con el prop\u00f3sito de eliminar el flagelo de la desnutrici\u00f3n infantil, pero tambi\u00e9n de erradicar el ausentismo de los menores en todos los centros docentes del pa\u00eds.<\/p>\n\n\n\n<p>Al decir del presidente Santiago Pe\u00f1a, se trata del proyecto m\u00e1s ambicioso de su administraci\u00f3n y pretende sumar a todos los sectores para universalizar el almuerzo escolar con criterios de equidad<\/p>\n\n\n\n<p>Durante su primera etapa el plan involucrar\u00e1 a los 90 distritos m\u00e1s vulnerables de la naci\u00f3n, que tienen mil 600 planteles educativos y una matr\u00edcula general de 450 mil alumnos, &nbsp;dijo en rueda de prensa ministro de Desarrollo Social, Tadeo Rojas.<\/p>\n\n\n\n<p>Desde febrero de 2025 la cobertura se extender\u00e1 a los 173 distritos restantes, para as\u00ed beneficiar a 618 mil chicos con &nbsp;un almuerzo que tenga las condiciones nutricionales verificadas por el Ministerio de Salud.<\/p>\n\n\n\n<p>Rojas se refiri\u00f3 a los beneficios del programa y a la dinamizaci\u00f3n de la econom\u00eda, pues los trabajadores de la agricultura familiar campesina podr\u00e1n proveer parte de los alimentos necesarios para los estudiantes.<\/p>\n\n\n\n<p>En ese sentido, el Gobierno realiza ruedas de negocio a fin de poner en contacto a las empresas adjudicadas con los proveedores locales, as\u00ed como vincular las cadenas de valor con la agricultura familiar y las medianas y peque\u00f1as empresas.<\/p>\n\n\n\n<p>Paraguay&nbsp;dise\u00f1\u00f3 el programa bajo la m\u00e1xima de que una alimentaci\u00f3n correcta y saludable en los ni\u00f1os, desde el \u00fatero materno, contribuye a su crecimiento corporal, desarrollo cognitivo, habilidades y en el relacionamiento social,&nbsp; lo cual le permitir\u00e1 desenvolverse en el estudio y el trabajo para triunfar en la vida adulta.<\/p>\n\n\n\n<p>Ello tributar\u00eda, adem\u00e1s, al futuro aumento del Producto Interno Bruto del pa\u00eds.<\/p>\n\n\n\n<p>Seg\u00fan el presidente Pe\u00f1a, en Paraguay solo el cinco por ciento de los ni\u00f1os y adolescentes reciben el almuerzo escolar todo el a\u00f1o lectivo, lo que consider\u00f3 \u201cinaceptable\u201d.<\/p>\n\n\n\n<p>Por su parte, la embajadora paraguaya ante la Organizaci\u00f3n de las Naciones Unidas para la Educaci\u00f3n, la Ciencia y la Cultura, Nancy Ovelar, dijo que para ella \u201ces alentador, porque tenemos una larga historia de discrecionalidad, falta de transparencia y falta de rendici\u00f3n de cuentas de los gobiernos locales, en este tema de los recursos\u201d.<\/p>\n\n\n\n<p>Pero dicho programa no ha estado exento de cuestionamientos y el propio Rojas reconoci\u00f3 que puede haber alg\u00fan tipo de reclamo por cuestiones que se deben irse ajustando gradualmente e inform\u00f3, asimismo, sobre la habilitaci\u00f3n de canales oficiales para recibir denuncias e inquietudes que permiten robustecerlo.<\/p>\n\n\n\n<p>De hecho, la parte del plan destinada a la poblaci\u00f3n de bajos recursos enfrenta las cr\u00edticas de organizaciones ind\u00edgenas, quienes se\u00f1alan las malas pr\u00e1cticas en la implementaci\u00f3n de la iniciativa gubernamental.<\/p>\n\n\n\n<p>L\u00edderes de las poblaciones aut\u00f3ctonas protestaron por la comida en mal estado que suministra las autoridades, lo cual empeora la dif\u00edcil situaci\u00f3n desatada por la sequ\u00eda.<\/p>\n\n\n\n<p>Como parte de la querella mostraron im\u00e1genes de grandes cantidades de frutas y verduras no aptas para el consumo y entregadas a las escuelas.<\/p>\n\n\n\n<p>Agregaron que se trata de un hecho grave y una burla el proveer suministros \u201cque parec\u00edan sacados de la basura\u201d.<\/p>\n\n\n\n<p>Seg\u00fan el gobierno, los comestibles se distribuyeron en 90 distritos del pa\u00eds, mientras que el resto (m\u00e1s de 100) tendr\u00e1n que esperar hasta el pr\u00f3ximo a\u00f1o.<\/p>\n\n\n\n<p>Los dirigentes comunitarios ten\u00edan la expectativa de que el programa ser\u00eda un paliativo para asistir a los pobladores, pero al parecer no es as\u00ed.<\/p>\n","protected":false},"excerpt":{"rendered":"<p>Asunci\u00f3n, (Prensa Latina) Paraguay&nbsp; esta semana puso en vigor su programa de alimentaci\u00f3n \u201cHambre Cero&hellip;<\/p>\n","protected":false},"author":2,"featured_media":68043,"comment_status":"open","ping_status":"open","sticky":false,"template":"","format":"standard","meta":{"footnotes":""},"categories":[52,53],"tags":[],"class_list":["post-68042","post","type-post","status-publish","format-standard","has-post-thumbnail","hentry","category-internacionales","category-prensa-latina"],"_links":{"self":[{"href":"https:\/\/eldiarioantillano.com\/uno\/wp-json\/wp\/v2\/posts\/68042","targetHints":{"allow":["GET"]}}],"collection":[{"href":"https:\/\/eldiarioantillano.com\/uno\/wp-json\/wp\/v2\/posts"}],"about":[{"href":"https:\/\/eldiarioantillano.com\/uno\/wp-json\/wp\/v2\/types\/post"}],"author":[{"embeddable":true,"href":"https:\/\/eldiarioantillano.com\/uno\/wp-json\/wp\/v2\/users\/2"}],"replies":[{"embeddable":true,"href":"https:\/\/eldiarioantillano.com\/uno\/wp-json\/wp\/v2\/comments?post=68042"}],"version-history":[{"count":1,"href":"https:\/\/eldiarioantillano.com\/uno\/wp-json\/wp\/v2\/posts\/68042\/revisions"}],"predecessor-version":[{"id":68044,"href":"https:\/\/eldiarioantillano.com\/uno\/wp-json\/wp\/v2\/posts\/68042\/revisions\/68044"}],"wp:featuredmedia":[{"embeddable":true,"href":"https:\/\/eldiarioantillano.com\/uno\/wp-json\/wp\/v2\/media\/68043"}],"wp:attachment":[{"href":"https:\/\/eldiarioantillano.com\/uno\/wp-json\/wp\/v2\/media?parent=68042"}],"wp:term":[{"taxonomy":"category","embeddable":true,"href":"https:\/\/eldiarioantillano.com\/uno\/wp-json\/wp\/v2\/categories?post=68042"},{"taxonomy":"post_tag","embeddable":true,"href":"https:\/\/eldiarioantillano.com\/uno\/wp-json\/wp\/v2\/tags?post=68042"}],"curies":[{"name":"wp","href":"https:\/\/api.w.org\/{rel}","templated":true}]}}