{"id":68024,"date":"2024-08-10T00:01:00","date_gmt":"2024-08-10T04:01:00","guid":{"rendered":"https:\/\/eldiarioantillano.com\/uno\/?p=68024"},"modified":"2024-08-09T20:50:54","modified_gmt":"2024-08-10T00:50:54","slug":"muestran-diversos-objetos-de-artesania-en-feria-ecoturistica-binacional-de-dajabon","status":"publish","type":"post","link":"https:\/\/eldiarioantillano.com\/uno\/2024\/08\/10\/muestran-diversos-objetos-de-artesania-en-feria-ecoturistica-binacional-de-dajabon\/","title":{"rendered":"Muestran diversos objetos de artesan\u00eda en feria ecotur\u00edstica binacional de Dajab\u00f3n"},"content":{"rendered":"\n<figure class=\"wp-block-image size-large\"><img fetchpriority=\"high\" decoding=\"async\" width=\"1024\" height=\"777\" src=\"https:\/\/eldiarioantillano.com\/uno\/wp-content\/uploads\/2024\/08\/IMG-20240726-WA0059-1024x777.jpg\" alt=\"\" class=\"wp-image-68026\" srcset=\"https:\/\/eldiarioantillano.com\/uno\/wp-content\/uploads\/2024\/08\/IMG-20240726-WA0059-1024x777.jpg 1024w, https:\/\/eldiarioantillano.com\/uno\/wp-content\/uploads\/2024\/08\/IMG-20240726-WA0059-300x228.jpg 300w, https:\/\/eldiarioantillano.com\/uno\/wp-content\/uploads\/2024\/08\/IMG-20240726-WA0059-768x583.jpg 768w, https:\/\/eldiarioantillano.com\/uno\/wp-content\/uploads\/2024\/08\/IMG-20240726-WA0059-1536x1165.jpg 1536w, https:\/\/eldiarioantillano.com\/uno\/wp-content\/uploads\/2024\/08\/IMG-20240726-WA0059-1170x888.jpg 1170w, https:\/\/eldiarioantillano.com\/uno\/wp-content\/uploads\/2024\/08\/IMG-20240726-WA0059-585x444.jpg 585w, https:\/\/eldiarioantillano.com\/uno\/wp-content\/uploads\/2024\/08\/IMG-20240726-WA0059.jpg 1599w\" sizes=\"(max-width: 1024px) 100vw, 1024px\" \/><\/figure>\n\n\n\n<p>\u00a0Emprendedores\/as de la frontera norte exhibieron numerosos objetos de artesan\u00eda en una feria promovida por el Instituto de Desarrollo del Noroeste y las autoridades provinciales y municipales. (Foto: Andrea Chiaviacci).\u00a0<\/p>\n\n\n\n<figure class=\"wp-block-image size-large\"><img decoding=\"async\" width=\"1024\" height=\"896\" src=\"https:\/\/eldiarioantillano.com\/uno\/wp-content\/uploads\/2024\/08\/IMG-20240726-WA0080-1024x896.jpg\" alt=\"\" class=\"wp-image-68025\" srcset=\"https:\/\/eldiarioantillano.com\/uno\/wp-content\/uploads\/2024\/08\/IMG-20240726-WA0080-1024x896.jpg 1024w, https:\/\/eldiarioantillano.com\/uno\/wp-content\/uploads\/2024\/08\/IMG-20240726-WA0080-300x263.jpg 300w, https:\/\/eldiarioantillano.com\/uno\/wp-content\/uploads\/2024\/08\/IMG-20240726-WA0080-768x672.jpg 768w, https:\/\/eldiarioantillano.com\/uno\/wp-content\/uploads\/2024\/08\/IMG-20240726-WA0080-1170x1024.jpg 1170w, https:\/\/eldiarioantillano.com\/uno\/wp-content\/uploads\/2024\/08\/IMG-20240726-WA0080-585x512.jpg 585w, https:\/\/eldiarioantillano.com\/uno\/wp-content\/uploads\/2024\/08\/IMG-20240726-WA0080.jpg 1392w\" sizes=\"(max-width: 1024px) 100vw, 1024px\" \/><figcaption class=\"wp-element-caption\">Artesanas de Dajab\u00f3n muestran algunas de sus creaciones en una feria reci\u00e9n realizada en la frontera. En el centro el promotor tur\u00edstico italiano Andrea Chiavacci. \n<\/figcaption><\/figure>\n\n\n\n<p><br><br><br><\/p>\n","protected":false},"excerpt":{"rendered":"<p>\u00a0Emprendedores\/as de la frontera norte exhibieron numerosos objetos de artesan\u00eda en una feria promovida por&hellip;<\/p>\n","protected":false},"author":2,"featured_media":68029,"comment_status":"open","ping_status":"open","sticky":false,"template":"","format":"standard","meta":{"footnotes":""},"categories":[69,55],"tags":[],"class_list":["post-68024","post","type-post","status-publish","format-standard","has-post-thumbnail","hentry","category-andrea-chiaviacci","category-nacionales"],"_links":{"self":[{"href":"https:\/\/eldiarioantillano.com\/uno\/wp-json\/wp\/v2\/posts\/68024","targetHints":{"allow":["GET"]}}],"collection":[{"href":"https:\/\/eldiarioantillano.com\/uno\/wp-json\/wp\/v2\/posts"}],"about":[{"href":"https:\/\/eldiarioantillano.com\/uno\/wp-json\/wp\/v2\/types\/post"}],"author":[{"embeddable":true,"href":"https:\/\/eldiarioantillano.com\/uno\/wp-json\/wp\/v2\/users\/2"}],"replies":[{"embeddable":true,"href":"https:\/\/eldiarioantillano.com\/uno\/wp-json\/wp\/v2\/comments?post=68024"}],"version-history":[{"count":2,"href":"https:\/\/eldiarioantillano.com\/uno\/wp-json\/wp\/v2\/posts\/68024\/revisions"}],"predecessor-version":[{"id":68028,"href":"https:\/\/eldiarioantillano.com\/uno\/wp-json\/wp\/v2\/posts\/68024\/revisions\/68028"}],"wp:featuredmedia":[{"embeddable":true,"href":"https:\/\/eldiarioantillano.com\/uno\/wp-json\/wp\/v2\/media\/68029"}],"wp:attachment":[{"href":"https:\/\/eldiarioantillano.com\/uno\/wp-json\/wp\/v2\/media?parent=68024"}],"wp:term":[{"taxonomy":"category","embeddable":true,"href":"https:\/\/eldiarioantillano.com\/uno\/wp-json\/wp\/v2\/categories?post=68024"},{"taxonomy":"post_tag","embeddable":true,"href":"https:\/\/eldiarioantillano.com\/uno\/wp-json\/wp\/v2\/tags?post=68024"}],"curies":[{"name":"wp","href":"https:\/\/api.w.org\/{rel}","templated":true}]}}