{"id":68017,"date":"2024-08-10T00:01:00","date_gmt":"2024-08-10T04:01:00","guid":{"rendered":"https:\/\/eldiarioantillano.com\/uno\/?p=68017"},"modified":"2024-08-09T20:26:15","modified_gmt":"2024-08-10T00:26:15","slug":"coopnama-convoca-asambleas-distritales-y-de-delegados-para-septiembre-20-y-24-25-10","status":"publish","type":"post","link":"https:\/\/eldiarioantillano.com\/uno\/2024\/08\/10\/coopnama-convoca-asambleas-distritales-y-de-delegados-para-septiembre-20-y-24-25-10\/","title":{"rendered":"Coopnama convoca asambleas distritales y de delegados para septiembre 20 y 24-25\/10"},"content":{"rendered":"\n<p>La directiva de la Cooperativa Nacional de Maestros convoc\u00f3 sus asambleas de distrito para el 20\/9 y de delegados para 24-25 de octubre en el resort Coopmarena. Numerosos comunicadores asistiero a la rueda de prensa.\u00a0<\/p>\n\n\n\n<figure class=\"wp-block-image size-large is-resized\"><img fetchpriority=\"high\" decoding=\"async\" width=\"1024\" height=\"682\" src=\"https:\/\/eldiarioantillano.com\/uno\/wp-content\/uploads\/2024\/08\/IMG-20240807-WA0017-1024x682.jpg\" alt=\"\" class=\"wp-image-68019\" style=\"width:780px;height:auto\" srcset=\"https:\/\/eldiarioantillano.com\/uno\/wp-content\/uploads\/2024\/08\/IMG-20240807-WA0017-1024x682.jpg 1024w, https:\/\/eldiarioantillano.com\/uno\/wp-content\/uploads\/2024\/08\/IMG-20240807-WA0017-300x200.jpg 300w, https:\/\/eldiarioantillano.com\/uno\/wp-content\/uploads\/2024\/08\/IMG-20240807-WA0017-768x512.jpg 768w, https:\/\/eldiarioantillano.com\/uno\/wp-content\/uploads\/2024\/08\/IMG-20240807-WA0017-1536x1023.jpg 1536w, https:\/\/eldiarioantillano.com\/uno\/wp-content\/uploads\/2024\/08\/IMG-20240807-WA0017-1170x780.jpg 1170w, https:\/\/eldiarioantillano.com\/uno\/wp-content\/uploads\/2024\/08\/IMG-20240807-WA0017-585x390.jpg 585w, https:\/\/eldiarioantillano.com\/uno\/wp-content\/uploads\/2024\/08\/IMG-20240807-WA0017-263x175.jpg 263w, https:\/\/eldiarioantillano.com\/uno\/wp-content\/uploads\/2024\/08\/IMG-20240807-WA0017.jpg 1600w\" sizes=\"(max-width: 1024px) 100vw, 1024px\" \/><\/figure>\n\n\n\n<p>De izquierda a derecha, los profesores Felicia Contreras, secretaria del consejo de administraci\u00f3n; Octavio Brem\u00f3n, vicepresidente; Francisco Santana, titular del consejo de vigilancia; Santiago Portes, presidente del consejo de administraci\u00f3n; Jos\u00e9 Fabio Dur\u00e1n, titular del comit\u00e9 de cr\u00e9dito; Domingo Mej\u00eda, tesorero,\u00a0 y Lino Hern\u00e1ndez, gerente financiero.<\/p>\n","protected":false},"excerpt":{"rendered":"<p>La directiva de la Cooperativa Nacional de Maestros convoc\u00f3 sus asambleas de distrito para el&hellip;<\/p>\n","protected":false},"author":2,"featured_media":68018,"comment_status":"open","ping_status":"open","sticky":false,"template":"","format":"standard","meta":{"footnotes":""},"categories":[55],"tags":[],"class_list":["post-68017","post","type-post","status-publish","format-standard","has-post-thumbnail","hentry","category-nacionales"],"_links":{"self":[{"href":"https:\/\/eldiarioantillano.com\/uno\/wp-json\/wp\/v2\/posts\/68017","targetHints":{"allow":["GET"]}}],"collection":[{"href":"https:\/\/eldiarioantillano.com\/uno\/wp-json\/wp\/v2\/posts"}],"about":[{"href":"https:\/\/eldiarioantillano.com\/uno\/wp-json\/wp\/v2\/types\/post"}],"author":[{"embeddable":true,"href":"https:\/\/eldiarioantillano.com\/uno\/wp-json\/wp\/v2\/users\/2"}],"replies":[{"embeddable":true,"href":"https:\/\/eldiarioantillano.com\/uno\/wp-json\/wp\/v2\/comments?post=68017"}],"version-history":[{"count":1,"href":"https:\/\/eldiarioantillano.com\/uno\/wp-json\/wp\/v2\/posts\/68017\/revisions"}],"predecessor-version":[{"id":68020,"href":"https:\/\/eldiarioantillano.com\/uno\/wp-json\/wp\/v2\/posts\/68017\/revisions\/68020"}],"wp:featuredmedia":[{"embeddable":true,"href":"https:\/\/eldiarioantillano.com\/uno\/wp-json\/wp\/v2\/media\/68018"}],"wp:attachment":[{"href":"https:\/\/eldiarioantillano.com\/uno\/wp-json\/wp\/v2\/media?parent=68017"}],"wp:term":[{"taxonomy":"category","embeddable":true,"href":"https:\/\/eldiarioantillano.com\/uno\/wp-json\/wp\/v2\/categories?post=68017"},{"taxonomy":"post_tag","embeddable":true,"href":"https:\/\/eldiarioantillano.com\/uno\/wp-json\/wp\/v2\/tags?post=68017"}],"curies":[{"name":"wp","href":"https:\/\/api.w.org\/{rel}","templated":true}]}}