{"id":68013,"date":"2024-08-10T00:01:00","date_gmt":"2024-08-10T04:01:00","guid":{"rendered":"https:\/\/eldiarioantillano.com\/uno\/?p=68013"},"modified":"2024-08-09T20:21:10","modified_gmt":"2024-08-10T00:21:10","slug":"alcalde-de-villa-elisa-presenta-resultados-de-los-primeros-100-dias-de-gestion","status":"publish","type":"post","link":"https:\/\/eldiarioantillano.com\/uno\/2024\/08\/10\/alcalde-de-villa-elisa-presenta-resultados-de-los-primeros-100-dias-de-gestion\/","title":{"rendered":"Alcalde de Villa Elisa presenta resultados de los primeros 100 d\u00edas de gesti\u00f3n"},"content":{"rendered":"\n<p>Villa Elisa, Montecristi. \u2013 El alcalde del distrito municipal de Villa Elisa, Verni Jim\u00e9nez, present\u00f3 los resultados de sus primeros 100 d\u00edas de gesti\u00f3n, destacando los desaf\u00edos enfrentados y los logros alcanzados en este corto per\u00edodo.<\/p>\n\n\n\n<p>Jim\u00e9nez subray\u00f3 que estos primeros 100 d\u00edas han sido un tiempo de arduo trabajo y compromiso con la comunidad. \u00abQuiero agradecer a todo mi equipo de trabajo, a los funcionarios, colaboradores y mun\u00edcipes, por su dedicaci\u00f3n y compromiso. Juntos hemos logrado mucho m\u00e1s de lo que imagin\u00e1bamos\u00bb, afirm\u00f3.<\/p>\n\n\n\n<p>Entre los logros destacados, Jim\u00e9nez mencion\u00f3 la mejora de infraestructuras claves como cementerios y vertederos en varias comunidades, as\u00ed como la instalaci\u00f3n de m\u00e1s de 250 luminarias. Adem\u00e1s, se llev\u00f3 a cabo la limpieza y mantenimiento de espacios p\u00fablicos, la compra de un nuevo cami\u00f3n para el ayuntamiento y se brind\u00f3 apoyo a la educaci\u00f3n y las festividades locales.&nbsp;<\/p>\n\n\n\n<p><\/p>\n","protected":false},"excerpt":{"rendered":"<p>Villa Elisa, Montecristi. \u2013 El alcalde del distrito municipal de Villa Elisa, Verni Jim\u00e9nez, present\u00f3&hellip;<\/p>\n","protected":false},"author":2,"featured_media":68015,"comment_status":"open","ping_status":"open","sticky":false,"template":"","format":"standard","meta":{"footnotes":""},"categories":[57],"tags":[],"class_list":["post-68013","post","type-post","status-publish","format-standard","has-post-thumbnail","hentry","category-montecristi"],"_links":{"self":[{"href":"https:\/\/eldiarioantillano.com\/uno\/wp-json\/wp\/v2\/posts\/68013","targetHints":{"allow":["GET"]}}],"collection":[{"href":"https:\/\/eldiarioantillano.com\/uno\/wp-json\/wp\/v2\/posts"}],"about":[{"href":"https:\/\/eldiarioantillano.com\/uno\/wp-json\/wp\/v2\/types\/post"}],"author":[{"embeddable":true,"href":"https:\/\/eldiarioantillano.com\/uno\/wp-json\/wp\/v2\/users\/2"}],"replies":[{"embeddable":true,"href":"https:\/\/eldiarioantillano.com\/uno\/wp-json\/wp\/v2\/comments?post=68013"}],"version-history":[{"count":1,"href":"https:\/\/eldiarioantillano.com\/uno\/wp-json\/wp\/v2\/posts\/68013\/revisions"}],"predecessor-version":[{"id":68016,"href":"https:\/\/eldiarioantillano.com\/uno\/wp-json\/wp\/v2\/posts\/68013\/revisions\/68016"}],"wp:featuredmedia":[{"embeddable":true,"href":"https:\/\/eldiarioantillano.com\/uno\/wp-json\/wp\/v2\/media\/68015"}],"wp:attachment":[{"href":"https:\/\/eldiarioantillano.com\/uno\/wp-json\/wp\/v2\/media?parent=68013"}],"wp:term":[{"taxonomy":"category","embeddable":true,"href":"https:\/\/eldiarioantillano.com\/uno\/wp-json\/wp\/v2\/categories?post=68013"},{"taxonomy":"post_tag","embeddable":true,"href":"https:\/\/eldiarioantillano.com\/uno\/wp-json\/wp\/v2\/tags?post=68013"}],"curies":[{"name":"wp","href":"https:\/\/api.w.org\/{rel}","templated":true}]}}