{"id":67984,"date":"2024-08-06T00:59:49","date_gmt":"2024-08-06T04:59:49","guid":{"rendered":"https:\/\/eldiarioantillano.com\/uno\/?p=67984"},"modified":"2024-08-06T00:59:50","modified_gmt":"2024-08-06T04:59:50","slug":"barbados-a-la-vanguardia-frente-al-cambio-climatico","status":"publish","type":"post","link":"https:\/\/eldiarioantillano.com\/uno\/2024\/08\/06\/barbados-a-la-vanguardia-frente-al-cambio-climatico\/","title":{"rendered":"Barbados a la vanguardia frente al cambio clim\u00e1tico"},"content":{"rendered":"\n<p>Bridgetown, (Prensa Latina) Como los dem\u00e1s territorios del Caribe, Barbados sufre las secuelas de eventos naturales cada vez m\u00e1s extremos asociados al cambio clim\u00e1tico y que dejan significativas p\u00e9rdidas en la econom\u00eda, amplios da\u00f1os en la infraestructura y un gran impacto social.<\/p>\n\n\n\n<p>Esta naci\u00f3n es hogar de 280 mil habitantes y eventos como el devastador paso del hurac\u00e1n Beryl por la zona sirve de buen ejemplo para ilustrar la situaci\u00f3n de vulnerabilidad que encara la regi\u00f3n en materia medioambiental.<\/p>\n\n\n\n<p>Las amenazas conllevaron a la isla a implementar una iniciativa ambiciosa que busca una mejor adaptaci\u00f3n y m\u00e1s resiliencia frente el cambio clim\u00e1tico, mediante proyectos de refuerzo de las viviendas y las infraestructuras cr\u00edticas, &nbsp;as\u00ed como la protecci\u00f3n de los ecosistemas costeros y marinos.<\/p>\n\n\n\n<p>Se trata del programa denominado Roof to Reefs (del techo a los arrecifes) y centrado en soluciones integradas y aut\u00f3ctonas destinadas a aumentar la capacidad de respuesta al fen\u00f3meno global.<\/p>\n\n\n\n<p>Al mismo tiempo, Barbados forj\u00f3 una s\u00f3lida alianza con el Programa de las Naciones Unidas para el Medio Ambiente (Pnuma), que le permiti\u00f3 en los \u00faltimos a\u00f1os reforzar sus sistemas de gesti\u00f3n y gobernanza de los ecosistemas marinos y terrestres.<\/p>\n\n\n\n<p>Es una colaboraci\u00f3n bidireccional, pues la isla es una de las 48 naciones que en 2023 contribuyeron con su cuota \u00edntegra al Fondo para el Medio Ambiente, la principal fuente de financiaci\u00f3n flexible del organismo internacional y la columna vertebral de su trabajo para hacer frente a la triple crisis planetaria del cambio clim\u00e1tico, p\u00e9rdida de naturaleza y biodiversidad, y contaminaci\u00f3n y desechos.<\/p>\n\n\n\n<p>Esa uni\u00f3n con el Pnuma tambi\u00e9n le vali\u00f3 para poner en marcha los sistemas vigilancia ambiental y desarrollar iniciativas de financiaci\u00f3n sostenible.<\/p>\n\n\n\n<p>No obstante, Barbados es una voz potente en la defensa de los peque\u00f1os Estados insulares y la promoci\u00f3n de la justicia clim\u00e1tica, pues igualmente afronta una crisis de deuda que dificulta la inversi\u00f3n en proyectos ecol\u00f3gicos.<\/p>\n\n\n\n<p>En ese sentido, encabeza la Iniciativa de Bridgetown que propone una reforma radical del sistema financiero mundial y aboga porque se combinen el alivio de la deuda, la concesi\u00f3n de nuevos pr\u00e9stamos y las inversiones del sector privado en favor de los pa\u00edses en desarrollo vulnerables, que utilizar\u00edan el dinero espec\u00edficamente para prepararse contra las repercusiones del cambio clim\u00e1tico.<\/p>\n\n\n\n<p>\u00abUna cat\u00e1strofe clim\u00e1tica podr\u00eda afectar a una naci\u00f3n de mayor tama\u00f1o y (su impacto) se limitar\u00eda a una regi\u00f3n concreta. Pero para nosotros es un acontecimiento de escala nacional\u00bb, dijo recientemente Travis&nbsp;Sinckler, alto funcionario del Ministerio de Medioambiente.<\/p>\n\n\n\n<p>La Iniciativa de Bridgetown tambi\u00e9n visualiz\u00f3 a la primera ministra, Mia Mottley, a la cabeza de la defensa de la justicia clim\u00e1tica para el grupo de 39 peque\u00f1os Estados insulares en desarrollo, a los cuales les costar\u00e1 m\u00e1s de 26 mil millones de d\u00f3lares anuales prepararse para mitigar la crisis ambiental.<\/p>\n\n\n\n<p>El mundo sigue lejos de la meta de frenar las emisiones de gases de efecto invernadero que intensifican el cambio clim\u00e1tico. Seg\u00fan los compromisos nacionales actuales, la Tierra va camino de calentarse&nbsp; 2,9 \u00b0C desde el inicio de la era industrial, una cifra que romper\u00eda los l\u00edmites del Acuerdo de Par\u00eds.&nbsp;<\/p>\n\n\n\n<p>Sin embargo, Sinckler considera que los pa\u00edses del mundo podr\u00e1n evitar una cat\u00e1strofe si act\u00faan juntos.&nbsp;<\/p>\n\n\n\n<p>\u00abTenemos que ser optimistas. Como dice mi Primera Ministra, logramos llevar a un hombre a la luna hace 60 a\u00f1os. As\u00ed que est\u00e1 en nuestro alcance reunir la voluntad humana para responder a una crisis que hemos creado\u00bb, acot\u00f3.<\/p>\n","protected":false},"excerpt":{"rendered":"<p>Bridgetown, (Prensa Latina) Como los dem\u00e1s territorios del Caribe, Barbados sufre las secuelas de eventos&hellip;<\/p>\n","protected":false},"author":2,"featured_media":67973,"comment_status":"open","ping_status":"open","sticky":false,"template":"","format":"standard","meta":{"footnotes":""},"categories":[52,53],"tags":[],"class_list":["post-67984","post","type-post","status-publish","format-standard","has-post-thumbnail","hentry","category-internacionales","category-prensa-latina"],"_links":{"self":[{"href":"https:\/\/eldiarioantillano.com\/uno\/wp-json\/wp\/v2\/posts\/67984","targetHints":{"allow":["GET"]}}],"collection":[{"href":"https:\/\/eldiarioantillano.com\/uno\/wp-json\/wp\/v2\/posts"}],"about":[{"href":"https:\/\/eldiarioantillano.com\/uno\/wp-json\/wp\/v2\/types\/post"}],"author":[{"embeddable":true,"href":"https:\/\/eldiarioantillano.com\/uno\/wp-json\/wp\/v2\/users\/2"}],"replies":[{"embeddable":true,"href":"https:\/\/eldiarioantillano.com\/uno\/wp-json\/wp\/v2\/comments?post=67984"}],"version-history":[{"count":1,"href":"https:\/\/eldiarioantillano.com\/uno\/wp-json\/wp\/v2\/posts\/67984\/revisions"}],"predecessor-version":[{"id":67985,"href":"https:\/\/eldiarioantillano.com\/uno\/wp-json\/wp\/v2\/posts\/67984\/revisions\/67985"}],"wp:featuredmedia":[{"embeddable":true,"href":"https:\/\/eldiarioantillano.com\/uno\/wp-json\/wp\/v2\/media\/67973"}],"wp:attachment":[{"href":"https:\/\/eldiarioantillano.com\/uno\/wp-json\/wp\/v2\/media?parent=67984"}],"wp:term":[{"taxonomy":"category","embeddable":true,"href":"https:\/\/eldiarioantillano.com\/uno\/wp-json\/wp\/v2\/categories?post=67984"},{"taxonomy":"post_tag","embeddable":true,"href":"https:\/\/eldiarioantillano.com\/uno\/wp-json\/wp\/v2\/tags?post=67984"}],"curies":[{"name":"wp","href":"https:\/\/api.w.org\/{rel}","templated":true}]}}