{"id":67944,"date":"2024-08-05T00:01:00","date_gmt":"2024-08-05T04:01:00","guid":{"rendered":"https:\/\/eldiarioantillano.com\/uno\/?p=67944"},"modified":"2024-08-04T20:44:49","modified_gmt":"2024-08-05T00:44:49","slug":"la-violencia-persiste-en-haiti","status":"publish","type":"post","link":"https:\/\/eldiarioantillano.com\/uno\/2024\/08\/05\/la-violencia-persiste-en-haiti\/","title":{"rendered":"La violencia persiste en Hait\u00ed"},"content":{"rendered":"\n<p>Aun con el despliegue de los primeros efectivos de una misi\u00f3n multinacional para apoyar a la Polic\u00eda, Hait\u00ed sigue padeciendo de una situaci\u00f3n generalizada de inseguridad que en los \u00faltimos meses ha dejado un saldo de cientos de muertos y heridos, as\u00ed como miles de desplazados en todo el territorio.<\/p>\n\n\n\n<p>Uno de los ejemplos sobre la persistente violencia reside en que el lunes \u00faltimo agentes del orden debieron realizar disparos para cubrir al primer ministro del pa\u00eds caribe\u00f1o, Garry Conille, a su salida del mayor hospital de la naci\u00f3n, en Puerto Pr\u00edncipe, la capital, controlada en buena medida por grupos de delincuentes.<\/p>\n\n\n\n<p>\u201cEl primer ministro y su equipo abandonaron el hospital con total seguridad y fueron escoltados hasta su oficina\u201d, refiere el comunicado que divulgara posteriormente la Oficina del mandatario, en el cual se precisa, adem\u00e1s, que no hubo fallecidos ni lesionados.<\/p>\n\n\n\n<p>Sin embargo, los datos de los \u00faltimos meses reflejan que el accionar de las pandillas ha tenido desenlaces menos felices para las fuerzas del orden y la poblaci\u00f3n.<\/p>\n\n\n\n<p>De acuerdo con la Oficina Integrada de las Naciones Unidas en Hait\u00ed, al menos mil 379 personas fueron v\u00edctimas de la violencia de las bandas armadas, entre muertes y heridos, durante el segundo trimestre de este a\u00f1o. Con ello, el total durante el primer semestre de 2024 ascendi\u00f3 a casi tres mil 900.<\/p>\n\n\n\n<p>Un informe divulgado en d\u00edas recientes por esa entidad precisa que la mayor\u00eda de los asesinados y lesionados se reportaron en la capital y Artibonite, en tanto otros 428 ciudadanos fueron secuestrados por los grupos delincuenciales durante ese mismo lapso de tiempo con el objetivo de pedir rescate.<\/p>\n\n\n\n<p>La Polic\u00eda, por su parte, refiri\u00f3 que 104 miembros de bandas resultaron abatidos y 65 detenidos (varios de los cuales fueron puestos a disposici\u00f3n judicial) como resultado de operaciones llevadas a cabo junto a los efectivos de Kenya (al frente de la misi\u00f3n multinacional), uno de cuyos miembros result\u00f3 herido la v\u00edspera durante un enfrentamiento.<\/p>\n\n\n\n<p>Mientras, la Oficina para la Coordinaci\u00f3n de Asuntos Humanitarios (OCHA) denunci\u00f3 el lunes la falta de inter\u00e9s de la comunidad internacional por el tema de los desplazados.<\/p>\n\n\n\n<p>En 2024 fue hecho un llamado para recaudar 674 millones de d\u00f3lares y dar respuesta a esta problem\u00e1tica, pero hasta ahora solo fueron recibidos 161 millones, un 25 por ciento de lo acordado, precis\u00f3 el ente en un comunicado.<\/p>\n\n\n\n<p>A despecho de la grave situaci\u00f3n con los fondos, la OCHA contin\u00faa trabajando con las agencias haitianas para brindar asistencia a las comunidades desplazadas, coment\u00f3 el diario digital Hait\u00ed Libre.<\/p>\n\n\n\n<p>Semanas atr\u00e1s, la Organizaci\u00f3n Internacional para las Migraciones (OIM) inform\u00f3 que casi 580 mil personas est\u00e1n desplazadas internamente en Hait\u00ed, debido a la inseguridad que persiste hoy en el pa\u00eds caribe\u00f1o.<\/p>\n\n\n\n<p>El jefe de la OIM en la naci\u00f3n antillana, Philippe Branchat, explic\u00f3 que la cifra aument\u00f3 en un 60 por ciento desde marzo.<\/p>\n\n\n\n<p>\u201cLa crisis interminable en Hait\u00ed est\u00e1 empujando a m\u00e1s personas a huir de sus hogares y dejarlo todo atr\u00e1s. No es algo que hagan a la ligera. De hecho, para muchos de ellos, no es la primera vez\u201d, lament\u00f3.<\/p>\n\n\n\n<p>El directivo puntualiz\u00f3 que la brutalidad de los grupos armados llev\u00f3 a m\u00e1s ciudadanos a escapar a las provincias vecinas, lo cual duplic\u00f3 el n\u00famero de desplazados en la regi\u00f3n meridional.<\/p>\n\n\n\n<p>En el \u00e1rea metropolitana de Puerto Pr\u00edncipe, dos tercios de los desplazados internos viven en campamentos improvisados con un acceso muy limitado a los servicios b\u00e1sicos.<\/p>\n\n\n\n<p>Actualmente, las escuelas y las instituciones educativas representan 39 de los 96 asentamientos de desplazados activos y acogen a 61 mil personas, lo que limita gravemente la asistencia a los colegios.<\/p>\n\n\n\n<p>En medio de este panorama, la OIM asegur\u00f3 que contin\u00faa monitoreando y respondiendo a las necesidades de estos individuos, trabajando en colaboraci\u00f3n con socios y autoridades locales para brindar asistencia humanitaria y apoyo destinado a lograr soluciones duraderas.<\/p>\n","protected":false},"excerpt":{"rendered":"<p>Aun con el despliegue de los primeros efectivos de una misi\u00f3n multinacional para apoyar a&hellip;<\/p>\n","protected":false},"author":2,"featured_media":67945,"comment_status":"open","ping_status":"open","sticky":false,"template":"","format":"standard","meta":{"footnotes":""},"categories":[52,53],"tags":[],"class_list":["post-67944","post","type-post","status-publish","format-standard","has-post-thumbnail","hentry","category-internacionales","category-prensa-latina"],"_links":{"self":[{"href":"https:\/\/eldiarioantillano.com\/uno\/wp-json\/wp\/v2\/posts\/67944","targetHints":{"allow":["GET"]}}],"collection":[{"href":"https:\/\/eldiarioantillano.com\/uno\/wp-json\/wp\/v2\/posts"}],"about":[{"href":"https:\/\/eldiarioantillano.com\/uno\/wp-json\/wp\/v2\/types\/post"}],"author":[{"embeddable":true,"href":"https:\/\/eldiarioantillano.com\/uno\/wp-json\/wp\/v2\/users\/2"}],"replies":[{"embeddable":true,"href":"https:\/\/eldiarioantillano.com\/uno\/wp-json\/wp\/v2\/comments?post=67944"}],"version-history":[{"count":1,"href":"https:\/\/eldiarioantillano.com\/uno\/wp-json\/wp\/v2\/posts\/67944\/revisions"}],"predecessor-version":[{"id":67947,"href":"https:\/\/eldiarioantillano.com\/uno\/wp-json\/wp\/v2\/posts\/67944\/revisions\/67947"}],"wp:featuredmedia":[{"embeddable":true,"href":"https:\/\/eldiarioantillano.com\/uno\/wp-json\/wp\/v2\/media\/67945"}],"wp:attachment":[{"href":"https:\/\/eldiarioantillano.com\/uno\/wp-json\/wp\/v2\/media?parent=67944"}],"wp:term":[{"taxonomy":"category","embeddable":true,"href":"https:\/\/eldiarioantillano.com\/uno\/wp-json\/wp\/v2\/categories?post=67944"},{"taxonomy":"post_tag","embeddable":true,"href":"https:\/\/eldiarioantillano.com\/uno\/wp-json\/wp\/v2\/tags?post=67944"}],"curies":[{"name":"wp","href":"https:\/\/api.w.org\/{rel}","templated":true}]}}