{"id":67933,"date":"2024-08-04T00:01:00","date_gmt":"2024-08-04T04:01:00","guid":{"rendered":"https:\/\/eldiarioantillano.com\/uno\/?p=67933"},"modified":"2024-08-03T20:20:33","modified_gmt":"2024-08-04T00:20:33","slug":"arsenio-hernandez-fortuna-participa-en-el-programa-de-tv-cara-a-cara-por-tra","status":"publish","type":"post","link":"https:\/\/eldiarioantillano.com\/uno\/2024\/08\/04\/arsenio-hernandez-fortuna-participa-en-el-programa-de-tv-cara-a-cara-por-tra\/","title":{"rendered":"Arsenio Hern\u00e1ndez Fortuna participa en el programa de TV Cara a cara por TRA"},"content":{"rendered":"\n<p>Los comunicadores Jorge Mel\u00e9ndez (desde la izq.), Marino Elzevif, Rafael Reyes Jer\u00e9z y Arsenio Hern\u00e1ndez Fortuna en un debate reciente por Teleradio Am\u00e9rica.\u00a0<br><br><br><\/p>\n","protected":false},"excerpt":{"rendered":"<p>Los comunicadores Jorge Mel\u00e9ndez (desde la izq.), Marino Elzevif, Rafael Reyes Jer\u00e9z y Arsenio Hern\u00e1ndez&hellip;<\/p>\n","protected":false},"author":2,"featured_media":67919,"comment_status":"open","ping_status":"open","sticky":false,"template":"","format":"standard","meta":{"footnotes":""},"categories":[57],"tags":[],"class_list":["post-67933","post","type-post","status-publish","format-standard","has-post-thumbnail","hentry","category-montecristi"],"_links":{"self":[{"href":"https:\/\/eldiarioantillano.com\/uno\/wp-json\/wp\/v2\/posts\/67933","targetHints":{"allow":["GET"]}}],"collection":[{"href":"https:\/\/eldiarioantillano.com\/uno\/wp-json\/wp\/v2\/posts"}],"about":[{"href":"https:\/\/eldiarioantillano.com\/uno\/wp-json\/wp\/v2\/types\/post"}],"author":[{"embeddable":true,"href":"https:\/\/eldiarioantillano.com\/uno\/wp-json\/wp\/v2\/users\/2"}],"replies":[{"embeddable":true,"href":"https:\/\/eldiarioantillano.com\/uno\/wp-json\/wp\/v2\/comments?post=67933"}],"version-history":[{"count":1,"href":"https:\/\/eldiarioantillano.com\/uno\/wp-json\/wp\/v2\/posts\/67933\/revisions"}],"predecessor-version":[{"id":67934,"href":"https:\/\/eldiarioantillano.com\/uno\/wp-json\/wp\/v2\/posts\/67933\/revisions\/67934"}],"wp:featuredmedia":[{"embeddable":true,"href":"https:\/\/eldiarioantillano.com\/uno\/wp-json\/wp\/v2\/media\/67919"}],"wp:attachment":[{"href":"https:\/\/eldiarioantillano.com\/uno\/wp-json\/wp\/v2\/media?parent=67933"}],"wp:term":[{"taxonomy":"category","embeddable":true,"href":"https:\/\/eldiarioantillano.com\/uno\/wp-json\/wp\/v2\/categories?post=67933"},{"taxonomy":"post_tag","embeddable":true,"href":"https:\/\/eldiarioantillano.com\/uno\/wp-json\/wp\/v2\/tags?post=67933"}],"curies":[{"name":"wp","href":"https:\/\/api.w.org\/{rel}","templated":true}]}}