{"id":67922,"date":"2024-08-03T00:01:00","date_gmt":"2024-08-03T04:01:00","guid":{"rendered":"https:\/\/eldiarioantillano.com\/uno\/?p=67922"},"modified":"2024-08-02T23:08:11","modified_gmt":"2024-08-03T03:08:11","slug":"biden-promete-defender-a-israel-ante-las-represalias-iranies","status":"publish","type":"post","link":"https:\/\/eldiarioantillano.com\/uno\/2024\/08\/03\/biden-promete-defender-a-israel-ante-las-represalias-iranies\/","title":{"rendered":"Biden promete defender a Israel ante las represalias iran\u00edes"},"content":{"rendered":"\n<p>1 de agosto de 2024 (EIRNS)\u2014La administraci\u00f3n Biden anunci\u00f3 hoy en voz alta que Estados Unidos defender\u00e1 a Israel \u201ccontra todas las amenazas de Ir\u00e1n\u201d, despu\u00e9s de que el asesinato israel\u00ed del l\u00edder pol\u00edtico de Ham\u00e1s, Ismail Haniyah, en Ir\u00e1n, desatara una tormenta internacional de protestas.&nbsp;<a href=\"https:\/\/www.whitehouse.gov\/briefing-room\/statements-releases\/2024\/08\/01\/readout-of-president-joe-bidens-call-with-prime-minister-netanyahu-of-israel-7\/\" target=\"_blank\" rel=\"noreferrer noopener\">La Casa Blanca emiti\u00f3 hoy una declaraci\u00f3n<\/a>&nbsp;que dice en su totalidad:<\/p>\n\n\n\n<p>\u201cEl presidente Biden habl\u00f3 hoy con el primer ministro israel\u00ed Netanyahu. El presidente reafirm\u00f3 su compromiso con la seguridad de Israel contra todas las amenazas de Ir\u00e1n, incluidos los grupos terroristas que lo representan, Ham\u00e1s, Hezbol\u00e1 y los hut\u00edes. El presidente analiz\u00f3 los esfuerzos para apoyar la defensa de Israel contra las amenazas, incluidos los misiles bal\u00edsticos y los drones, que incluyen nuevos despliegues militares defensivos estadounidenses. Junto con este compromiso con la defensa de Israel, el presidente destac\u00f3 la importancia de los esfuerzos en curso para reducir las tensiones m\u00e1s amplias en la regi\u00f3n. La vicepresidenta Harris tambi\u00e9n se uni\u00f3 a la llamada\u201d.<\/p>\n\n\n\n<p>Anteriormente, el secretario de Defensa, Lloyd Austin, afirm\u00f3 que Estados Unidos no ten\u00eda conocimiento previo del ataque contra Haniyeh ayer, pero tampoco lo denunci\u00f3 ni reconoci\u00f3 que probablemente significa que Israel tambi\u00e9n frustr\u00f3 las negociaciones de alto el fuego que Haniyeh estaba liderando del lado de Ham\u00e1s. El secretario de Estado, Tony Blinken, se pronunci\u00f3 en la misma l\u00ednea ayer.<\/p>\n\n\n\n<p>Austin, sin embargo, fue claro en que, si Israel es atacado en respuesta a sus acciones agresivas, Estados Unidos estar\u00e1 all\u00ed para defenderlo. \u201c&nbsp;<a href=\"https:\/\/www.defense.gov\/News\/Transcripts\/Transcript\/Article\/3856619\/secretary-of-defense-lloyd-j-austin-iii-off-camera-on-the-record-remarks-to-tra\/\" target=\"_blank\" rel=\"noreferrer noopener\">Si Israel es atacado, ciertamente ayudaremos\u201d, dijo a los periodistas<\/a>&nbsp;que viajaban con \u00e9l ayer en la bah\u00eda de Subic, Filipinas. \u201cY, Israel, ya nos vieron hacer eso en abril. Pueden esperar vernos hacerlo nuevamente. Pero no queremos que nada de eso suceda. Vamos a trabajar duro para asegurarnos de que, ya saben, estamos haciendo cosas para ayudar a bajar la temperatura y abordar los problemas a trav\u00e9s de medios diplom\u00e1ticos\u201d.<\/p>\n\n\n\n<p>M\u00e1s tarde, Austin habl\u00f3 por tel\u00e9fono con el ministro de Defensa israel\u00ed, Yoav Gallant. \u201cDiscutieron las amenazas que plantean a Israel una serie de grupos terroristas respaldados por Ir\u00e1n, incluido el Hezbol\u00e1 liban\u00e9s\u201d, informa el&nbsp;<a href=\"https:\/\/www.defense.gov\/News\/Releases\/Release\/Article\/3856083\/readout-of-secretary-of-defense-lloyd-j-austin-iiis-call-with-israeli-minister\/\" target=\"_blank\" rel=\"noreferrer noopener\">comunicado del Pent\u00e1gono<\/a>&nbsp;. \u201cEl secretario Austin reafirm\u00f3 su compromiso inquebrantable con la seguridad de Israel y su derecho a la leg\u00edtima defensa.<\/p>\n\n\n\n<p>Como para poner fin a la promesa de Austin de defender a Israel sin importar lo que haga, en los \u00faltimos d\u00edas han surgido numerosos informes sobre la presencia de hasta una docena de buques de guerra estadounidenses en la regi\u00f3n. El US Naval Institute&nbsp;<a href=\"https:\/\/news.usni.org\/2024\/07\/29\/usni-news-fleet-and-marine-tracker-july-29-2024\" target=\"_blank\" rel=\"noreferrer noopener\">Fleet and Marine Tracker<\/a>&nbsp;del 29 de julio informa que el buque de asalto&nbsp;<em>USS Wasp<\/em>&nbsp;se encuentra en el mar Mediterr\u00e1neo oriental despu\u00e9s de una visita al puerto de la bah\u00eda de Souda en Creta. El&nbsp;<em>Wasp<\/em>&nbsp;lidera un grupo de tres buques preparados para operaciones anfibias que incluye al&nbsp;<em>USS New York<\/em>&nbsp;y al&nbsp;<em>USS Oak Hill<\/em>&nbsp;, pero no se informa sobre el paradero de esos otros dos barcos. En conjunto, los tres barcos transportan a 2.200 marines de la 24\u00aa Unidad Expedicionaria de Marines. Tambi\u00e9n es probable que haya al menos dos destructores de la Armada de Estados Unidos en el Mar Rojo, pero no se mencionan sus nombres.<\/p>\n\n\n\n<p>Al otro lado de la Pen\u00ednsula Ar\u00e1biga, el portaaviones&nbsp;<em>USS Theodore Roosevelt<\/em>&nbsp;se encuentra en el Golfo P\u00e9rsico, escoltado por el crucero&nbsp;<em>USS Lake Erie<\/em>&nbsp;y los destructores&nbsp;<em>USS John S. McCain<\/em>&nbsp;,&nbsp;<em>USS Halsey<\/em>&nbsp;y el&nbsp;<em>USS Daniel Inouye<\/em>&nbsp;.<\/p>\n\n\n\n<p><\/p>\n","protected":false},"excerpt":{"rendered":"<p>1 de agosto de 2024 (EIRNS)\u2014La administraci\u00f3n Biden anunci\u00f3 hoy en voz alta que Estados&hellip;<\/p>\n","protected":false},"author":2,"featured_media":67923,"comment_status":"open","ping_status":"open","sticky":false,"template":"","format":"standard","meta":{"footnotes":""},"categories":[78,52],"tags":[],"class_list":["post-67922","post","type-post","status-publish","format-standard","has-post-thumbnail","hentry","category-eirns","category-internacionales"],"_links":{"self":[{"href":"https:\/\/eldiarioantillano.com\/uno\/wp-json\/wp\/v2\/posts\/67922","targetHints":{"allow":["GET"]}}],"collection":[{"href":"https:\/\/eldiarioantillano.com\/uno\/wp-json\/wp\/v2\/posts"}],"about":[{"href":"https:\/\/eldiarioantillano.com\/uno\/wp-json\/wp\/v2\/types\/post"}],"author":[{"embeddable":true,"href":"https:\/\/eldiarioantillano.com\/uno\/wp-json\/wp\/v2\/users\/2"}],"replies":[{"embeddable":true,"href":"https:\/\/eldiarioantillano.com\/uno\/wp-json\/wp\/v2\/comments?post=67922"}],"version-history":[{"count":1,"href":"https:\/\/eldiarioantillano.com\/uno\/wp-json\/wp\/v2\/posts\/67922\/revisions"}],"predecessor-version":[{"id":67926,"href":"https:\/\/eldiarioantillano.com\/uno\/wp-json\/wp\/v2\/posts\/67922\/revisions\/67926"}],"wp:featuredmedia":[{"embeddable":true,"href":"https:\/\/eldiarioantillano.com\/uno\/wp-json\/wp\/v2\/media\/67923"}],"wp:attachment":[{"href":"https:\/\/eldiarioantillano.com\/uno\/wp-json\/wp\/v2\/media?parent=67922"}],"wp:term":[{"taxonomy":"category","embeddable":true,"href":"https:\/\/eldiarioantillano.com\/uno\/wp-json\/wp\/v2\/categories?post=67922"},{"taxonomy":"post_tag","embeddable":true,"href":"https:\/\/eldiarioantillano.com\/uno\/wp-json\/wp\/v2\/tags?post=67922"}],"curies":[{"name":"wp","href":"https:\/\/api.w.org\/{rel}","templated":true}]}}