{"id":67838,"date":"2024-07-27T00:01:00","date_gmt":"2024-07-27T04:01:00","guid":{"rendered":"https:\/\/eldiarioantillano.com\/uno\/?p=67838"},"modified":"2024-07-27T13:06:56","modified_gmt":"2024-07-27T17:06:56","slug":"diputado-julito-fulcar-recibe-reconocimiento-del-ayuntamiento-de-sc","status":"publish","type":"post","link":"https:\/\/eldiarioantillano.com\/uno\/2024\/07\/27\/diputado-julito-fulcar-recibe-reconocimiento-del-ayuntamiento-de-sc\/","title":{"rendered":"Diputado Julito Fulcar recibe reconocimiento del Ayuntamiento de SC"},"content":{"rendered":"\n<p>El alcalde de San Crist\u00f3bal, Nelson de la Rosa (der. en la imagen superior), entrega una resoluci\u00f3n municipal al senador electo de la provincia Peravia por sus aportes al desarrollo de la regi\u00f3n Sur.\u00a0<\/p>\n\n\n\n<figure class=\"wp-block-image size-large\"><img fetchpriority=\"high\" decoding=\"async\" width=\"1024\" height=\"684\" src=\"https:\/\/eldiarioantillano.com\/uno\/wp-content\/uploads\/2024\/07\/IMG-20240726-WA0038-1024x684.jpg\" alt=\"\" class=\"wp-image-67839\" srcset=\"https:\/\/eldiarioantillano.com\/uno\/wp-content\/uploads\/2024\/07\/IMG-20240726-WA0038-1024x684.jpg 1024w, https:\/\/eldiarioantillano.com\/uno\/wp-content\/uploads\/2024\/07\/IMG-20240726-WA0038-300x200.jpg 300w, https:\/\/eldiarioantillano.com\/uno\/wp-content\/uploads\/2024\/07\/IMG-20240726-WA0038-768x513.jpg 768w, https:\/\/eldiarioantillano.com\/uno\/wp-content\/uploads\/2024\/07\/IMG-20240726-WA0038-1536x1025.jpg 1536w, https:\/\/eldiarioantillano.com\/uno\/wp-content\/uploads\/2024\/07\/IMG-20240726-WA0038-1170x781.jpg 1170w, https:\/\/eldiarioantillano.com\/uno\/wp-content\/uploads\/2024\/07\/IMG-20240726-WA0038-585x390.jpg 585w, https:\/\/eldiarioantillano.com\/uno\/wp-content\/uploads\/2024\/07\/IMG-20240726-WA0038-263x175.jpg 263w, https:\/\/eldiarioantillano.com\/uno\/wp-content\/uploads\/2024\/07\/IMG-20240726-WA0038.jpg 1600w\" sizes=\"(max-width: 1024px) 100vw, 1024px\" \/><figcaption class=\"wp-element-caption\">Funcionarios municipales y seguidores del diputado Julito Fulcar le acompa\u00f1an en el  acto. \n<\/figcaption><\/figure>\n\n\n\n<p><br><br><br><\/p>\n","protected":false},"excerpt":{"rendered":"<p>El alcalde de San Crist\u00f3bal, Nelson de la Rosa (der. en la imagen superior), entrega&hellip;<\/p>\n","protected":false},"author":2,"featured_media":67850,"comment_status":"open","ping_status":"open","sticky":false,"template":"","format":"standard","meta":{"footnotes":""},"categories":[55,1],"tags":[],"class_list":["post-67838","post","type-post","status-publish","format-standard","has-post-thumbnail","hentry","category-nacionales","category-uncategorized"],"_links":{"self":[{"href":"https:\/\/eldiarioantillano.com\/uno\/wp-json\/wp\/v2\/posts\/67838","targetHints":{"allow":["GET"]}}],"collection":[{"href":"https:\/\/eldiarioantillano.com\/uno\/wp-json\/wp\/v2\/posts"}],"about":[{"href":"https:\/\/eldiarioantillano.com\/uno\/wp-json\/wp\/v2\/types\/post"}],"author":[{"embeddable":true,"href":"https:\/\/eldiarioantillano.com\/uno\/wp-json\/wp\/v2\/users\/2"}],"replies":[{"embeddable":true,"href":"https:\/\/eldiarioantillano.com\/uno\/wp-json\/wp\/v2\/comments?post=67838"}],"version-history":[{"count":1,"href":"https:\/\/eldiarioantillano.com\/uno\/wp-json\/wp\/v2\/posts\/67838\/revisions"}],"predecessor-version":[{"id":67840,"href":"https:\/\/eldiarioantillano.com\/uno\/wp-json\/wp\/v2\/posts\/67838\/revisions\/67840"}],"wp:featuredmedia":[{"embeddable":true,"href":"https:\/\/eldiarioantillano.com\/uno\/wp-json\/wp\/v2\/media\/67850"}],"wp:attachment":[{"href":"https:\/\/eldiarioantillano.com\/uno\/wp-json\/wp\/v2\/media?parent=67838"}],"wp:term":[{"taxonomy":"category","embeddable":true,"href":"https:\/\/eldiarioantillano.com\/uno\/wp-json\/wp\/v2\/categories?post=67838"},{"taxonomy":"post_tag","embeddable":true,"href":"https:\/\/eldiarioantillano.com\/uno\/wp-json\/wp\/v2\/tags?post=67838"}],"curies":[{"name":"wp","href":"https:\/\/api.w.org\/{rel}","templated":true}]}}