{"id":67814,"date":"2024-07-26T00:01:00","date_gmt":"2024-07-26T04:01:00","guid":{"rendered":"https:\/\/eldiarioantillano.com\/uno\/?p=67814"},"modified":"2024-07-25T21:32:47","modified_gmt":"2024-07-26T01:32:47","slug":"habra-nublados-con-aguaceros-dispersos-tronadas-relampagos-y-rafagas-de-viento","status":"publish","type":"post","link":"https:\/\/eldiarioantillano.com\/uno\/2024\/07\/26\/habra-nublados-con-aguaceros-dispersos-tronadas-relampagos-y-rafagas-de-viento\/","title":{"rendered":"Habr\u00e1 nublados con aguaceros dispersos, tronadas, rel\u00e1mpagos y r\u00e1fagas de viento"},"content":{"rendered":"\n<p><strong>Jueves 25 de julio de 2024 a las 6:00 p.m. V\u00e1lido hasta el s\u00e1bado 27 de julio de 2024 a las 6:00 p.m.<\/strong><\/p>\n\n\n\n<p><strong>NUBLADO SOBRE GRAN PARTE DEL&nbsp; PA\u00cdS CON AGUACEROS, TRONADAS Y R\u00c1FAGAS&nbsp; DE VIENTO EN ALGUNAS LOCALIDADES, HASTA PRIMERAS HORAS DE LA NOCHE. TEMPERATURAS CALUROSAS.<\/strong><\/p>\n\n\n\n<p>Una vaguada en varios niveles de la troposfera, una onda tropical y el calentamiento diurno estar\u00e1n generando nublados hasta primeras horas de la noche, acompa\u00f1ados de aguaceros fuertes, tronadas y r\u00e1fagas de viento muy fuerte en ocasiones,&nbsp; sobre provincias de las vertientes: noroeste, norte, la cordillera Central y la zona fronteriza.&nbsp; Tales como: Monte Cristi, Dajab\u00f3n, Santiago Rodr\u00edguez, Santiago, El\u00edas Pi\u00f1a y San Juan.&nbsp; En el resto del pa\u00eds, se espera un ambiente medio nublado a nublado en ocasiones y escasas lluvias.<\/p>\n\n\n\n<p>Ma\u00f1ana&nbsp;<strong>viernes<\/strong>, la onda tropical se alejar\u00e1 de nuestra \u00e1rea y se producir\u00e1 el ingreso de una masa de aire de reducido contenido de humedad y con una mayor concentraci\u00f3n polvo del Sahara. Por esta raz\u00f3n, predominar\u00e1 en gran parte del pa\u00eds, un ambiente mayormente soleado, caluroso, brumoso y de escasas lluvias;&nbsp; solo se prev\u00e9n, &nbsp;chubascos aislados y tronadas distanciadas debido a la vaguada en los niveles altos de troposfera&nbsp; y los efectos del ciclo diurno, sobre algunos municipios de las regiones: noroeste, la zona fronteriza y la cordillera Central.&nbsp; Especialmente hacia: Monte Cristi, Dajab\u00f3n, Santiago Rodr\u00edguez, Valverde, Santiago, El\u00edas Pi\u00f1a y Barahona.<\/p>\n\n\n\n<p>Debido a la \u00e9poca de verano y la incidencia de part\u00edculas de polvo sahariano, las&nbsp;<strong>temperaturas se mantendr\u00e1n calurosas durante los pr\u00f3ximos d\u00edas<\/strong>; por este motivo el&nbsp;<strong>INDOMET mantiene<\/strong>&nbsp;la recomendaci\u00f3n a la poblaci\u00f3n de ingerir suficientes l\u00edquidos, vestir ropas ligeras, de colores claros y evitar exponerse a los rayos solares sin la debida protecci\u00f3n en horario de las 11:00 a.m. y 4:00 p.m.&nbsp;<strong>Recuerde que los ni\u00f1os y envejecientes son m\u00e1s susceptibles al calor.<\/strong><\/p>\n\n\n\n<p><strong>Distrito Nacional<\/strong>: medio nublado a nublado.<\/p>\n\n\n\n<p><strong>Santo Domingo Este<\/strong>: medio nublado a nublado.<\/p>\n\n\n\n<p><strong>Santo Domingo Norte:<\/strong>&nbsp;medio nublado a nublado.<\/p>\n\n\n\n<p><strong>Santo Domingo Oeste:&nbsp;<\/strong>medio nublado a nublado en ocasiones.<\/p>\n\n\n\n<p><strong>Temperatura m\u00ednima entre 23 \u00b0C y 25 \u00b0C y m\u00e1xima entre 32 \u00b0C y 35 \u00b0C.<\/strong><\/p>\n\n\n\n<p><strong>Resumen: mayormente nublado sobre el pa\u00eds con aguaceros, tronadas y r\u00e1fagas de viento hasta primeras horas de la noche en algunas localidades. &nbsp;Temperaturas &nbsp;calurosas. Polvo del Sahara en suspensi\u00f3n en nuestra masa de aire.<\/strong><\/p>\n\n\n\n<p><strong>El s\u00e1bado,&nbsp;<\/strong>el sistema de alta presi\u00f3n y el polvo sahariano se mantendr\u00e1 limitando las lluvias,&nbsp; ocasionando un tiempo mayormente soleado, brumoso y de altas temperaturas en nuestra \u00e1rea.&nbsp; No obstante, en horas matutinas&nbsp; y el final de la tarde, se producir\u00e1n algunos chubascos d\u00e9biles&nbsp; y tronadas aisladas sobre localidades de Hato Mayor, El Seibo, Monte Plata, Monse\u00f1or Nouel, Barahona y San Juan, asociados a los efectos locales y a una vaguada en los niveles altos de la troposfera.<\/p>\n\n\n\n<p><strong>Distrito Nacional<\/strong>: mayormente soleado y caluroso.<\/p>\n\n\n\n<p><strong>Gran Santo Domingo<\/strong>: mayormente soleado y caluroso.<\/p>\n\n\n\n<figure class=\"wp-block-table\"><table class=\"has-fixed-layout\"><tbody><tr><td><strong>PROVINCIAS<\/strong><\/td><td><strong>PRON\u00d3STICO POR LOCALIDADES<\/strong><\/td><td><strong>T. M\u00e1x. \u00b0C<\/strong><\/td><td><strong>T. Min. \u00b0C<\/strong><\/td><\/tr><tr><td><strong>Santiago<\/strong><\/td><td>Nubes dispersas a nublado en ocasiones&nbsp; con chubascos aislados.<\/td><td><strong>32\/34<\/strong><\/td><td><strong>24\/26<\/strong><\/td><\/tr><tr><td><strong>Puerto&nbsp;Plata<\/strong><\/td><td>Nubes dispersas a nublado en ocasiones.<\/td><td><strong>32\/34<\/strong><\/td><td><strong>24\/26<\/strong><\/td><\/tr><tr><td><strong>Duarte<\/strong><\/td><td>Mayormente nublado con aguaceros aislados y tronadas.<\/td><td><strong>30\/32<\/strong><\/td><td><strong>22\/24<\/strong><\/td><\/tr><tr><td><strong>Constanza<\/strong><\/td><td>Incrementos nubosos con aguaceros dispersos y tronadas.&nbsp;<\/td><td><strong>23\/25<\/strong><\/td><td><strong>15\/18<\/strong><\/td><\/tr><tr><td><strong>Peravia<\/strong><\/td><td>Nublado con chubascos aislados y posibles tronadas.<\/td><td><strong>31\/33<\/strong><\/td><td><strong>23\/25<\/strong><\/td><\/tr><tr><td><strong>San P. de Macor\u00eds<\/strong><\/td><td>Medio nublado a nublado en ocasiones.<\/td><td><strong>30\/32<\/strong><\/td><td><strong>23\/25<\/strong><\/td><\/tr><tr><td><strong>La Romana<\/strong><\/td><td>Medio nublado a nublado en ocasiones.<\/td><td><strong>30\/32<\/strong><\/td><td><strong>23\/25<\/strong><\/td><\/tr><tr><td><strong>La Vega<\/strong><\/td><td>Nublados con aguaceros&nbsp; y tronadas hasta primeras horas de la noche.<\/td><td><strong>29\/31<\/strong><\/td><td><strong>23\/25<\/strong><\/td><\/tr><tr><td><strong>Monse\u00f1or Nouel<\/strong><\/td><td>Nublados con aguaceros aislados y tronadas hasta primeras horas de la noche.<\/td><td><strong>30\/32<\/strong><\/td><td><strong>24\/26<\/strong><\/td><\/tr><tr><td><strong>San Crist\u00f3bal<\/strong><\/td><td>Incrementos nubosos con aguaceros dispersos y tronadas en la tarde.&nbsp;<\/td><td><strong>30\/32<\/strong><\/td><td><strong>23\/25<\/strong><\/td><\/tr><tr><td><strong>Saman\u00e1<\/strong><\/td><td>Incrementos nubosos con aguaceros aislados y posibles tronadas.<\/td><td><strong>29\/31<\/strong><\/td><td><strong>23\/25<\/strong><\/td><\/tr><tr><td><strong>Monte Cristi<\/strong><\/td><td>Nublados con aguaceros, tronadas y r\u00e1fagas de viento hasta primeras horas de la noche.&nbsp;<\/td><td><strong>33\/36<\/strong><\/td><td><strong>23\/25<\/strong><\/td><\/tr><tr><td><strong>Azua<\/strong><\/td><td>Medio nublado a nublado con chubascos aislados.<\/td><td><strong>31\/33<\/strong><\/td><td><strong>24\/26<\/strong><\/td><\/tr><tr><td><strong>San Juan<\/strong><\/td><td>Mayormente&nbsp; nublado con chubascos aislados.<\/td><td><strong>33\/35<\/strong><\/td><td><strong>24\/26<\/strong><\/td><\/tr><tr><td><strong>Barahona<\/strong><\/td><td>Medio nublado a nublado con chubascos aislados.<\/td><td><strong>33\/35<\/strong><\/td><td><strong>24\/26<\/strong><\/td><\/tr><tr><td><strong>La Altagracia<\/strong><\/td><td>Nubes dispersas a medio nublado en ocasiones con chubascos aislados.<\/td><td><strong>31\/33<\/strong><\/td><td><strong>21\/23<\/strong><\/td><\/tr><\/tbody><\/table><\/figure>\n\n\n\n<p><strong>Meteor\u00f3logos: Claudio Amparo \/ Eimer Bautista.<\/strong><\/p>\n","protected":false},"excerpt":{"rendered":"<p>Jueves 25 de julio de 2024 a las 6:00 p.m. V\u00e1lido hasta el s\u00e1bado 27&hellip;<\/p>\n","protected":false},"author":2,"featured_media":67815,"comment_status":"open","ping_status":"open","sticky":false,"template":"","format":"standard","meta":{"footnotes":""},"categories":[55,1],"tags":[],"class_list":["post-67814","post","type-post","status-publish","format-standard","has-post-thumbnail","hentry","category-nacionales","category-uncategorized"],"_links":{"self":[{"href":"https:\/\/eldiarioantillano.com\/uno\/wp-json\/wp\/v2\/posts\/67814","targetHints":{"allow":["GET"]}}],"collection":[{"href":"https:\/\/eldiarioantillano.com\/uno\/wp-json\/wp\/v2\/posts"}],"about":[{"href":"https:\/\/eldiarioantillano.com\/uno\/wp-json\/wp\/v2\/types\/post"}],"author":[{"embeddable":true,"href":"https:\/\/eldiarioantillano.com\/uno\/wp-json\/wp\/v2\/users\/2"}],"replies":[{"embeddable":true,"href":"https:\/\/eldiarioantillano.com\/uno\/wp-json\/wp\/v2\/comments?post=67814"}],"version-history":[{"count":1,"href":"https:\/\/eldiarioantillano.com\/uno\/wp-json\/wp\/v2\/posts\/67814\/revisions"}],"predecessor-version":[{"id":67821,"href":"https:\/\/eldiarioantillano.com\/uno\/wp-json\/wp\/v2\/posts\/67814\/revisions\/67821"}],"wp:featuredmedia":[{"embeddable":true,"href":"https:\/\/eldiarioantillano.com\/uno\/wp-json\/wp\/v2\/media\/67815"}],"wp:attachment":[{"href":"https:\/\/eldiarioantillano.com\/uno\/wp-json\/wp\/v2\/media?parent=67814"}],"wp:term":[{"taxonomy":"category","embeddable":true,"href":"https:\/\/eldiarioantillano.com\/uno\/wp-json\/wp\/v2\/categories?post=67814"},{"taxonomy":"post_tag","embeddable":true,"href":"https:\/\/eldiarioantillano.com\/uno\/wp-json\/wp\/v2\/tags?post=67814"}],"curies":[{"name":"wp","href":"https:\/\/api.w.org\/{rel}","templated":true}]}}