{"id":67750,"date":"2024-07-22T00:09:00","date_gmt":"2024-07-22T04:09:00","guid":{"rendered":"https:\/\/eldiarioantillano.com\/uno\/?p=67750"},"modified":"2024-07-21T23:15:07","modified_gmt":"2024-07-22T03:15:07","slug":"la-construccion-de-la-organizacion-partidaria-en-el-1j4","status":"publish","type":"post","link":"https:\/\/eldiarioantillano.com\/uno\/2024\/07\/22\/la-construccion-de-la-organizacion-partidaria-en-el-1j4\/","title":{"rendered":"La construcci\u00f3n de la organizaci\u00f3n partidaria en el 1J4"},"content":{"rendered":"\n<p>ART\u00cdCULO INVITADO<\/p>\n\n\n\n<p>Por AMAURYS P\u00c9REZ VARGAS<br><\/p>\n\n\n\n<p>En el a\u00f1o 2003, durante una conversaci\u00f3n con mi t\u00edo\u00a0<strong>Marino de Jes\u00fas P\u00e9rez Pe\u00f1a (Marin\u00e9)<\/strong>, me contaba ampliamente sobre su vida en El Mamey, Los Hidalgos (Puerto Plata). En un momento del di\u00e1logo, me se\u00f1al\u00f3, para mi sorpresa (no le conoc\u00eda militancia pol\u00edtica), que hab\u00eda sido vicepresidente de la Agrupaci\u00f3n Pol\u00edtica 14 de Junio en esa demarcaci\u00f3n. Esta revelaci\u00f3n fue el origen de esta investigaci\u00f3n que me permiti\u00f3 visualizar las dimensiones que tuvo el 1J4 a nivel nacional, pues en 31 de las 32 provincias que actualmente conforman la geograf\u00eda pol\u00edtica del pa\u00eds, identificamos estructuras partidarias catorcistas (con excepci\u00f3n de El\u00edas Pi\u00f1a). De igual forma, en m\u00e1s de medio centenar de municipios se establecieron sus \u00f3rganos directivos. Se trata de una representaci\u00f3n no exhaustiva, pues solo aparecen los nombres que se registraron en el peri\u00f3dico El 1J4, principal fuente de informaci\u00f3n, adem\u00e1s de los contactos personales que realiz\u00f3 mi padre\u00a0<strong>Ra\u00fal P\u00e9rez Pe\u00f1a (Bacho)<\/strong>\u00a0con antiguos militantes.<\/p>\n\n\n\n<p>En su relato sobre la din\u00e1mica interna, Marin\u00e9 me hizo entender c\u00f3mo el partido fue un espacio de relaci\u00f3n social, donde los actores sociales se encontraban, se organizaban, se distribu\u00edan labores, recaudaban fondos, discut\u00edan, etc. Para darme cuenta de la fortaleza que tuvieron, me dijo que su regi\u00f3n estaba \u201ccund\u00eda de catorcistas\u201d, ratificando lo expuesto por el Ing. Leandro Guzm\u00e1n en el sentido de que en los campos y secciones rurales de Puerto Plata y la l\u00ednea noroeste, fueron \u201clos votos de los militantes y simpatizantes del 1J4 los que le dieron el triunfo al PRD en 1962\u201d.<\/p>\n\n\n\n<p>A los fines de mostrar el deseo y el entusiasmo que albergaban los simpatizantes de poder ser parte o miembros de la Agrupaci\u00f3n, veamos lo expresado en una comunicaci\u00f3n remitida desde Manzanillo, Montecristi, el 11 de agosto de 1961, al Dr. Manuel A. Tav\u00e1rez Justo, presidente del Comit\u00e9 Ejecutivo Central de la&nbsp;<strong>AGRUPACI\u00d3N POL\u00cdTICA \u201c14 DE JUNIO\u201d<\/strong>, en la todav\u00eda Ciudad Trujillo, D. N.:<\/p>\n\n\n\n<p>\u201cDistinguido se\u00f1or Presidente: Dado el entusiasmo que reina en esta (localidad) y la firme y decidida voluntad que se advierte en todos de cooperar con la causa de Patria Libre que se ha adue\u00f1ado del pueblo dominicano, nos permitimos sugerirle a ese Comit\u00e9 que usted dignamente preside, la necesidad de autorizarnos, salvo el mejor parecer de ustedes, a la formaci\u00f3n de un comit\u00e9 regional con fines a seguir conquistando voluntades y valores humanos que fortalezcan a\u00fan m\u00e1s el cuerpo ya gigante de nuestra Agrupaci\u00f3n Pol\u00edtica\u201d.<\/p>\n\n\n\n<p>\u201cQueremos informarle que nuestros movimientos m\u00e1s bien tenemos que hacerlos casi de manera clandestina, ya que se nos persigue y se hacen llegar hasta nosotros distintos rumores con fines de amedrentarnos y hacernos paralizar nuestra pr\u00e9dica de libertad y democracia. Pero les aseguramos a ustedes que nada ni nadie nos detendr\u00e1 en nuestra bella lucha y que no daremos un paso atr\u00e1s ni como estrategia, aunque tengamos, una vez m\u00e1s, que vernos cara a cara con la muerte\u201d.<\/p>\n\n\n\n<p>\u201cContamos aqu\u00ed con un gran n\u00famero de personas valiosas dispuestas a trabajar con todo fervor patri\u00f3tico por nuestra causa, los cuales desean tambi\u00e9n desenvolverse en un clima de seguridad y confianza. Hay muchos que, aunque alcanzan a comprender el proceso evolutivo que vive en el presente nuestra Patria, muestran desconfianza por su incredulidad, hija del espanto que tal proceso les ha ocasionado. Por estas razones consideramos que para arrancar ese temor es de urgente necesidad:&nbsp;<strong>1. Formaci\u00f3n y publicaci\u00f3n de nuestro comit\u00e9 regional. 2. Material de propaganda enviado desde la capital. 3. Env\u00edo de una comisi\u00f3n para un acto p\u00fablico a celebrarse en la fecha que ustedes se\u00f1alen. 4. Suministro de 500 distintivos y 500 carnet de inscripci\u00f3n. 5. Asesoramiento general\u201d.<\/strong><\/p>\n\n\n\n<p>\u201cA pesar de los riesgos que conllevan estas actividades dado el medio apartado en que la desenvolvemos, propicio para las maquinaciones perversas que son el estandarte mal\u00e9fico de los esbirros del r\u00e9gimen imperante que nos oprime, no podemos quedarnos rezagados y queremos ofrendar el toque de nuestras dianas en el amanecer de las libertades por tanto tiempo perdidas\u201d.<\/p>\n\n\n\n<p>\u201cAseguramos a ustedes que no vacilaremos ni un solo instante y que nuestro af\u00e1n de lucha se acrecienta cada d\u00eda m\u00e1s a medida que nuestros anhelos de libertad se van vislumbrando en el cielo de la Patria, por el tes\u00f3n de la lucha por, la decisi\u00f3n y el coraje de sus nobles hijos\u201d.<\/p>\n\n\n\n<p>\u201cNuestros simpatizantes aqu\u00ed necesitan, para serles sinceros, tal y como ellos nos lo han expresado, ver algo formado en cuerpo que le ofrezca personalidad constitucional donde puedan legalmente desarrollar sus actividades y poner todo su entusiasmo patri\u00f3tico al servicio de nuestros ideales de libertad y democracia. ORDENEN USTEDES, QUE NOSOTROS EJECUTAREMOS\u201d.<\/p>\n\n\n\n<p>La misiva fue firmada por numerosos j\u00f3venes de Manzanillo, que fueron visitados el s\u00e1bado 12 de agosto de 1961 por una Comisi\u00f3n integrada por su presidente,<strong>&nbsp;Dr. Manolo Tav\u00e1rez Justo<\/strong>, el vocal, Ing. Ramiro Alfredo Manzano Bonilla, el vicepresidente del Comit\u00e9 de Santiago, central para el Cibao; Ing. Rub\u00e9n D\u00edaz Moreno, Ram\u00f3n Alberto Ferreras, encargado de propaganda; el presidente del Comit\u00e9 de Montecristi, Dr. V\u00edctor Rodr\u00edguez y el se\u00f1or Jos\u00e9 Rafael Espaillat, miembro destacado del 14 de Junio en Tamboril.<\/p>\n\n\n\n<p>Tal como se puede apreciar, la alegr\u00eda era inmensa y un viento de esperanza recorr\u00eda los territorios m\u00e1s rec\u00f3nditos del pa\u00eds, all\u00ed donde llegaba a ondear la bandera verde y negra. Con dicha visita, se trazaron los lineamientos que dejaron constituido el Comit\u00e9 Municipal del 14 de Junio en Manzanillo. En la pr\u00f3xima entrega abordaremos las estructuras nacionales del 1J4 y su capacidad organizativa.<\/p>\n\n\n\n<p>Reproducido de Hoy.com.do<\/p>\n","protected":false},"excerpt":{"rendered":"<p>ART\u00cdCULO INVITADO Por AMAURYS P\u00c9REZ VARGAS En el a\u00f1o 2003, durante una conversaci\u00f3n con mi&hellip;<\/p>\n","protected":false},"author":2,"featured_media":67751,"comment_status":"open","ping_status":"open","sticky":false,"template":"","format":"standard","meta":{"footnotes":""},"categories":[55,1],"tags":[],"class_list":["post-67750","post","type-post","status-publish","format-standard","has-post-thumbnail","hentry","category-nacionales","category-uncategorized"],"_links":{"self":[{"href":"https:\/\/eldiarioantillano.com\/uno\/wp-json\/wp\/v2\/posts\/67750","targetHints":{"allow":["GET"]}}],"collection":[{"href":"https:\/\/eldiarioantillano.com\/uno\/wp-json\/wp\/v2\/posts"}],"about":[{"href":"https:\/\/eldiarioantillano.com\/uno\/wp-json\/wp\/v2\/types\/post"}],"author":[{"embeddable":true,"href":"https:\/\/eldiarioantillano.com\/uno\/wp-json\/wp\/v2\/users\/2"}],"replies":[{"embeddable":true,"href":"https:\/\/eldiarioantillano.com\/uno\/wp-json\/wp\/v2\/comments?post=67750"}],"version-history":[{"count":1,"href":"https:\/\/eldiarioantillano.com\/uno\/wp-json\/wp\/v2\/posts\/67750\/revisions"}],"predecessor-version":[{"id":67752,"href":"https:\/\/eldiarioantillano.com\/uno\/wp-json\/wp\/v2\/posts\/67750\/revisions\/67752"}],"wp:featuredmedia":[{"embeddable":true,"href":"https:\/\/eldiarioantillano.com\/uno\/wp-json\/wp\/v2\/media\/67751"}],"wp:attachment":[{"href":"https:\/\/eldiarioantillano.com\/uno\/wp-json\/wp\/v2\/media?parent=67750"}],"wp:term":[{"taxonomy":"category","embeddable":true,"href":"https:\/\/eldiarioantillano.com\/uno\/wp-json\/wp\/v2\/categories?post=67750"},{"taxonomy":"post_tag","embeddable":true,"href":"https:\/\/eldiarioantillano.com\/uno\/wp-json\/wp\/v2\/tags?post=67750"}],"curies":[{"name":"wp","href":"https:\/\/api.w.org\/{rel}","templated":true}]}}