{"id":67747,"date":"2024-07-22T00:00:00","date_gmt":"2024-07-22T04:00:00","guid":{"rendered":"https:\/\/eldiarioantillano.com\/uno\/?p=67747"},"modified":"2024-07-21T22:44:25","modified_gmt":"2024-07-22T02:44:25","slug":"la-coalicion-internacional-por-la-paz-busca-un-consejo-de-la-razon-para-rescatar-a-un-mundo-violento","status":"publish","type":"post","link":"https:\/\/eldiarioantillano.com\/uno\/2024\/07\/22\/la-coalicion-internacional-por-la-paz-busca-un-consejo-de-la-razon-para-rescatar-a-un-mundo-violento\/","title":{"rendered":"La Coalici\u00f3n Internacional por la Paz busca un \u201cConsejo de la Raz\u00f3n\u201d para rescatar a un mundo violento"},"content":{"rendered":"\n<p>19 de julio de 2024 (EIRNS)\u2014Solo segundos despu\u00e9s de que la fundadora del Instituto Schiller, Helga Zepp-LaRouche, inaugurara hoy la 59.\u00aa reuni\u00f3n en l\u00ednea consecutiva de la Coalici\u00f3n Internacional por la Paz (IPC), la reuni\u00f3n fue objeto de una interrupci\u00f3n prolongada, un ataque que subraya la creciente importancia estrat\u00e9gica de las sesiones semanales de la IPC. Unos 30 minutos despu\u00e9s, la reuni\u00f3n se reanud\u00f3 con medidas de seguridad m\u00e1s estrictas.<\/p>\n\n\n\n<p>Cabe se\u00f1alar que hoy se suspendieron vuelos en todo el mundo, aparentemente debido a un colapso de los sistemas de Microsoft, inicialmente atribuido a una actualizaci\u00f3n de CrowdStrike, que interrumpi\u00f3 los servicios de emergencia, hospitales, bancos, aerol\u00edneas, trenes, medios de comunicaci\u00f3n y bancos tambi\u00e9n.<\/p>\n\n\n\n<p><strong>La Oficina Internacional de Asesinatos<\/strong><\/p>\n\n\n\n<p>El atentado del 13 de julio contra el expresidente de Estados Unidos y candidato presidencial republicano Donald Trump fue uno de los primeros temas de discusi\u00f3n. Helga Zepp-LaRouche record\u00f3 a los participantes que si Trump no hubiera movido la cabeza ni un cent\u00edmetro para evitar la muerte, el efecto sobre la situaci\u00f3n interna habr\u00eda sido dram\u00e1tico. Trump ha expresado su deseo de poner fin a todas las guerras del planeta, e incluso si solo hay una peque\u00f1a posibilidad de que tenga la intenci\u00f3n de hacerlo despu\u00e9s de ser elegido, esa oportunidad de paz se habr\u00eda eliminado. El profesor Cliff Kiracofe, del Instituto para la Paz y el Desarrollo de Washington, agreg\u00f3 que \u00abtenemos en nuestra historia otros intentos de asesinato contra presidentes de Estados Unidos\u00bb. En los casos de Lincoln y McKinley, el objetivo era romper el desarrollo econ\u00f3mico. Trump ha hecho en ocasiones declaraciones que recuerdan las pol\u00edticas de desarrollo econ\u00f3mico de McKinley y Henry Clay; un asesinato exitoso podr\u00eda haber bloqueado posiblemente una nueva pol\u00edtica industrial para Estados Unidos. M\u00e1s tarde, durante el debate, el activista de LaRouche Kynan Thistlethwaite llam\u00f3 la atenci\u00f3n de la gente sobre el informe de la Organizaci\u00f3n LaRouche, \u201c&nbsp;<a href=\"https:\/\/laroucheorganization.com\/sites\/default\/files\/2023-06\/202305%20TLO%20Assassination%20Bureau.pdf\" rel=\"noreferrer noopener\" target=\"_blank\">Detengan la guerra mundial de la OTAN: desmantelen la Oficina Internacional de Asesinatos<\/a>&nbsp;\u201d, publicado en febrero de 2023. Zepp-LaRouche respondi\u00f3 enumerando a muchos de los l\u00edderes pol\u00edticos, financieros y de derechos civiles que han sido asesinados desde la d\u00e9cada de 1960, diciendo que el denominador com\u00fan es que se trataba de personas que eran cruciales para sus naciones. Kiracofe agreg\u00f3 que la lista deber\u00eda incluir a los pol\u00edticos pro paz en Jap\u00f3n que fueron asesinados en la d\u00e9cada de 1930, lo que hizo inevitable una guerra mundial.<\/p>\n\n\n\n<p><strong>Diplomacia versus violencia<\/strong><\/p>\n\n\n\n<p>\u201cTodas las personas razonables piensan que hay que recurrir a la diplomacia\u201d, dijo Zepp-LaRouche, pero los l\u00edderes de la UE est\u00e1n avanzando en la direcci\u00f3n opuesta. Coment\u00f3 sobre la desafortunada reelecci\u00f3n de Ursula von der Leyen para un segundo mandato como presidenta de la Comisi\u00f3n Europea, diciendo que su discurso fue \u201ctan belicoso\u2026 compromiso incuestionable con las pol\u00edticas del gobierno israel\u00ed, no con el pueblo israel\u00ed\u201d. Von der Leyen, de hecho, calific\u00f3 la diplomacia del primer ministro h\u00fangaro Viktor Orb\u00e1n de \u201capaciguamiento\u201d y pidi\u00f3 una derrota estrat\u00e9gica de Rusia. Zepp-LaRouche mencion\u00f3 adem\u00e1s el \u201cbelicismo espeluznante\u201d de la nueva jefa de pol\u00edtica exterior de la UE (y vicepresidenta de la Comisi\u00f3n Europea) Kaja Kallas, que reemplazar\u00e1 a Josep Borrell.<\/p>\n\n\n\n<p>Jonathan Kuttab, Director Ejecutivo de&nbsp;<a href=\"https:\/\/www.fosna.org\/\" rel=\"noreferrer noopener\" target=\"_blank\">Friends of Sabeel North America\u2014A \u200b\u200bChristian Voice for Palestine (Asociaci\u00f3n de Amigos de Sabeel en Norteam\u00e9rica, una voz cristiana para Palestina)<\/a>&nbsp;y cofundador de Non-Violence International, particip\u00f3 como orador destacado en la reuni\u00f3n de hoy. Comenz\u00f3 su intervenci\u00f3n diciendo: \u201cEstoy dispuesto a decir que hay quienes tienen un inter\u00e9s personal en la violencia\u2026 Puedo hablar de graves violaciones del derecho internacional\u2026 cr\u00edmenes de guerra, genocidio\u2026 pero no voy a hacer eso\u201d. Continu\u00f3: \u201cNecesitamos absolutamente, desesperadamente, buscar otros m\u00e9todos para la resoluci\u00f3n de conflictos\u2026 necesitamos detener la demonizaci\u00f3n de los dem\u00e1s\u2026 cada movimiento de liberaci\u00f3n ha sido llamado organizaci\u00f3n terrorista\u2026\u201d. Abog\u00f3 por el di\u00e1logo con todas las partes, incluido Ham\u00e1s, diciendo: \u201cNecesitamos iniciar el proceso\u2026 estamos dispuestos a romper los tab\u00faes, estamos dispuestos a iniciar contactos\u201d.<\/p>\n\n\n\n<p>Describi\u00f3 que a fines de los a\u00f1os 1980 y principios de los a\u00f1os 1990, activistas por la paz en Israel, Estados Unidos y otros lugares llevaron a cabo una seria campa\u00f1a para instar a los pol\u00edticos a dialogar con Yasser Arafat y la Organizaci\u00f3n para la Liberaci\u00f3n de Palestina. La OLP modific\u00f3 su carta org\u00e1nica, renunci\u00f3 a la violencia, acept\u00f3 los principios del compromiso y acept\u00f3 condiciones.<\/p>\n\n\n\n<p>\u00bfHay alguna raz\u00f3n para no iniciar un proceso similar con Ham\u00e1s?<\/p>\n\n\n\n<p>Zepp-LaRouche le agradeci\u00f3 y le present\u00f3 brevemente el&nbsp;<a href=\"https:\/\/laroucheorganization.com\/article\/2024\/02\/10\/oasis-plan-larouches-solution-middle-east\" rel=\"noreferrer noopener\" target=\"_blank\">Plan Oasis de Lyndon LaRouche<\/a>&nbsp;, que est\u00e1 \u201cdando grandes pasos hacia adelante\u201d.<\/p>\n\n\n\n<p><strong>\u00bfQu\u00e9 ha sido del derecho internacional?<\/strong><\/p>\n\n\n\n<p>Richard A. Falk es profesor em\u00e9rito de derecho internacional en la Universidad de Princeton y presidente del consejo directivo de Euro-Mediterranean Human Rights Monitor. Aunque no pudo asistir en persona, present\u00f3 un v\u00eddeo en el que recordaba a los espectadores que la coalici\u00f3n del Likud y el partido religioso que lleg\u00f3 al poder en 2023 ha sido caracterizada como \u201cla m\u00e1s extremista de la historia de Israel\u201d, con la \u201cintenci\u00f3n bastante transparente de completar el proyecto sionista del Gran Israel\u201d, incluida la anexi\u00f3n de Cisjordania. A las figuras gubernamentales m\u00e1s extremistas se les dio jurisdicci\u00f3n sobre los territorios ocupados; a los colonos se les dio luz verde para aterrorizar a los palestinos. Los acontecimientos del 7 de octubre proporcionaron el pretexto para el genocidio y desviaron la atenci\u00f3n de Cisjordania, que era el n\u00facleo de la estrategia de la coalici\u00f3n. Falk describi\u00f3 esto como la segunda fase de la muerte de la soluci\u00f3n de dos Estados, siendo la primera la pol\u00edtica de asentamientos.<\/p>\n\n\n\n<p>Durante el debate, un activista inform\u00f3 sobre la sentencia del 19 de julio de la Corte Internacional de Justicia (CIJ) seg\u00fan la cual la presencia continua de Israel en el territorio palestino ocupado es ilegal y debe terminar \u201clo antes posible\u201d. Kiracofe se\u00f1al\u00f3 que esta decisi\u00f3n aborda exactamente lo que ha sido la principal cuesti\u00f3n jur\u00eddica desde 1948, cuando Estados Unidos intervino para bloquear una soluci\u00f3n de un solo Estado, una rep\u00fablica democr\u00e1tica donde los \u00e1rabes y los jud\u00edos tendr\u00edan los mismos derechos, en favor de la partici\u00f3n. \u00bfTen\u00eda la ONU autoridad legal para provocar la partici\u00f3n? La CIJ no ha podido abordar este tema hasta ahora.<\/p>\n\n\n\n<p>Elena Radu, abogada rumana, es presidenta de la&nbsp;<a href=\"https:\/\/www.facebook.com\/AsociatiaCASD\/\" rel=\"noreferrer noopener\" target=\"_blank\">Coalici\u00f3n para la Defensa del Estado de Derecho<\/a>&nbsp;. Est\u00e1 liderando una campa\u00f1a para anular el tratado firmado por el presidente de Ruman\u00eda con Ucrania, que podr\u00eda poner a Ruman\u00eda en guerra en 24 horas. La Constituci\u00f3n rumana no autoriza a un presidente a celebrar tales acuerdos, s\u00f3lo el Parlamento puede hacerlo. Un miembro del Parlamento ha iniciado una acci\u00f3n para anular el tratado, y otros 26 diputados la apoyan. Otros dos rumanos en el llamado de la CPI tambi\u00e9n se manifestaron sobre el peligro de guerra, y otros participantes instaron a la CPI a apoyar esta acci\u00f3n contra el tratado. Zepp-LaRouche pidi\u00f3 que se publicaran sus demandas.<\/p>\n\n\n\n<p>En sus comentarios finales, Zepp-LaRouche reiter\u00f3 su llamado a un \u201c&nbsp;<a href=\"https:\/\/eir.news\/2024\/07\/daily-brief\/eir-daily-news-tuesday-july-16-2024\/\" rel=\"noreferrer noopener\" target=\"_blank\">Consejo de la Raz\u00f3n<\/a>&nbsp;\u201d. Volvi\u00f3 a la imagen de Trump evitando la muerte con un peque\u00f1o movimiento de su cabeza, encontrando en ella una met\u00e1fora de la precaria situaci\u00f3n mundial: \u201cEsta es la condici\u00f3n de toda la humanidad, y si usted asume eso, entonces se levanta del sof\u00e1\u201d. En respuesta a una pregunta de un profesor canadiense sobre la cuesti\u00f3n del pesimismo, dijo: \u201cNo estoy exactamente euf\u00f3rica sobre la situaci\u00f3n mundial\u2026 \u00bfpor qu\u00e9 soy, sin embargo, optimista?\u201d. Record\u00f3 a los participantes que Gottfried Leibniz dijo que \u201cel universo est\u00e1 hecho de tal manera que un gran mal siempre evoca un bien mayor\u201d. Ese bien mayor est\u00e1 al alcance; el colonialismo comenz\u00f3 alrededor de 1500, y ahora est\u00e1 terminando, con China desempe\u00f1ando un papel cr\u00edtico. El final de 500 a\u00f1os de explotaci\u00f3n maligna abre la posibilidad del Nuevo Paradigma al que muchos de nosotros hemos dedicado nuestras vidas. Evitar otra guerra mundial no es s\u00f3lo un acto desesperado de autoconservaci\u00f3n: es la clave del \u00e9xito de ese nuevo paradigma.<\/p>\n","protected":false},"excerpt":{"rendered":"<p>19 de julio de 2024 (EIRNS)\u2014Solo segundos despu\u00e9s de que la fundadora del Instituto Schiller,&hellip;<\/p>\n","protected":false},"author":2,"featured_media":67748,"comment_status":"open","ping_status":"open","sticky":false,"template":"","format":"standard","meta":{"footnotes":""},"categories":[78,52],"tags":[],"class_list":["post-67747","post","type-post","status-publish","format-standard","has-post-thumbnail","hentry","category-eirns","category-internacionales"],"_links":{"self":[{"href":"https:\/\/eldiarioantillano.com\/uno\/wp-json\/wp\/v2\/posts\/67747","targetHints":{"allow":["GET"]}}],"collection":[{"href":"https:\/\/eldiarioantillano.com\/uno\/wp-json\/wp\/v2\/posts"}],"about":[{"href":"https:\/\/eldiarioantillano.com\/uno\/wp-json\/wp\/v2\/types\/post"}],"author":[{"embeddable":true,"href":"https:\/\/eldiarioantillano.com\/uno\/wp-json\/wp\/v2\/users\/2"}],"replies":[{"embeddable":true,"href":"https:\/\/eldiarioantillano.com\/uno\/wp-json\/wp\/v2\/comments?post=67747"}],"version-history":[{"count":1,"href":"https:\/\/eldiarioantillano.com\/uno\/wp-json\/wp\/v2\/posts\/67747\/revisions"}],"predecessor-version":[{"id":67749,"href":"https:\/\/eldiarioantillano.com\/uno\/wp-json\/wp\/v2\/posts\/67747\/revisions\/67749"}],"wp:featuredmedia":[{"embeddable":true,"href":"https:\/\/eldiarioantillano.com\/uno\/wp-json\/wp\/v2\/media\/67748"}],"wp:attachment":[{"href":"https:\/\/eldiarioantillano.com\/uno\/wp-json\/wp\/v2\/media?parent=67747"}],"wp:term":[{"taxonomy":"category","embeddable":true,"href":"https:\/\/eldiarioantillano.com\/uno\/wp-json\/wp\/v2\/categories?post=67747"},{"taxonomy":"post_tag","embeddable":true,"href":"https:\/\/eldiarioantillano.com\/uno\/wp-json\/wp\/v2\/tags?post=67747"}],"curies":[{"name":"wp","href":"https:\/\/api.w.org\/{rel}","templated":true}]}}