{"id":67743,"date":"2024-07-22T12:01:00","date_gmt":"2024-07-22T16:01:00","guid":{"rendered":"https:\/\/eldiarioantillano.com\/uno\/?p=67743"},"modified":"2024-07-21T22:24:37","modified_gmt":"2024-07-22T02:24:37","slug":"nuevo-referendo-sobre-estatus-politico-y-elecciones-generales-en-futuro-de-puerto-rico","status":"publish","type":"post","link":"https:\/\/eldiarioantillano.com\/uno\/2024\/07\/22\/nuevo-referendo-sobre-estatus-politico-y-elecciones-generales-en-futuro-de-puerto-rico\/","title":{"rendered":"Nuevo referendo sobre estatus pol\u00edtico y elecciones generales en futuro de Puerto Rico"},"content":{"rendered":"\n<p>San Juan (Prensa Latina).- Con la convocatoria del gobernador, Pedro Pierluisi, a un nuevo refer\u00e9ndum \u201ccriollo\u201d&nbsp;&nbsp;sobre el estatus pol\u00edtico de Puerto Rico, el territorio enfrentar\u00e1 otro desaf\u00edo electoral cuando concurra el pr\u00f3ximo 5 de noviembre a ejercer su voto en coincidencia con&nbsp;&nbsp;los comicios generales.<\/p>\n\n\n\n<p>La convocatoria se respalda&nbsp;&nbsp;tras&nbsp;&nbsp;la Ley 165 de 2020 que autoriz\u00f3 al gobernador&nbsp;&nbsp;para la realizaci\u00f3n de los sufragios que sean necesarios con vistas a hacer valer la voluntad de la mayor\u00eda de los electores en el plebiscito del 3 de noviembre de ese a\u00f1o.<\/p>\n\n\n\n<p>Dado que la mejor manera de exigirle acci\u00f3n al Congreso de Estados Unidos es dej\u00e1ndole saber el sentir del pueblo, informo que estoy firmando la orden ejecutiva 2024-016, as\u00ed como una proclama oficial, convocando a todos los votantes de Puerto Rico a una consulta de estatus el d\u00eda de las elecciones generales, inst\u00f3 oficialmente Pierluisi.<\/p>\n\n\n\n<p>&nbsp;Su llamamiento, de alcance local al no contar con la aprobaci\u00f3n del Gobierno estadounidense,&nbsp;&nbsp;suscit\u00f3 el descontento de sectores de la oposici\u00f3n, los cuales lo catalogaron de \u201cproceder ilegal\u201d al considerar que no deber\u00eda imponer medidas futuras de tal magnitud.<\/p>\n\n\n\n<p>En este sentido, el plebiscito comprende tres opciones no coloniales ni territoriales: la \u2018estadidad\u2019 (anexi\u00f3n a Estados Unidos), la independencia o la soberan\u00eda en libre asociaci\u00f3n.<\/p>\n\n\n\n<p>Al respecto, el gobernador boricua record\u00f3 que \u201cdebido a la&nbsp;&nbsp;ausencia de una acci\u00f3n de la Casa Blanca para resolver el problema del estatus,&nbsp;&nbsp;la isla&nbsp;&nbsp;tiene el derecho y la obligaci\u00f3n moral de continuar ejerciendo presi\u00f3n, reiterando su derecho a la autodeterminaci\u00f3n\u201d, tras d\u00e9cadas como estado libre asociado a la naci\u00f3n norte\u00f1a.<\/p>\n\n\n\n<p>Si bien existen dos proyectos de estatus (ley H.R. 2757 y S. 3231) con opciones descolonizadoras dispuestos a consideraci\u00f3n&nbsp;&nbsp;del Congreso estadounidense, aun queda por definir si el ente reconoce en alg\u00fan momento un plebiscito vinculante.<\/p>\n\n\n\n<p>Entretanto, el territorio&nbsp;puertorrique\u00f1o se debate no solo por enfrentar los retos sociales y econ\u00f3micos inmediatos, tambi\u00e9n deber\u00e1 hacer uso de la real participaci\u00f3n ciudadana en un ejercicio que medir\u00e1 los niveles de respaldo para cada una de las opciones que podr\u00edan definir el futuro de las pr\u00f3ximas generaciones.<\/p>\n\n\n\n<p>Para representantes del Partido Nuevo Progresista (PNP) se trata de otro mecanismo que insta a&nbsp;&nbsp;los electores a concurrir a las urnas mientras las formaciones pol\u00edticas opositoras han exigido que sea declarado como \u201cilegal e inconstitucional\u201d.<\/p>\n\n\n\n<p>En el caso del Partido Independentista Puertorrique\u00f1o (PIP), present\u00f3&nbsp;&nbsp;un recurso legal ante el Tribunal Supremo solicitando se declare inconstitucional la Ley 165 de 2020, al alegar que viola la separaci\u00f3n de poderes porque autoriza&nbsp;&nbsp;al mandatario ejercer funciones que entienden le corresponden a la Asamblea Legislativa.<\/p>\n\n\n\n<p>La demanda plantea, adem\u00e1s, que dicha ley quebranta la libertad de expresi\u00f3n, la igual protecci\u00f3n de las leyes y el derecho al voto, toda vez que establece que no se contar\u00e1n las papeletas en blanco, o las que se da\u00f1en a prop\u00f3sito.<\/p>\n\n\n\n<p>&nbsp;Convencidos de que el plebiscito anunciado recientemente por el gobernador es inconstitucional, enga\u00f1oso y fraudulento, el Partido Independentista Puertorrique\u00f1o ha determinado batallar contra esta convocatoria en todos los frentes, puntualiz\u00f3 Juan Dalmau, candidato a la gobernaci\u00f3n por el PIP y la Alianza de Pa\u00eds -con el Movimiento Victoria Ciudadana-.<\/p>\n\n\n\n<p>Se trata de un&nbsp;&nbsp;acto desesperado del liderato del PNP y otro intento burdo de enga\u00f1ar a los miles y miles de estadistas que sienten verg\u00fcenza e indignaci\u00f3n por d\u00e9cadas de mal gobierno y corrupci\u00f3n a manos del PNP y que ya no se ven representados por esa colectividad, subray\u00f3.<\/p>\n\n\n\n<p>Ante tal postura, la comisionada residente y presidenta del PNP,&nbsp;&nbsp;Jenniffer Gonz\u00e1lez, tild\u00f3 como un acto de hipocres\u00eda la oposici\u00f3n manifestada por el PPD a la consulta de estatus y, con relaci\u00f3n a la determinaci\u00f3n de la Junta de Gobierno de la Pava de protestar dejando esa papeleta en blanco, asegur\u00f3&nbsp;&nbsp;que se trata de una \u201coposici\u00f3n selectiva y acomodaticia\u201d.<\/p>\n\n\n\n<p>L\u00edderes de la colectividad tambi\u00e9n desde\u00f1aron el refer\u00e9ndum, considerado una \u201cardid electorero del PNP para movilizar a sus electores en noviembre\u201d como consecuencia del descr\u00e9dito y la tendencia de p\u00e9rdida de apoyo electoral que sufre esa bancada actualmente.<\/p>\n","protected":false},"excerpt":{"rendered":"<p>San Juan (Prensa Latina).- Con la convocatoria del gobernador, Pedro Pierluisi, a un nuevo refer\u00e9ndum&hellip;<\/p>\n","protected":false},"author":2,"featured_media":67744,"comment_status":"open","ping_status":"open","sticky":false,"template":"","format":"standard","meta":{"footnotes":""},"categories":[52,53],"tags":[],"class_list":["post-67743","post","type-post","status-publish","format-standard","has-post-thumbnail","hentry","category-internacionales","category-prensa-latina"],"_links":{"self":[{"href":"https:\/\/eldiarioantillano.com\/uno\/wp-json\/wp\/v2\/posts\/67743","targetHints":{"allow":["GET"]}}],"collection":[{"href":"https:\/\/eldiarioantillano.com\/uno\/wp-json\/wp\/v2\/posts"}],"about":[{"href":"https:\/\/eldiarioantillano.com\/uno\/wp-json\/wp\/v2\/types\/post"}],"author":[{"embeddable":true,"href":"https:\/\/eldiarioantillano.com\/uno\/wp-json\/wp\/v2\/users\/2"}],"replies":[{"embeddable":true,"href":"https:\/\/eldiarioantillano.com\/uno\/wp-json\/wp\/v2\/comments?post=67743"}],"version-history":[{"count":1,"href":"https:\/\/eldiarioantillano.com\/uno\/wp-json\/wp\/v2\/posts\/67743\/revisions"}],"predecessor-version":[{"id":67745,"href":"https:\/\/eldiarioantillano.com\/uno\/wp-json\/wp\/v2\/posts\/67743\/revisions\/67745"}],"wp:featuredmedia":[{"embeddable":true,"href":"https:\/\/eldiarioantillano.com\/uno\/wp-json\/wp\/v2\/media\/67744"}],"wp:attachment":[{"href":"https:\/\/eldiarioantillano.com\/uno\/wp-json\/wp\/v2\/media?parent=67743"}],"wp:term":[{"taxonomy":"category","embeddable":true,"href":"https:\/\/eldiarioantillano.com\/uno\/wp-json\/wp\/v2\/categories?post=67743"},{"taxonomy":"post_tag","embeddable":true,"href":"https:\/\/eldiarioantillano.com\/uno\/wp-json\/wp\/v2\/tags?post=67743"}],"curies":[{"name":"wp","href":"https:\/\/api.w.org\/{rel}","templated":true}]}}