{"id":67739,"date":"2024-07-22T00:03:00","date_gmt":"2024-07-22T04:03:00","guid":{"rendered":"https:\/\/eldiarioantillano.com\/uno\/?p=67739"},"modified":"2024-07-21T22:58:57","modified_gmt":"2024-07-22T02:58:57","slug":"reflexion-obligada","status":"publish","type":"post","link":"https:\/\/eldiarioantillano.com\/uno\/2024\/07\/22\/reflexion-obligada\/","title":{"rendered":"Reflexi\u00f3n obligada"},"content":{"rendered":"\n<p><strong>Por NARCISO ISA CONDE<\/strong><\/p>\n\n\n\n<p>Las izquierdas participantes y el progresismo electoralista est\u00e1n emplazadas a una reflexi\u00f3n constructiva sobre su concurrencia a las votaciones recientes.<\/p>\n\n\n\n<p>Las reglas vigentes del juego electoral sustentan una desigualdad espantosa y un ventajismo colosal. Aceptarlas sin impugnarlas ha sido un grave error; m\u00e1s despu\u00e9s de lo vivido y sufrido por ellas en esos escenarios monopolizados y tramposos, trituradores de minor\u00edas sin grandes recursos.<\/p>\n\n\n\n<p>Otros asuntos a examinar son los contenidos de la pol\u00edtica asumida, porque frente a derechas inescrupulosas, entreguistas, neoconservadoras y hasta fascistoides, en el marco de un sistema podrido y brutalmente desigual, con un empresariado voraz, una clase pol\u00edtica desacreditada y un imperio implacable e interventor, los pactos con esas fuerzas, la derechizaci\u00f3n y la escasa diferenciaci\u00f3n, perjudican a quienes, como izquierdas u otra denominaci\u00f3n, optaron por meterse en esa fosa.<\/p>\n\n\n\n<p>La reflexi\u00f3n cr\u00edtica y autocr\u00edtica debe incursionar en la forma de hacer y relacionarse en pol\u00edtica de cara a las nuevas generaciones y ante la vertiginosa evoluci\u00f3n tecnol\u00f3gica del dominio del gran capital y de su contrarrevoluci\u00f3n cultural ultra conservadora.<\/p>\n\n\n\n<p>Esto obliga a una actitud radicalmente transformadora. Pero la verdad es que, en estos comicios, representantes de dos agrupaciones neofascistas minoritarias se expresaron con m\u00e1s radicalidad que el progresismo y esas izquierdas.<\/p>\n\n\n\n<p>Con su neofascismo populista y ultra nacionalista condenaron m\u00e1s categ\u00f3ricamente a los pol\u00edticos tradicionales, al gobierno y empresarios corruptos, y eso podr\u00eda explicar, en parte, que le fuera mejorcito.<\/p>\n\n\n\n<p>Incluso Virginia Antares, joven candidata presidencial, se expres\u00f3 con m\u00e1s profundidad y m\u00e1s a la izquierda que las izquierdas contaminadas por un progresismo inocuo, y avanz\u00f3 alguito m\u00e1s. Estoy seguro que le hubiera ido mejor si su partido no hubiera pactado en otros niveles con una oposici\u00f3n perversa y desacreditada.<\/p>\n\n\n\n<p>Guillermo Moreno cosech\u00f3 su fracaso terminal por pactar con el PRM, sum\u00e1ndose a la candidatura empresarial, neoliberal y pro colonialista de Abinader.<\/p>\n\n\n\n<p>En el Movimiento Caama\u00f1ista-MC hace tiempo aprendimos de nuestros tropezones con la trampa electoral, sufridos cuando nos mentimos en ella como PCD y FR, ya solos o en unidad con otras izquierdas. Y esto no es para ufanarse, porque m\u00e1s all\u00e1 del acierto pol\u00edtico, son profundas nuestras debilidades a superar. Por su parte, FR y MPD al final lograron evadir ese matadero.<\/p>\n\n\n\n<p>La reflexi\u00f3n cr\u00edtica y autocr\u00edtica debe comenzar por ah\u00ed, profundizar y concluir con la decisi\u00f3n de proponernos refundar y unificar las fuerzas transformadoras, subvertir el sistema por otra v\u00eda y con formas de lucha que impliquen crear poder popular para reconstituir el Estado, su Constituci\u00f3n, sus leyes y sus reglas de juego.<\/p>\n","protected":false},"excerpt":{"rendered":"<p>Por NARCISO ISA CONDE Las izquierdas participantes y el progresismo electoralista est\u00e1n emplazadas a una&hellip;<\/p>\n","protected":false},"author":2,"featured_media":64149,"comment_status":"open","ping_status":"open","sticky":false,"template":"","format":"standard","meta":{"footnotes":""},"categories":[55,77,51],"tags":[],"class_list":["post-67739","post","type-post","status-publish","format-standard","has-post-thumbnail","hentry","category-nacionales","category-narciso-isa-conde","category-opinion"],"_links":{"self":[{"href":"https:\/\/eldiarioantillano.com\/uno\/wp-json\/wp\/v2\/posts\/67739","targetHints":{"allow":["GET"]}}],"collection":[{"href":"https:\/\/eldiarioantillano.com\/uno\/wp-json\/wp\/v2\/posts"}],"about":[{"href":"https:\/\/eldiarioantillano.com\/uno\/wp-json\/wp\/v2\/types\/post"}],"author":[{"embeddable":true,"href":"https:\/\/eldiarioantillano.com\/uno\/wp-json\/wp\/v2\/users\/2"}],"replies":[{"embeddable":true,"href":"https:\/\/eldiarioantillano.com\/uno\/wp-json\/wp\/v2\/comments?post=67739"}],"version-history":[{"count":1,"href":"https:\/\/eldiarioantillano.com\/uno\/wp-json\/wp\/v2\/posts\/67739\/revisions"}],"predecessor-version":[{"id":67740,"href":"https:\/\/eldiarioantillano.com\/uno\/wp-json\/wp\/v2\/posts\/67739\/revisions\/67740"}],"wp:featuredmedia":[{"embeddable":true,"href":"https:\/\/eldiarioantillano.com\/uno\/wp-json\/wp\/v2\/media\/64149"}],"wp:attachment":[{"href":"https:\/\/eldiarioantillano.com\/uno\/wp-json\/wp\/v2\/media?parent=67739"}],"wp:term":[{"taxonomy":"category","embeddable":true,"href":"https:\/\/eldiarioantillano.com\/uno\/wp-json\/wp\/v2\/categories?post=67739"},{"taxonomy":"post_tag","embeddable":true,"href":"https:\/\/eldiarioantillano.com\/uno\/wp-json\/wp\/v2\/tags?post=67739"}],"curies":[{"name":"wp","href":"https:\/\/api.w.org\/{rel}","templated":true}]}}