{"id":67730,"date":"2024-07-21T00:02:00","date_gmt":"2024-07-21T04:02:00","guid":{"rendered":"https:\/\/eldiarioantillano.com\/uno\/?p=67730"},"modified":"2024-07-20T21:52:48","modified_gmt":"2024-07-21T01:52:48","slug":"trump-elige-a-un-protegido-de-peter-thiel-como-companero-de-formula-para-vicepresidente","status":"publish","type":"post","link":"https:\/\/eldiarioantillano.com\/uno\/2024\/07\/21\/trump-elige-a-un-protegido-de-peter-thiel-como-companero-de-formula-para-vicepresidente\/","title":{"rendered":"Trump elige a un protegido de Peter Thiel como compa\u00f1ero de f\u00f3rmula para vicepresidente"},"content":{"rendered":"\n<p>18 de julio de 2024 (EIRNS)\u2014El 15 de julio, dos d\u00edas despu\u00e9s de haber sobrevivido a un intento de asesinato, Donald Trump eligi\u00f3 al senador estadounidense JD Vance de Ohio como su compa\u00f1ero de f\u00f3rmula para la vicepresidencia en las elecciones de noviembre de 2024. El infame Peter Thiel ha desempe\u00f1ado un papel clave en la promoci\u00f3n de la carrera pol\u00edtica de Vance.&nbsp;<em>EIR.news<\/em>&nbsp;tom\u00f3 nota de esto cuando Vance gan\u00f3 las primarias republicanas de 2022 para el Senado de los EE. UU. en Ohio, lo que lanz\u00f3 a Vance al escenario nacional. Rene\u00e9 Sigerson escribi\u00f3 sobre la intervenci\u00f3n costosa de Thiel para lograr que Vance fuera candidato al Senado:&nbsp;<a href=\"https:\/\/eir.news\/2022\/05\/news\/the-real-story-on-peter-thiel-and-the-ohio-primary-not-the-new-york-times-version\/\" target=\"_blank\" rel=\"noreferrer noopener\">\u201cLa verdadera historia sobre Peter Thiel y las primarias de Ohio, no la&nbsp;versi\u00f3n&nbsp;<\/a><em><u><a href=\"https:\/\/eir.news\/2022\/05\/news\/the-real-story-on-peter-thiel-and-the-ohio-primary-not-the-new-york-times-version\/\" target=\"_blank\" rel=\"noreferrer noopener\">del New York Times \u201d.<\/a><\/u><\/em><\/p>\n\n\n\n<p>Vance, un republicano de 39 a\u00f1os, que ahora est\u00e1 en su primer mandato en el Senado, se cri\u00f3 en Ohio, al norte de Cincinnati, pero todav\u00eda en el \u201cValle del [r\u00edo] Ohio\u201d y su madre y su familia eran del lado de Kentucky en el Valle de Ohio. Se hizo famoso con sus memorias, el bestseller de 2016&nbsp;<em>Hillbilly Elegy<\/em>&nbsp;, una especie de romance de la historia personal de la pobreza de los Apalaches, donde relata el alcoholismo y el abuso de sus abuelos, y la historia de adicci\u00f3n a las drogas y relaciones fallidas de su madre inestable. Los abuelos de Vance finalmente se reconciliaron y se convirtieron en sus tutores de facto. La estricta pero amorosa abuela de Vance lo presion\u00f3, y finalmente Vance pudo dejar Middletown para asistir a la Universidad Estatal de Ohio y la Facultad de Derecho de Yale. Fue editor del&nbsp;<em>Yale Law Journal<\/em>&nbsp;y se gradu\u00f3 en 2013 con un t\u00edtulo de doctor en derecho.<\/p>\n\n\n\n<p>Como la lecci\u00f3n moral del libro es que la estabilidad familiar es esencial para la movilidad ascendente, Vance, jugando la carta de la pol\u00edtica de identidades, se gan\u00f3 la reputaci\u00f3n de ser alguien que pod\u00eda ayudar a explicar el atractivo de Trump en la clase media estadounidense, especialmente entre los votantes blancos de clase trabajadora y rurales que lo ayudaron a ganar la presidencia. El&nbsp;colaborador y bloguero&nbsp;<em>de American Conservative , Rod Dreher, expres\u00f3 su admiraci\u00f3n por&nbsp;Hillbilly Elegy<\/em>&nbsp;y el columnista&nbsp;<em>del New York Post<\/em>&nbsp;y editor neoconservador de&nbsp;<em>Commentary<\/em>&nbsp;, John Podhoretz, describi\u00f3 el libro como uno de los m\u00e1s provocativos del a\u00f1o. (Los residentes e historiadores del valle de Ohio que viven desde hace mucho tiempo tienen un punto de vista diferente).<\/p>\n\n\n\n<p>Mientras promocionaba su libro, Vance mostr\u00f3 desd\u00e9n por el entonces candidato Trump, a quien llam\u00f3 un \u201cdesastre moral\u201d, comparando su candidatura con una \u201chero\u00edna cultural\u201d. Entre 2016 y 2017, se desempe\u00f1\u00f3 como director de Mithril Capital, una firma de inversi\u00f3n global fundada por Ajay Royan y Peter Thiel, en ese momento partidario de Trump. Los v\u00ednculos de Vance con Thiel comenzaron en 2011, cuando Thiel dio una charla en la Facultad de Derecho de Yale, donde Vance era estudiante, sobre el \u201cestancamiento\u201d de la innovaci\u00f3n tecnol\u00f3gica en los EE. UU. \u201cPosiblemente era la persona m\u00e1s inteligente que hab\u00eda conocido\u201d, escribi\u00f3 Vance m\u00e1s tarde sobre ese d\u00eda. Vance le atribuye a Thiel su propia conversi\u00f3n posterior al cristianismo y su ingreso a la iglesia cat\u00f3lica a los 35 a\u00f1os. \u201cDesafi\u00f3 el modelo social que hab\u00eda construido: que las personas tontas eran cristianas y las inteligentes ateas\u201d, escribi\u00f3 Vance.<\/p>\n\n\n\n<p>En 2019, Vance cofund\u00f3 Narya Capital en Cincinnati con el respaldo financiero de Thiel, Eric Schmidt de Google y Alphabeth, y el magnate de Silicon Valley Marc Andreessen. En 2020, Vance recaud\u00f3 93 millones de d\u00f3lares para la firma. Junto con Thiel y el ex asesor de Trump Darren Blanton, Vance ha invertido en Rumble, una plataforma canadiense de videos en l\u00ednea popular entre la derecha pol\u00edtica.<\/p>\n\n\n\n<p>Cuando Vance decidi\u00f3 postularse para el Senado de Estados Unidos, Thiel fue su mayor donante en la carrera al Senado de 2022, donando 15 millones de d\u00f3lares a un super-PAC que lo respald\u00f3 y asegur\u00e1ndose de que Vance ganara las primarias. Tambi\u00e9n present\u00f3 a Vance a Trump por primera vez en el club de golf de Palm Beach de este \u00faltimo, Mar-a-Lago. Vance dej\u00f3 Narya despu\u00e9s de ser elegido para el Senado, momento en el que hab\u00eda acumulado participaciones en m\u00e1s de 100 empresas emergentes, seg\u00fan los registros federales que mostraban los intereses financieros de Vance ese a\u00f1o. Muchas de ellas son empresas que Thiel fund\u00f3 o respald\u00f3. Vance tiene una postura positiva sobre las criptomonedas, y posee hasta 250.000 d\u00f3lares en bitcoins en 2022, seg\u00fan las revelaciones m\u00e1s recientes del Senado. Los fundadores de Andreessen Horowitz, Marc Andreessen y Ben Horowitz, cuyo fondo ha hecho una apuesta de 8.000 millones de d\u00f3lares en criptomonedas, se manifestaron p\u00fablicamente en apoyo de Trump por primera vez el 16 de julio.<\/p>\n\n\n\n<p>Elon Musk y Thiel han cofundado \u201cAmerica PAC\u201d, un nuevo Super PAC (un \u201ccomit\u00e9 de acci\u00f3n pol\u00edtica\u201d que, entre otras cosas, recauda donaciones) creado para apoyar a Trump. Los dos hombres recurrieron en gran medida a sus redes para lograrlo. Uno de los directores del fondo es Joe Lonsdale, cofundador con Thiel de la start-up de procesamiento de datos e inteligencia Palantir, que contribuy\u00f3 personalmente con un mill\u00f3n de d\u00f3lares al Super PAC.<\/p>\n\n\n\n<p>En 2023, Business Insider revel\u00f3 que Thiel se hab\u00eda convertido en una \u00abfuente humana confidencial\u00bb para un agente del FBI con sede en Los \u00c1ngeles llamado Johnathan Buma, supuestamente a partir de 2021. Si bien Thiel alguna vez fue un partidario de alto perfil del expresidente Donald Trump, sujeto de m\u00faltiples investigaciones del FBI, se dice que el acuerdo excluy\u00f3 cualquier informaci\u00f3n sobre los contactos pol\u00edticos internos de Thiel. Insider dice que se centr\u00f3 en cambio en \u00abcontactos extranjeros e intrigas de Silicon Valley\u00bb, incluidas potencialmente operaciones de influencia extranjera (china) en la industria tecnol\u00f3gica.<\/p>\n\n\n\n<p>&#8230;<\/p>\n\n\n\n<p><\/p>\n","protected":false},"excerpt":{"rendered":"<p>18 de julio de 2024 (EIRNS)\u2014El 15 de julio, dos d\u00edas despu\u00e9s de haber sobrevivido&hellip;<\/p>\n","protected":false},"author":2,"featured_media":67731,"comment_status":"open","ping_status":"open","sticky":false,"template":"","format":"standard","meta":{"footnotes":""},"categories":[78,52],"tags":[],"class_list":["post-67730","post","type-post","status-publish","format-standard","has-post-thumbnail","hentry","category-eirns","category-internacionales"],"_links":{"self":[{"href":"https:\/\/eldiarioantillano.com\/uno\/wp-json\/wp\/v2\/posts\/67730","targetHints":{"allow":["GET"]}}],"collection":[{"href":"https:\/\/eldiarioantillano.com\/uno\/wp-json\/wp\/v2\/posts"}],"about":[{"href":"https:\/\/eldiarioantillano.com\/uno\/wp-json\/wp\/v2\/types\/post"}],"author":[{"embeddable":true,"href":"https:\/\/eldiarioantillano.com\/uno\/wp-json\/wp\/v2\/users\/2"}],"replies":[{"embeddable":true,"href":"https:\/\/eldiarioantillano.com\/uno\/wp-json\/wp\/v2\/comments?post=67730"}],"version-history":[{"count":1,"href":"https:\/\/eldiarioantillano.com\/uno\/wp-json\/wp\/v2\/posts\/67730\/revisions"}],"predecessor-version":[{"id":67732,"href":"https:\/\/eldiarioantillano.com\/uno\/wp-json\/wp\/v2\/posts\/67730\/revisions\/67732"}],"wp:featuredmedia":[{"embeddable":true,"href":"https:\/\/eldiarioantillano.com\/uno\/wp-json\/wp\/v2\/media\/67731"}],"wp:attachment":[{"href":"https:\/\/eldiarioantillano.com\/uno\/wp-json\/wp\/v2\/media?parent=67730"}],"wp:term":[{"taxonomy":"category","embeddable":true,"href":"https:\/\/eldiarioantillano.com\/uno\/wp-json\/wp\/v2\/categories?post=67730"},{"taxonomy":"post_tag","embeddable":true,"href":"https:\/\/eldiarioantillano.com\/uno\/wp-json\/wp\/v2\/tags?post=67730"}],"curies":[{"name":"wp","href":"https:\/\/api.w.org\/{rel}","templated":true}]}}