{"id":67726,"date":"2024-07-21T00:02:00","date_gmt":"2024-07-21T04:02:00","guid":{"rendered":"https:\/\/eldiarioantillano.com\/uno\/?p=67726"},"modified":"2024-07-20T21:57:45","modified_gmt":"2024-07-21T01:57:45","slug":"coopnama-firma-acuerdo-con-empresa-colombiana-para-mejorar-sus-finanzas","status":"publish","type":"post","link":"https:\/\/eldiarioantillano.com\/uno\/2024\/07\/21\/coopnama-firma-acuerdo-con-empresa-colombiana-para-mejorar-sus-finanzas\/","title":{"rendered":"Coopnama firma acuerdo con empresa colombiana para mejorar sus finanzas"},"content":{"rendered":"\n<p>La compa\u00f1\u00eda Garant\u00edas Comunitarias aportar\u00e1 nuevas tecnolog\u00edas y asesoramiento a la Cooperativa de Maestros para administrar sus recursos. De izquierda a derecha: Lucas F. Lapaix, gerente general; Carlos Rojas, por GC, y el profesor Santiago Portes, presidente del consejo de administraci\u00f3n, mientras firman el acuerdo.\u00a0<\/p>\n\n\n\n<figure class=\"wp-block-image size-large\"><img fetchpriority=\"high\" decoding=\"async\" width=\"1024\" height=\"680\" src=\"https:\/\/eldiarioantillano.com\/uno\/wp-content\/uploads\/2024\/07\/IMG-20240719-WA0020-1024x680.jpg\" alt=\"\" class=\"wp-image-67728\" srcset=\"https:\/\/eldiarioantillano.com\/uno\/wp-content\/uploads\/2024\/07\/IMG-20240719-WA0020-1024x680.jpg 1024w, https:\/\/eldiarioantillano.com\/uno\/wp-content\/uploads\/2024\/07\/IMG-20240719-WA0020-300x199.jpg 300w, https:\/\/eldiarioantillano.com\/uno\/wp-content\/uploads\/2024\/07\/IMG-20240719-WA0020-768x510.jpg 768w, https:\/\/eldiarioantillano.com\/uno\/wp-content\/uploads\/2024\/07\/IMG-20240719-WA0020-1536x1020.jpg 1536w, https:\/\/eldiarioantillano.com\/uno\/wp-content\/uploads\/2024\/07\/IMG-20240719-WA0020-1170x777.jpg 1170w, https:\/\/eldiarioantillano.com\/uno\/wp-content\/uploads\/2024\/07\/IMG-20240719-WA0020-585x388.jpg 585w, https:\/\/eldiarioantillano.com\/uno\/wp-content\/uploads\/2024\/07\/IMG-20240719-WA0020-263x175.jpg 263w, https:\/\/eldiarioantillano.com\/uno\/wp-content\/uploads\/2024\/07\/IMG-20240719-WA0020.jpg 1600w\" sizes=\"(max-width: 1024px) 100vw, 1024px\" \/><figcaption class=\"wp-element-caption\">Santiago Portes y otros ejecutivos de Coopnama asisten al primer encuentro de capacitaci\u00f3n con expertos<br> de la compa\u00f1\u00eda colombiana Garant\u00edas Comunitarias. <br><\/figcaption><\/figure>\n\n\n\n<p><br><br><br><\/p>\n","protected":false},"excerpt":{"rendered":"<p>La compa\u00f1\u00eda Garant\u00edas Comunitarias aportar\u00e1 nuevas tecnolog\u00edas y asesoramiento a la Cooperativa de Maestros para&hellip;<\/p>\n","protected":false},"author":2,"featured_media":67727,"comment_status":"open","ping_status":"open","sticky":false,"template":"","format":"standard","meta":{"footnotes":""},"categories":[55],"tags":[],"class_list":["post-67726","post","type-post","status-publish","format-standard","has-post-thumbnail","hentry","category-nacionales"],"_links":{"self":[{"href":"https:\/\/eldiarioantillano.com\/uno\/wp-json\/wp\/v2\/posts\/67726","targetHints":{"allow":["GET"]}}],"collection":[{"href":"https:\/\/eldiarioantillano.com\/uno\/wp-json\/wp\/v2\/posts"}],"about":[{"href":"https:\/\/eldiarioantillano.com\/uno\/wp-json\/wp\/v2\/types\/post"}],"author":[{"embeddable":true,"href":"https:\/\/eldiarioantillano.com\/uno\/wp-json\/wp\/v2\/users\/2"}],"replies":[{"embeddable":true,"href":"https:\/\/eldiarioantillano.com\/uno\/wp-json\/wp\/v2\/comments?post=67726"}],"version-history":[{"count":1,"href":"https:\/\/eldiarioantillano.com\/uno\/wp-json\/wp\/v2\/posts\/67726\/revisions"}],"predecessor-version":[{"id":67729,"href":"https:\/\/eldiarioantillano.com\/uno\/wp-json\/wp\/v2\/posts\/67726\/revisions\/67729"}],"wp:featuredmedia":[{"embeddable":true,"href":"https:\/\/eldiarioantillano.com\/uno\/wp-json\/wp\/v2\/media\/67727"}],"wp:attachment":[{"href":"https:\/\/eldiarioantillano.com\/uno\/wp-json\/wp\/v2\/media?parent=67726"}],"wp:term":[{"taxonomy":"category","embeddable":true,"href":"https:\/\/eldiarioantillano.com\/uno\/wp-json\/wp\/v2\/categories?post=67726"},{"taxonomy":"post_tag","embeddable":true,"href":"https:\/\/eldiarioantillano.com\/uno\/wp-json\/wp\/v2\/tags?post=67726"}],"curies":[{"name":"wp","href":"https:\/\/api.w.org\/{rel}","templated":true}]}}